{"id":57359,"date":"2024-07-22T17:45:28","date_gmt":"2024-07-22T15:45:28","guid":{"rendered":"https:\/\/imagazine.it\/home_desk\/?p=57359"},"modified":"2024-07-23T16:40:43","modified_gmt":"2024-07-23T14:40:43","slug":"marcia-alessio-coppola-dominatore-deuropa","status":"publish","type":"post","link":"https:\/\/imagazine.it\/home_desk\/marcia-alessio-coppola-dominatore-deuropa\/","title":{"rendered":"Marcia: Alessio Coppola dominatore d&#8217;Europa"},"content":{"rendered":"<p><em><span style=\"font-size: 10pt;\">(\u00a9 Fidal \/ Grana)<\/span><\/em><\/p>\n<p>BANSKA BYSTRICA (SLOVACCHIA) \u2013 Il marciatore triestino <strong>Alessio Coppola<\/strong> ha vinto\u00a0la <strong>medaglia d\u2019oro sui 5000 m di marcia<\/strong> nella giornata conclusiva degli <strong>Europei Under 18<\/strong>.<\/p>\n<p>\u201cIl caldo era veramente soffocante e negli ultimi cinque giorni le mie gambe non giravano\u00a0a dovere. Al di l\u00e0 dell\u2019aspetto fisico ho dovuto soprattutto fronteggiare le pressioni di dover\u00a0vincere da leader europeo e di onorare il ruolo di capitano della Nazionale, che i tecnici mi hanno assegnato\u201d, racconta Coppola.<\/p>\n<p>\u201cMi faccio un plauso \u2013 aggiunge il campione europeo \u2013 perch\u00e9 non sentendomi fluido dai primi metri, sono riuscito a non scompormi e a gestire avversari e sforzo al meglio. Poi sugli spalti c\u2019erano mamma, pap\u00e0, sorella e il mio amico, nonch\u00e9 compagno di squadra Alessio\u00a0Rusconi, e volevo farli saltare di gioia. Ora far\u00f2 una settimana di stacco e poi vediamo se arriver\u00e0 la convocazione per i Mondiali under 20 di Lima (Per\u00f9), dal 26 al 31 agosto\u201d.<\/p>\n<p>\u201cIn questi Europei \u2013 sottolinea il tecnico <strong>Diego Cafagna<\/strong>, presente a bordo pista come tecnico della nazionale \u2013 Alessio ha dato veramente spettacolo, sfoderando una prestazione tecnica, fisica e mentale ineccepibile. Non c\u2019\u00e8 stata alcuna ammonizione e soprattutto si \u00e8 vista una grande capacit\u00e0 di gestire la pressione di essere il favorito e il capitano della\u00a0Nazionale. Posso solo essere orgoglioso di aver cresciuto questo talento fin dalla categoria esordienti\u201d.<\/p>\n<h3>LA GARA<\/h3>\n<p>L\u2019azzurrino, portacolori dell\u2019Asd Trieste Atletica Aps e alla seconda esperienza in Nazionale dopo aver partecipato alla Coppa del Mondo a squadre under 20 la scorsa primavera,\u00a0con il crono di 20:54.01, timbrato all\u2019ultima rassegna tricolore di Molfetta, si \u00e8 presentato in\u00a0Slovacchia da n.1 del ranking europeo e non ha fallito.<\/p>\n<p>Subito dopo lo sparo Coppola ha preso il comando delle operazioni, guidando il gruppo gi\u00e0 allungato.<\/p>\n<p>Dopo 2 km, per\u00f2, si sono ricompattati in 10 marciatori davanti ma l\u2019allievo di Diego Cafagna non si \u00e8 scomposto. L\u2019afa e due irlandesi arrembanti che hanno provato a mettere il naso davanti non hanno scombinato i piani dell\u2019azzurro che, negli ultimi 2000 m, ha alzato nuovamente i giri del suo motore, sfoderando delle accelerazioni studiate e decise.<\/p>\n<p>A 500 metri dal traguardo sono stati scritti i titoli di coda della sfida, con Coppola che ha fatto il vuoto alle sue spalle, scrollandosi, poco prima del suono della campana anche la sorpresa irlandese Seamus Clarke e il suo compagno di squadra Niccol\u00f2 Vidal.<\/p>\n<p>Alessio ha tagliato il traguardo con il crono di 21:01.44, precedendo Clarke (21:05.70, record nazionale under 18 del proprio Paese), d\u2019argento, e il lombardo Vidal, bravissimo a colorarsi di bronzo grazie a una condotta di gara intelligente e al nuovo primato personale di 21:11.87.<\/p>\n","protected":false},"excerpt":{"rendered":"<p>Medaglia d&#8217;oro per il portacolori dell&#8217;Atletica Trieste agli Europei Under 18 in Slovacchia da capitano della Nazionale<\/p>\n","protected":false},"author":28,"featured_media":57362,"comment_status":"closed","ping_status":"closed","sticky":false,"template":"","format":"image","meta":{"dwc-title":[""],"dwc-content":[""],"footnotes":""},"categories":[38],"tags":[248,1753,83,263,2239,65],"class_list":["post-57359","post","type-post","status-publish","format-image","has-post-thumbnail","hentry","category-sport","tag-atletica","tag-europei","tag-giovani","tag-marcia","tag-slovacchia","tag-trieste","post_format-post-format-image"],"rttpg_featured_image_url":{"full":["https:\/\/imagazine.it\/wp-content\/uploads\/2024\/07\/europei2024.jpg",1366,842,false],"landscape":["https:\/\/imagazine.it\/wp-content\/uploads\/2024\/07\/europei2024.jpg",1366,842,false],"portraits":["https:\/\/imagazine.it\/wp-content\/uploads\/2024\/07\/europei2024.jpg",1366,842,false],"thumbnail":["https:\/\/imagazine.it\/wp-content\/uploads\/2024\/07\/europei2024-150x150.jpg",150,150,true],"medium":["https:\/\/imagazine.it\/wp-content\/uploads\/2024\/07\/europei2024-300x185.jpg",300,185,true],"large":["https:\/\/imagazine.it\/wp-content\/uploads\/2024\/07\/europei2024-1024x631.jpg",640,394,true],"thumblist":["https:\/\/imagazine.it\/wp-content\/uploads\/2024\/07\/europei2024-300x300.jpg",300,300,true],"thumbrelated":["https:\/\/imagazine.it\/wp-content\/uploads\/2024\/07\/europei2024-500x500.jpg",500,500,true],"meccarouselthumb":["https:\/\/imagazine.it\/wp-content\/uploads\/2024\/07\/europei2024-474x324.jpg",474,324,true],"gridsquare":["https:\/\/imagazine.it\/wp-content\/uploads\/2024\/07\/europei2024-391x260.jpg",391,260,true],"tileview":["https:\/\/imagazine.it\/wp-content\/uploads\/2024\/07\/europei2024-300x400.jpg",300,400,true],"1536x1536":["https:\/\/imagazine.it\/wp-content\/uploads\/2024\/07\/europei2024.jpg",1366,842,false],"2048x2048":["https:\/\/imagazine.it\/wp-content\/uploads\/2024\/07\/europei2024.jpg",1366,842,false],"newsup-slider-full":["https:\/\/imagazine.it\/wp-content\/uploads\/2024\/07\/europei2024-1280x720.jpg",1280,720,true],"newsup-featured":["https:\/\/imagazine.it\/wp-content\/uploads\/2024\/07\/europei2024-1024x631.jpg",1024,631,true],"newsup-medium":["https:\/\/imagazine.it\/wp-content\/uploads\/2024\/07\/europei2024-720x380.jpg",720,380,true],"tptn_thumbnail":["https:\/\/imagazine.it\/wp-content\/uploads\/2024\/07\/europei2024-250x210.jpg",250,210,true],"sow-carousel-default":["https:\/\/imagazine.it\/wp-content\/uploads\/2024\/07\/europei2024-272x182.jpg",272,182,true]},"rttpg_author":{"display_name":"redazione","author_link":"https:\/\/imagazine.it\/home_desk\/author\/redazione\/"},"rttpg_comment":0,"rttpg_category":"<a href=\"https:\/\/imagazine.it\/home_desk\/category\/sport\/\" rel=\"category tag\">SPORT<\/a>","rttpg_excerpt":"Medaglia d'oro per il portacolori dell'Atletica Trieste agli Europei Under 18 in Slovacchia da capitano della Nazionale","_links":{"self":[{"href":"https:\/\/imagazine.it\/home_desk\/wp-json\/wp\/v2\/posts\/57359","targetHints":{"allow":["GET"]}}],"collection":[{"href":"https:\/\/imagazine.it\/home_desk\/wp-json\/wp\/v2\/posts"}],"about":[{"href":"https:\/\/imagazine.it\/home_desk\/wp-json\/wp\/v2\/types\/post"}],"author":[{"embeddable":true,"href":"https:\/\/imagazine.it\/home_desk\/wp-json\/wp\/v2\/users\/28"}],"replies":[{"embeddable":true,"href":"https:\/\/imagazine.it\/home_desk\/wp-json\/wp\/v2\/comments?post=57359"}],"version-history":[{"count":0,"href":"https:\/\/imagazine.it\/home_desk\/wp-json\/wp\/v2\/posts\/57359\/revisions"}],"wp:featuredmedia":[{"embeddable":true,"href":"https:\/\/imagazine.it\/home_desk\/wp-json\/wp\/v2\/media\/57362"}],"wp:attachment":[{"href":"https:\/\/imagazine.it\/home_desk\/wp-json\/wp\/v2\/media?parent=57359"}],"wp:term":[{"taxonomy":"category","embeddable":true,"href":"https:\/\/imagazine.it\/home_desk\/wp-json\/wp\/v2\/categories?post=57359"},{"taxonomy":"post_tag","embeddable":true,"href":"https:\/\/imagazine.it\/home_desk\/wp-json\/wp\/v2\/tags?post=57359"}],"curies":[{"name":"wp","href":"https:\/\/api.w.org\/{rel}","templated":true}]}}