{"id":57345,"date":"2024-07-22T14:58:09","date_gmt":"2024-07-22T12:58:09","guid":{"rendered":"https:\/\/imagazine.it\/home_desk\/?p=57345"},"modified":"2024-07-22T14:58:09","modified_gmt":"2024-07-22T12:58:09","slug":"un-viaggio-nella-memoria-storica-di-gorizia","status":"publish","type":"post","link":"https:\/\/imagazine.it\/home_desk\/un-viaggio-nella-memoria-storica-di-gorizia\/","title":{"rendered":"Un viaggio nella memoria storica di Gorizia"},"content":{"rendered":"<p>GORIZIA \u2013 L\u2019associazione culturale goriziana <strong>Kulturhaus G\u00f6rz<\/strong> propone per inizio settembre (tra il 9 e il 13) una <em>full immersion<\/em> tra <strong>storia, lingue e culture di confine<\/strong> con la su <strong>International Summerschool<\/strong>, e cui \u00e8 <strong>possibile iscriversi fino al prossimo 20 agosto<\/strong>.<\/p>\n<p>Obiettivo della scuola \u00e8 di offrire ai partecipanti l\u2019occasione di scoprire la ricchezza culturale e la qualit\u00e0 sociologica della convivenza attuata sul territorio tra Gorizia e Nova Gorica, attraverso <strong>incontri con testimoni, storici, antropologi, sociologi, artisti, guide turistiche<\/strong>, tramite incontri, visite ed escursioni sul territorio, il tutto anche in preparazione e in vista dell\u2019anno della Capitale Europea della cultura.<\/p>\n<p>La <strong>scuola estiva<\/strong> ideata da Kulturhaus G\u00f6rz vuole<strong> indagare da un punto di vista storico, linguistico, antropologico, sociologico ed economico ci\u00f2 che sta avvenendo su questo territorio, con particolare riferimento alla storia del \u2019900, inserendolo in un contesto europeo<\/strong>.<\/p>\n<p>L\u2019occasione \u00e8 quella di partire dalla storia di questo territorio transfrontaliero, per immaginare insieme ai partecipanti <strong>nuovi scenari e nuove soluzioni<\/strong> ai conflitti interculturali e alla gestione pacifica di territori segnati dalla convivenza di pi\u00f9 realt\u00e0 nazionali e linguistiche.<\/p>\n<h3>A chi \u00e8 rivolta<\/h3>\n<p><strong>La partecipazione \u00e8 aperta a giovani studenti<\/strong> universitari, dottorandi e ricercatori in diverse discipline di area umanistica, con provenienza dal territorio e da tutta l&#8217;Europa. La masterclass si svolge in lingua inglese.<\/p>\n<p>I partecipanti selezionati potranno fruire dell\u2019intera proposta didattica, laboratoriale ed escursionistica ed alloggiare a Gorizia <strong>gratuitamente<\/strong>, proprio <strong>grazie al progetto finanziato nell\u2019ambito del Bando Borghi con fondi del Pnrr<\/strong>.<\/p>\n<p>I <strong>posti sono limitati a 20<\/strong>: i partecipanti saranno selezionati dal direttivo dell\u2019associazione in base alla valutazione del paper o del video di presentazione inviato dai candidati.<\/p>\n<p>I giovani studiosi che parteciparono alla <em>Summer school<\/em> raccoglieranno una serie di video interviste con idee e spunti su come trasformare ancora pi\u00f9 in profondit\u00e0 il percorso di integrazione e di rielaborazione della memoria storica: sar\u00e0 cos\u00ec creata una video-installazione da posizionare in via Rastello 38, proprio nella sede di Kulturhaus Goerz.<\/p>\n<p>La domanda di partecipazione pu\u00f2 essere inviata entro il 20 agosto 2024 a: kulturhausgo@gmail.com \/ kulturhausgo.summerschool@gmail.com<\/p>\n<p>Info su <span style=\"text-decoration: underline;\"><a href=\"http:\/\/www.kulturhaus-go.it\" target=\"_blank\" rel=\"noopener\">www.kulturhaus-go.it<\/a><\/span><\/p>\n","protected":false},"excerpt":{"rendered":"<p>Tra il 9 e il 13 settembre il capoluogo isontino ospiter\u00e0 la scuola estiva internazionale in lingua inglese per giovani studenti e ricercatori<\/p>\n","protected":false},"author":28,"featured_media":57346,"comment_status":"closed","ping_status":"closed","sticky":false,"template":"","format":"image","meta":{"dwc-title":[""],"dwc-content":[""],"footnotes":""},"categories":[37],"tags":[125,123,43,98,568],"class_list":["post-57345","post","type-post","status-publish","format-image","has-post-thumbnail","hentry","category-cultura-e-spettacolo","tag-confine","tag-go2025","tag-gorizia","tag-ricerca","tag-storia","post_format-post-format-image"],"rttpg_featured_image_url":{"full":["https:\/\/imagazine.it\/wp-content\/uploads\/2024\/07\/SummerSchool_Kulturhaus-Gorz6.jpg",1366,751,false],"landscape":["https:\/\/imagazine.it\/wp-content\/uploads\/2024\/07\/SummerSchool_Kulturhaus-Gorz6.jpg",1366,751,false],"portraits":["https:\/\/imagazine.it\/wp-content\/uploads\/2024\/07\/SummerSchool_Kulturhaus-Gorz6.jpg",1366,751,false],"thumbnail":["https:\/\/imagazine.it\/wp-content\/uploads\/2024\/07\/SummerSchool_Kulturhaus-Gorz6-150x150.jpg",150,150,true],"medium":["https:\/\/imagazine.it\/wp-content\/uploads\/2024\/07\/SummerSchool_Kulturhaus-Gorz6-300x165.jpg",300,165,true],"large":["https:\/\/imagazine.it\/wp-content\/uploads\/2024\/07\/SummerSchool_Kulturhaus-Gorz6-1024x563.jpg",640,352,true],"thumblist":["https:\/\/imagazine.it\/wp-content\/uploads\/2024\/07\/SummerSchool_Kulturhaus-Gorz6-300x300.jpg",300,300,true],"thumbrelated":["https:\/\/imagazine.it\/wp-content\/uploads\/2024\/07\/SummerSchool_Kulturhaus-Gorz6-500x500.jpg",500,500,true],"meccarouselthumb":["https:\/\/imagazine.it\/wp-content\/uploads\/2024\/07\/SummerSchool_Kulturhaus-Gorz6-474x324.jpg",474,324,true],"gridsquare":["https:\/\/imagazine.it\/wp-content\/uploads\/2024\/07\/SummerSchool_Kulturhaus-Gorz6-391x260.jpg",391,260,true],"tileview":["https:\/\/imagazine.it\/wp-content\/uploads\/2024\/07\/SummerSchool_Kulturhaus-Gorz6-300x400.jpg",300,400,true],"1536x1536":["https:\/\/imagazine.it\/wp-content\/uploads\/2024\/07\/SummerSchool_Kulturhaus-Gorz6.jpg",1366,751,false],"2048x2048":["https:\/\/imagazine.it\/wp-content\/uploads\/2024\/07\/SummerSchool_Kulturhaus-Gorz6.jpg",1366,751,false],"newsup-slider-full":["https:\/\/imagazine.it\/wp-content\/uploads\/2024\/07\/SummerSchool_Kulturhaus-Gorz6-1280x720.jpg",1280,720,true],"newsup-featured":["https:\/\/imagazine.it\/wp-content\/uploads\/2024\/07\/SummerSchool_Kulturhaus-Gorz6-1024x563.jpg",1024,563,true],"newsup-medium":["https:\/\/imagazine.it\/wp-content\/uploads\/2024\/07\/SummerSchool_Kulturhaus-Gorz6-720x380.jpg",720,380,true],"tptn_thumbnail":["https:\/\/imagazine.it\/wp-content\/uploads\/2024\/07\/SummerSchool_Kulturhaus-Gorz6-250x210.jpg",250,210,true],"sow-carousel-default":["https:\/\/imagazine.it\/wp-content\/uploads\/2024\/07\/SummerSchool_Kulturhaus-Gorz6-272x182.jpg",272,182,true]},"rttpg_author":{"display_name":"redazione","author_link":"https:\/\/imagazine.it\/home_desk\/author\/redazione\/"},"rttpg_comment":0,"rttpg_category":"<a href=\"https:\/\/imagazine.it\/home_desk\/category\/cultura-e-spettacolo\/\" rel=\"category tag\">CULTURA&amp;SPETTACOLO<\/a>","rttpg_excerpt":"Tra il 9 e il 13 settembre il capoluogo isontino ospiter\u00e0 la scuola estiva internazionale in lingua inglese per giovani studenti e ricercatori","_links":{"self":[{"href":"https:\/\/imagazine.it\/home_desk\/wp-json\/wp\/v2\/posts\/57345","targetHints":{"allow":["GET"]}}],"collection":[{"href":"https:\/\/imagazine.it\/home_desk\/wp-json\/wp\/v2\/posts"}],"about":[{"href":"https:\/\/imagazine.it\/home_desk\/wp-json\/wp\/v2\/types\/post"}],"author":[{"embeddable":true,"href":"https:\/\/imagazine.it\/home_desk\/wp-json\/wp\/v2\/users\/28"}],"replies":[{"embeddable":true,"href":"https:\/\/imagazine.it\/home_desk\/wp-json\/wp\/v2\/comments?post=57345"}],"version-history":[{"count":0,"href":"https:\/\/imagazine.it\/home_desk\/wp-json\/wp\/v2\/posts\/57345\/revisions"}],"wp:featuredmedia":[{"embeddable":true,"href":"https:\/\/imagazine.it\/home_desk\/wp-json\/wp\/v2\/media\/57346"}],"wp:attachment":[{"href":"https:\/\/imagazine.it\/home_desk\/wp-json\/wp\/v2\/media?parent=57345"}],"wp:term":[{"taxonomy":"category","embeddable":true,"href":"https:\/\/imagazine.it\/home_desk\/wp-json\/wp\/v2\/categories?post=57345"},{"taxonomy":"post_tag","embeddable":true,"href":"https:\/\/imagazine.it\/home_desk\/wp-json\/wp\/v2\/tags?post=57345"}],"curies":[{"name":"wp","href":"https:\/\/api.w.org\/{rel}","templated":true}]}}