{"id":57328,"date":"2024-07-22T11:44:06","date_gmt":"2024-07-22T09:44:06","guid":{"rendered":"https:\/\/imagazine.it\/home_desk\/?p=57328"},"modified":"2024-07-22T11:44:06","modified_gmt":"2024-07-22T09:44:06","slug":"giocare-e-imparare-con-la-pimpa","status":"publish","type":"post","link":"https:\/\/imagazine.it\/home_desk\/giocare-e-imparare-con-la-pimpa\/","title":{"rendered":"Giocare e imparare con la Pimpa"},"content":{"rendered":"<p>TOLMEZZO \u2013 Sono in partenza al <strong>Museo Carnico delle Arti Popolari \u201cMichele Gortani\u201d <\/strong>di Tolmezzo i\u00a0<strong>laboratori per bambini e bambine <\/strong>che accompagnano<span style=\"text-decoration: underline;\"><a href=\"https:\/\/imagazine.it\/home_desk\/events\/altan-terra-omini-e-bestie\/\"><strong> la mostra \u201c<em>ALTAN. Terra, omini e bestie<\/em>\u201d<\/strong><\/a><\/span>.<\/p>\n<p>La mostra \u2013\u00a0organizzata dall\u2019<strong>Amministrazione Comunale di Tolmezzo<\/strong>, dall\u2019<strong>Ente regionale patrimonio culturale del Friuli Venezia Giulia-ERPAC<\/strong>\u00a0e dal\u00a0<strong>Museo Carnico delle Arti Popolari \u201cMichele Gortani\u201d<\/strong>\u00a0in base ad uno specifico accordo, avvalendosi della collaborazione di\u00a0<strong>PromoTurismoFVG<\/strong> \u2013 \u00e8 visitabile a Palazzo Frisacco <strong>fino al 22 settembre<\/strong> 2024.<\/p>\n<p>Si tratta di\u00a0<strong>quattro incontri pensati per i pi\u00f9 piccoli <\/strong>\u2013<strong>\u00a0dai 4 ai 9 anni<\/strong>,\u00a0da luglio a settembre \u2013\u00a0per invitarli a esplorare e giocare, perch\u00e9 \u201c<em>giocare \u00e8 l\u2019esperienza pi\u00f9 comune che ci possa capitare<\/em>\u201d.<\/p>\n<p>Al centro delle attivit\u00e0 ci sar\u00e0 il\u00a0<strong>mondo della Pimpa e degli animali reali o immaginari<\/strong>\u00a0che popolano il secondo piano della mostra.<\/p>\n<p>I laboratori \u2013\u00a0progettati e condotti da <strong>Amanda Talotti<\/strong>, operatore museale, <strong>Anna Pillinini<\/strong>, grafica, e <strong>Laura Candotti<\/strong>, illustratrice e membro del CdA della Fondazione Museo Carnico \u2013 avranno al centro sempre un\u2019attivit\u00e0 creativa.<\/p>\n<p>Inoltre al Museo Gortani \u00e8 arrivata la <strong>sagoma di Armando e della Pimpa<\/strong>: i pi\u00f9 piccoli, e perch\u00e9 no anche gli adulti, potranno divertirsi a trasformarsi, per il tempo di una foto, nel pap\u00e0 della Pimpa.<\/p>\n<p>Il primo laboratorio avr\u00e0 luogo\u00a0<strong>mercoled\u00ec 31 luglio alle 16.<\/strong> Insieme agli operatori del Museo Gortani i bambini potranno trascorrere un pomeriggio creativo e divertirsi nella realizzazione di una maglietta a tema Pimpa.<\/p>\n<p>Il programma dei laboratori proseguir\u00e0\u00a0<strong>marted\u00ec 6 agosto alle 16:<\/strong>\u00a0nel corso del pomeriggio i bambini saranno accompagnati nella realizzazione di una borsa a tema Pimpa.<\/p>\n<p>L\u2019appuntamento successivo \u00e8 atteso\u00a0<strong>mercoled\u00ec 28 agosto alle 17<\/strong>\u00a0e coinvolge in questo caso la lettura: la Biblioteca civica \u201cAdriana Pittoni&#8221; di Tolmezzo proporr\u00e0 una serie di letture tratte da alcuni libri della Pimpa e, a seguire, avr\u00e0 luogo il laboratorio creativo \u201c<em>Coloriamo la Pimpa<\/em>\u201d, pensato per la fascia d&#8217;et\u00e0 dai 4 agli 8 anni.<\/p>\n<p>L\u2019ultimo laboratorio in programma si svolger\u00e0\u00a0<strong>sabato 21 settembre alle 16<\/strong>, in occasione della Festa della Mela, e prevedr\u00e0 la realizzazione di un oggetto a sorpresa, sempre a tema Pimpa.<\/p>\n<p>Tranne le letture in Biblioteca, che avranno ingresso libero, le attivit\u00e0\u00a0didattiche avranno un costo di 10 euro a bambino, per un massimo di 15 bambini\/e a laboratorio. Per partecipare \u00e8 obbligatoria la prenotazione via telefono allo 0433-43233 o via email a\u00a0<a href=\"mailto:info@museocarnico.it\">info@museocarnico.it<\/a>\u00a0entro il giorno prima di ciascun laboratorio; le adesioni verranno raccolte in ordine di arrivo.<\/p>\n<p>Maggiori informazioni sono disponibili sul sito\u00a0<span style=\"text-decoration: underline;\"><a href=\"http:\/\/www.museocarnico.it\/\" target=\"_blank\" rel=\"noopener\">www.museocarnico.it<\/a><\/span>.<\/p>\n","protected":false},"excerpt":{"rendered":"<p>Al via un ciclo di laboratori per bambini nell&#8217;ambito della mostra \u201cALTAN. Terra, omini e bestie\u201d. Con animali reali e immaginari<\/p>\n","protected":false},"author":28,"featured_media":57329,"comment_status":"closed","ping_status":"closed","sticky":false,"template":"","format":"image","meta":{"dwc-title":[""],"dwc-content":[""],"footnotes":""},"categories":[37],"tags":[2017,546,362,1585,60,521],"class_list":["post-57328","post","type-post","status-publish","format-image","has-post-thumbnail","hentry","category-cultura-e-spettacolo","tag-altan","tag-bambini","tag-carnia","tag-laboratori","tag-mostre","tag-tolmezzo","post_format-post-format-image"],"rttpg_featured_image_url":{"full":["https:\/\/imagazine.it\/wp-content\/uploads\/2024\/07\/Laborario-Altan_Bambini_2024_7.jpg",1366,1025,false],"landscape":["https:\/\/imagazine.it\/wp-content\/uploads\/2024\/07\/Laborario-Altan_Bambini_2024_7.jpg",1366,1025,false],"portraits":["https:\/\/imagazine.it\/wp-content\/uploads\/2024\/07\/Laborario-Altan_Bambini_2024_7.jpg",1366,1025,false],"thumbnail":["https:\/\/imagazine.it\/wp-content\/uploads\/2024\/07\/Laborario-Altan_Bambini_2024_7-150x150.jpg",150,150,true],"medium":["https:\/\/imagazine.it\/wp-content\/uploads\/2024\/07\/Laborario-Altan_Bambini_2024_7-300x225.jpg",300,225,true],"large":["https:\/\/imagazine.it\/wp-content\/uploads\/2024\/07\/Laborario-Altan_Bambini_2024_7-1024x768.jpg",640,480,true],"thumblist":["https:\/\/imagazine.it\/wp-content\/uploads\/2024\/07\/Laborario-Altan_Bambini_2024_7-300x300.jpg",300,300,true],"thumbrelated":["https:\/\/imagazine.it\/wp-content\/uploads\/2024\/07\/Laborario-Altan_Bambini_2024_7-500x500.jpg",500,500,true],"meccarouselthumb":["https:\/\/imagazine.it\/wp-content\/uploads\/2024\/07\/Laborario-Altan_Bambini_2024_7-474x324.jpg",474,324,true],"gridsquare":["https:\/\/imagazine.it\/wp-content\/uploads\/2024\/07\/Laborario-Altan_Bambini_2024_7-391x260.jpg",391,260,true],"tileview":["https:\/\/imagazine.it\/wp-content\/uploads\/2024\/07\/Laborario-Altan_Bambini_2024_7-300x400.jpg",300,400,true],"1536x1536":["https:\/\/imagazine.it\/wp-content\/uploads\/2024\/07\/Laborario-Altan_Bambini_2024_7.jpg",1366,1025,false],"2048x2048":["https:\/\/imagazine.it\/wp-content\/uploads\/2024\/07\/Laborario-Altan_Bambini_2024_7.jpg",1366,1025,false],"newsup-slider-full":["https:\/\/imagazine.it\/wp-content\/uploads\/2024\/07\/Laborario-Altan_Bambini_2024_7-1280x720.jpg",1280,720,true],"newsup-featured":["https:\/\/imagazine.it\/wp-content\/uploads\/2024\/07\/Laborario-Altan_Bambini_2024_7-1024x768.jpg",1024,768,true],"newsup-medium":["https:\/\/imagazine.it\/wp-content\/uploads\/2024\/07\/Laborario-Altan_Bambini_2024_7-720x380.jpg",720,380,true],"tptn_thumbnail":["https:\/\/imagazine.it\/wp-content\/uploads\/2024\/07\/Laborario-Altan_Bambini_2024_7-250x210.jpg",250,210,true],"sow-carousel-default":["https:\/\/imagazine.it\/wp-content\/uploads\/2024\/07\/Laborario-Altan_Bambini_2024_7-272x182.jpg",272,182,true]},"rttpg_author":{"display_name":"redazione","author_link":"https:\/\/imagazine.it\/home_desk\/author\/redazione\/"},"rttpg_comment":0,"rttpg_category":"<a href=\"https:\/\/imagazine.it\/home_desk\/category\/cultura-e-spettacolo\/\" rel=\"category tag\">CULTURA&amp;SPETTACOLO<\/a>","rttpg_excerpt":"Al via un ciclo di laboratori per bambini nell'ambito della mostra \u201cALTAN. Terra, omini e bestie\u201d. Con animali reali e immaginari","_links":{"self":[{"href":"https:\/\/imagazine.it\/home_desk\/wp-json\/wp\/v2\/posts\/57328","targetHints":{"allow":["GET"]}}],"collection":[{"href":"https:\/\/imagazine.it\/home_desk\/wp-json\/wp\/v2\/posts"}],"about":[{"href":"https:\/\/imagazine.it\/home_desk\/wp-json\/wp\/v2\/types\/post"}],"author":[{"embeddable":true,"href":"https:\/\/imagazine.it\/home_desk\/wp-json\/wp\/v2\/users\/28"}],"replies":[{"embeddable":true,"href":"https:\/\/imagazine.it\/home_desk\/wp-json\/wp\/v2\/comments?post=57328"}],"version-history":[{"count":0,"href":"https:\/\/imagazine.it\/home_desk\/wp-json\/wp\/v2\/posts\/57328\/revisions"}],"wp:featuredmedia":[{"embeddable":true,"href":"https:\/\/imagazine.it\/home_desk\/wp-json\/wp\/v2\/media\/57329"}],"wp:attachment":[{"href":"https:\/\/imagazine.it\/home_desk\/wp-json\/wp\/v2\/media?parent=57328"}],"wp:term":[{"taxonomy":"category","embeddable":true,"href":"https:\/\/imagazine.it\/home_desk\/wp-json\/wp\/v2\/categories?post=57328"},{"taxonomy":"post_tag","embeddable":true,"href":"https:\/\/imagazine.it\/home_desk\/wp-json\/wp\/v2\/tags?post=57328"}],"curies":[{"name":"wp","href":"https:\/\/api.w.org\/{rel}","templated":true}]}}