{"id":57302,"date":"2024-07-14T15:48:18","date_gmt":"2024-07-14T13:48:18","guid":{"rendered":"https:\/\/imagazine.it\/home_desk\/?p=57302"},"modified":"2024-07-19T16:01:43","modified_gmt":"2024-07-19T14:01:43","slug":"devozione-e-solidarieta-gli-alpini-tornano-a-san-leonardo","status":"publish","type":"post","link":"https:\/\/imagazine.it\/home_desk\/devozione-e-solidarieta-gli-alpini-tornano-a-san-leonardo\/","title":{"rendered":"Devozione e solidariet\u00e0: gli Alpini tornano a San Leonardo"},"content":{"rendered":"<p>CAMPOLONGO TAPOGLIANO \u2013 Come da tradizione, per la 42<sup>a<\/sup> volta, la domenica successiva alla festa dei Santi Ermagora e Fortunato, si \u00e8 svolta la festa comunitaria presso la <strong>chiesetta di San Leonardo<\/strong>.<\/p>\n<p>L\u2019evento \u00e8 stato organizzato dal <strong>Gruppo alpini \u201cMartin Amelio\u201d<\/strong> (alpino disperso in nel corso della Seconda guerra mondiale).<\/p>\n<p>La ricorrenza era nata da una richiesta del Gruppo Alpini al parroco di allora, don Ennio Tuni, dopo i lavori di manutenzione all&#8217;edificio sacro, svolti proprio dagli Alpini, che simboleggiano il legame tra la gente del luogo e il loro patrimonio religioso e culturale.<\/p>\n<p><strong>Don Franco Gismano<\/strong> ha celebrato la messa all&#8217;aperto di fronte alla piccola pieve, richiamando un folto numero di fedeli.<\/p>\n<p>Il <strong>coro parrocchiale<\/strong> ha solennemente accompagnato la funzione religiosa.<\/p>\n<p><img loading=\"lazy\" decoding=\"async\" class=\"aligncenter size-full wp-image-57303\" src=\"https:\/\/imagazine.it\/wp-content\/uploads\/2024\/07\/messa-san-leonardo-02.jpg\" alt=\"\" width=\"800\" height=\"822\" title=\"\" srcset=\"https:\/\/imagazine.it\/wp-content\/uploads\/2024\/07\/messa-san-leonardo-02.jpg 800w, https:\/\/imagazine.it\/wp-content\/uploads\/2024\/07\/messa-san-leonardo-02-292x300.jpg 292w, https:\/\/imagazine.it\/wp-content\/uploads\/2024\/07\/messa-san-leonardo-02-768x789.jpg 768w\" sizes=\"auto, (max-width: 800px) 100vw, 800px\" \/><\/p>\n<p>Al termine della celebrazione eucaristica si \u00e8 svolto un conviviale pranzo per la comunit\u00e0, preparato dagli Alpini, con un men\u00f9 ricco e appetitoso: pasta al rag\u00f9, pasticci ai carciofi e al rag\u00f9, melanzane alla parmigiana, salsicce e patatine fritte.<\/p>\n<p>Non \u00e8 mancata la dolcezza grazie al banchetto di torte preparato dall&#8217;<strong>Associazione<\/strong> <strong>&#8220;Genitorinsieme&#8221;<\/strong>.<\/p>\n<p>Il ricavato del pranzo sar\u00e0 <strong>devoluto al sostegno delle diverse manifestazioni locali<\/strong>. La chiesetta di San Leonardo, immersa nella campagna friulana, rappresenta un vero e proprio gioiello di storia. L&#8217;attuale struttura, risalente al XVII secolo, conserva un&#8217;atmosfera suggestiva che invita alla riflessione e alla preghiera.<\/p>\n<p>Tuttavia, studi storico-archeologici e morfologici suggeriscono che la nascita del sito dedicato al culto risalga addirittura al XIV secolo, con una postazione utilizzata anche in epoca romana.<\/p>\n","protected":false},"excerpt":{"rendered":"<p>Tradizionale appuntamento nella chiesetta del borgo di Campolongo Tapogliano. Con il pranzo comunitario a sostegno delle manifestazioni locali<\/p>\n","protected":false},"author":22,"featured_media":57304,"comment_status":"closed","ping_status":"closed","sticky":false,"template":"","format":"image","meta":{"dwc-title":[""],"dwc-content":[""],"footnotes":""},"categories":[5],"tags":[376,1433,145,377,1639],"class_list":["post-57302","post","type-post","status-publish","format-image","has-post-thumbnail","hentry","category-attualita","tag-campolongo","tag-curia","tag-solidarieta","tag-tapogliano","tag-tradizione","post_format-post-format-image"],"rttpg_featured_image_url":{"full":["https:\/\/imagazine.it\/wp-content\/uploads\/2024\/07\/san-leonardo-03.jpg",1366,702,false],"landscape":["https:\/\/imagazine.it\/wp-content\/uploads\/2024\/07\/san-leonardo-03.jpg",1366,702,false],"portraits":["https:\/\/imagazine.it\/wp-content\/uploads\/2024\/07\/san-leonardo-03.jpg",1366,702,false],"thumbnail":["https:\/\/imagazine.it\/wp-content\/uploads\/2024\/07\/san-leonardo-03-150x150.jpg",150,150,true],"medium":["https:\/\/imagazine.it\/wp-content\/uploads\/2024\/07\/san-leonardo-03-300x154.jpg",300,154,true],"large":["https:\/\/imagazine.it\/wp-content\/uploads\/2024\/07\/san-leonardo-03-1024x526.jpg",640,329,true],"thumblist":["https:\/\/imagazine.it\/wp-content\/uploads\/2024\/07\/san-leonardo-03-300x300.jpg",300,300,true],"thumbrelated":["https:\/\/imagazine.it\/wp-content\/uploads\/2024\/07\/san-leonardo-03-500x500.jpg",500,500,true],"meccarouselthumb":["https:\/\/imagazine.it\/wp-content\/uploads\/2024\/07\/san-leonardo-03-474x324.jpg",474,324,true],"gridsquare":["https:\/\/imagazine.it\/wp-content\/uploads\/2024\/07\/san-leonardo-03-391x260.jpg",391,260,true],"tileview":["https:\/\/imagazine.it\/wp-content\/uploads\/2024\/07\/san-leonardo-03-300x400.jpg",300,400,true],"1536x1536":["https:\/\/imagazine.it\/wp-content\/uploads\/2024\/07\/san-leonardo-03.jpg",1366,702,false],"2048x2048":["https:\/\/imagazine.it\/wp-content\/uploads\/2024\/07\/san-leonardo-03.jpg",1366,702,false],"newsup-slider-full":["https:\/\/imagazine.it\/wp-content\/uploads\/2024\/07\/san-leonardo-03-1280x702.jpg",1280,702,true],"newsup-featured":["https:\/\/imagazine.it\/wp-content\/uploads\/2024\/07\/san-leonardo-03-1024x526.jpg",1024,526,true],"newsup-medium":["https:\/\/imagazine.it\/wp-content\/uploads\/2024\/07\/san-leonardo-03-720x380.jpg",720,380,true],"tptn_thumbnail":["https:\/\/imagazine.it\/wp-content\/uploads\/2024\/07\/san-leonardo-03-250x210.jpg",250,210,true],"sow-carousel-default":["https:\/\/imagazine.it\/wp-content\/uploads\/2024\/07\/san-leonardo-03-272x182.jpg",272,182,true]},"rttpg_author":{"display_name":"Livio Nonis","author_link":"https:\/\/imagazine.it\/home_desk\/author\/nonis\/"},"rttpg_comment":0,"rttpg_category":"<a href=\"https:\/\/imagazine.it\/home_desk\/category\/attualita\/\" rel=\"category tag\">ATTUALIT\u00c0<\/a>","rttpg_excerpt":"Tradizionale appuntamento nella chiesetta del borgo di Campolongo Tapogliano. Con il pranzo comunitario a sostegno delle manifestazioni locali","_links":{"self":[{"href":"https:\/\/imagazine.it\/home_desk\/wp-json\/wp\/v2\/posts\/57302","targetHints":{"allow":["GET"]}}],"collection":[{"href":"https:\/\/imagazine.it\/home_desk\/wp-json\/wp\/v2\/posts"}],"about":[{"href":"https:\/\/imagazine.it\/home_desk\/wp-json\/wp\/v2\/types\/post"}],"author":[{"embeddable":true,"href":"https:\/\/imagazine.it\/home_desk\/wp-json\/wp\/v2\/users\/22"}],"replies":[{"embeddable":true,"href":"https:\/\/imagazine.it\/home_desk\/wp-json\/wp\/v2\/comments?post=57302"}],"version-history":[{"count":0,"href":"https:\/\/imagazine.it\/home_desk\/wp-json\/wp\/v2\/posts\/57302\/revisions"}],"wp:featuredmedia":[{"embeddable":true,"href":"https:\/\/imagazine.it\/home_desk\/wp-json\/wp\/v2\/media\/57304"}],"wp:attachment":[{"href":"https:\/\/imagazine.it\/home_desk\/wp-json\/wp\/v2\/media?parent=57302"}],"wp:term":[{"taxonomy":"category","embeddable":true,"href":"https:\/\/imagazine.it\/home_desk\/wp-json\/wp\/v2\/categories?post=57302"},{"taxonomy":"post_tag","embeddable":true,"href":"https:\/\/imagazine.it\/home_desk\/wp-json\/wp\/v2\/tags?post=57302"}],"curies":[{"name":"wp","href":"https:\/\/api.w.org\/{rel}","templated":true}]}}