{"id":57133,"date":"2024-07-15T16:02:41","date_gmt":"2024-07-15T14:02:41","guid":{"rendered":"https:\/\/imagazine.it\/home_desk\/?p=57133"},"modified":"2024-07-15T16:41:52","modified_gmt":"2024-07-15T14:41:52","slug":"canottaggio-bressan-tricolore-nel-singolo-u17","status":"publish","type":"post","link":"https:\/\/imagazine.it\/home_desk\/canottaggio-bressan-tricolore-nel-singolo-u17\/","title":{"rendered":"Canottaggio: Bressan tricolore nel singolo U17"},"content":{"rendered":"<p><em><span style=\"font-size: 10pt;\">Bressan e coach Candotti sul podio con il presidente FIC Abbagnale, Terranova e Munteanu rispettivamente argento e bronzo<\/span><\/em><\/p>\n<p>VARESE \u2013 San Giorgio dimostra di essere una fucina di talenti anche nel canottaggio.<\/p>\n<p>Dopo Marco Dri e Josef Marvucic ora \u00e8 la volta di <strong>Elia Bressan<\/strong> che, sul lago di Varese, si aggiudica il titolo di <strong>Campione d\u2019Italia nel singolo Under 17<\/strong>.<\/p>\n<p>Nella gara pi\u00f9 affollata dei Campionati, con 64 partecipanti, dopo le fasi eliminatorie sono rimasti in otto per contendersi il titolo tricolore.<\/p>\n<p>Bressan, classe 2008, \u00e8 arrivato primo nella sua batteria e anche nella semifinale, guadagnando confidenza nei suoi mezzi e nella finale \u00e8 partito convinto di giocarsela.<\/p>\n<p>Con una progressione strepitosa il friulano \u00e8 arrivato al traguardo in 7\u201910\u201d93 staccando di quasi quattro secondi il sampierdarenese <strong>Terranova<\/strong>, giunto secondo, mentre il palermitano <strong>Munteanu<\/strong> si \u00e8 preso il terzo gradino del podio.<\/p>\n<p>San Giorgio aveva vinto il titolo nel singolo U17 con Marco Dri nel 2020 e con Josef Marvucic nel 2022, risultati che premiano il lavoro dell\u2019allenatore <strong>Massimiliano Candotti \u201cDot\u201d<\/strong> che, cresciuto in seno al Canoa San Giorgio come canoista, ha saputo con costanza farsi strada come allenatore di canottaggio, portando i suoi ragazzi a vincere titoli che mai ci si potevano aspettare in un piccolo centro come San Giorgio.<\/p>\n<p>Ma in seno al paese anche la Societ\u00e0 Canoa San Giorgio \u00e8 cresciuta negli anni ed \u00e8 ora in grado di mettere a disposizione dei suoi atleti i mezzi necessari per competere alla pari con i migliori.<\/p>\n<figure id=\"attachment_57134\" aria-describedby=\"caption-attachment-57134\" style=\"width: 1000px\" class=\"wp-caption aligncenter\"><img loading=\"lazy\" decoding=\"async\" class=\"wp-image-57134 size-full\" src=\"https:\/\/imagazine.it\/wp-content\/uploads\/2024\/07\/marvucic-sul-podio-under-23.jpg\" alt=\"\" width=\"1000\" height=\"604\" title=\"\" srcset=\"https:\/\/imagazine.it\/wp-content\/uploads\/2024\/07\/marvucic-sul-podio-under-23.jpg 1000w, https:\/\/imagazine.it\/wp-content\/uploads\/2024\/07\/marvucic-sul-podio-under-23-300x181.jpg 300w, https:\/\/imagazine.it\/wp-content\/uploads\/2024\/07\/marvucic-sul-podio-under-23-768x464.jpg 768w\" sizes=\"auto, (max-width: 1000px) 100vw, 1000px\" \/><figcaption id=\"caption-attachment-57134\" class=\"wp-caption-text\">Marvucic, a sinistra, sul podio under 23<\/figcaption><\/figure>\n<p>Oltre ai Campionati U17, a Varese, sono stati disputati anche i <strong>Campionati U23<\/strong> e <strong>Josef Marvucic<\/strong>, nonostante la sua giovane et\u00e0, 18 anni appena compiuti, ha voluto cimentarsi anche nella categoria superiore sfiorando il colpo grosso, arrivando al secondo posto alle spalle di <strong>Marco Selva<\/strong> del Cernobbio.<\/p>\n<p>Per Marvucic ora ci sar\u00e0 un periodo di ritiro con la Nazionale U19, in vista dei Mondiali che si svolgeranno in Canada dal 18 al 25 agosto.<\/p>\n","protected":false},"excerpt":{"rendered":"<p>Impresa del canottiere sangiorgino sul lago di Varese: rifilati 4 secondi al primo inseguitore. Marvucic &#8220;spaventa&#8221; gli under 23<\/p>\n","protected":false},"author":22,"featured_media":57135,"comment_status":"closed","ping_status":"closed","sticky":false,"template":"","format":"image","meta":{"dwc-title":[""],"dwc-content":[""],"footnotes":""},"categories":[38],"tags":[1577,441,442,2080],"class_list":["post-57133","post","type-post","status-publish","format-image","has-post-thumbnail","hentry","category-sport","tag-bressan","tag-canottaggio","tag-san-giorgio","tag-vittoria","post_format-post-format-image"],"rttpg_featured_image_url":{"full":["https:\/\/imagazine.it\/wp-content\/uploads\/2024\/07\/bressan-elia-camp.it_.-U17-Copia.jpg",1366,650,false],"landscape":["https:\/\/imagazine.it\/wp-content\/uploads\/2024\/07\/bressan-elia-camp.it_.-U17-Copia.jpg",1366,650,false],"portraits":["https:\/\/imagazine.it\/wp-content\/uploads\/2024\/07\/bressan-elia-camp.it_.-U17-Copia.jpg",1366,650,false],"thumbnail":["https:\/\/imagazine.it\/wp-content\/uploads\/2024\/07\/bressan-elia-camp.it_.-U17-Copia-150x150.jpg",150,150,true],"medium":["https:\/\/imagazine.it\/wp-content\/uploads\/2024\/07\/bressan-elia-camp.it_.-U17-Copia-300x143.jpg",300,143,true],"large":["https:\/\/imagazine.it\/wp-content\/uploads\/2024\/07\/bressan-elia-camp.it_.-U17-Copia-1024x487.jpg",640,304,true],"thumblist":["https:\/\/imagazine.it\/wp-content\/uploads\/2024\/07\/bressan-elia-camp.it_.-U17-Copia-300x300.jpg",300,300,true],"thumbrelated":["https:\/\/imagazine.it\/wp-content\/uploads\/2024\/07\/bressan-elia-camp.it_.-U17-Copia-500x500.jpg",500,500,true],"meccarouselthumb":["https:\/\/imagazine.it\/wp-content\/uploads\/2024\/07\/bressan-elia-camp.it_.-U17-Copia-474x324.jpg",474,324,true],"gridsquare":["https:\/\/imagazine.it\/wp-content\/uploads\/2024\/07\/bressan-elia-camp.it_.-U17-Copia-391x260.jpg",391,260,true],"tileview":["https:\/\/imagazine.it\/wp-content\/uploads\/2024\/07\/bressan-elia-camp.it_.-U17-Copia-300x400.jpg",300,400,true],"1536x1536":["https:\/\/imagazine.it\/wp-content\/uploads\/2024\/07\/bressan-elia-camp.it_.-U17-Copia.jpg",1366,650,false],"2048x2048":["https:\/\/imagazine.it\/wp-content\/uploads\/2024\/07\/bressan-elia-camp.it_.-U17-Copia.jpg",1366,650,false],"newsup-slider-full":["https:\/\/imagazine.it\/wp-content\/uploads\/2024\/07\/bressan-elia-camp.it_.-U17-Copia-1280x650.jpg",1280,650,true],"newsup-featured":["https:\/\/imagazine.it\/wp-content\/uploads\/2024\/07\/bressan-elia-camp.it_.-U17-Copia-1024x487.jpg",1024,487,true],"newsup-medium":["https:\/\/imagazine.it\/wp-content\/uploads\/2024\/07\/bressan-elia-camp.it_.-U17-Copia-720x380.jpg",720,380,true],"tptn_thumbnail":["https:\/\/imagazine.it\/wp-content\/uploads\/2024\/07\/bressan-elia-camp.it_.-U17-Copia-250x210.jpg",250,210,true],"sow-carousel-default":["https:\/\/imagazine.it\/wp-content\/uploads\/2024\/07\/bressan-elia-camp.it_.-U17-Copia-272x182.jpg",272,182,true]},"rttpg_author":{"display_name":"Livio Nonis","author_link":"https:\/\/imagazine.it\/home_desk\/author\/nonis\/"},"rttpg_comment":0,"rttpg_category":"<a href=\"https:\/\/imagazine.it\/home_desk\/category\/sport\/\" rel=\"category tag\">SPORT<\/a>","rttpg_excerpt":"Impresa del canottiere sangiorgino sul lago di Varese: rifilati 4 secondi al primo inseguitore. Marvucic \"spaventa\" gli under 23","_links":{"self":[{"href":"https:\/\/imagazine.it\/home_desk\/wp-json\/wp\/v2\/posts\/57133","targetHints":{"allow":["GET"]}}],"collection":[{"href":"https:\/\/imagazine.it\/home_desk\/wp-json\/wp\/v2\/posts"}],"about":[{"href":"https:\/\/imagazine.it\/home_desk\/wp-json\/wp\/v2\/types\/post"}],"author":[{"embeddable":true,"href":"https:\/\/imagazine.it\/home_desk\/wp-json\/wp\/v2\/users\/22"}],"replies":[{"embeddable":true,"href":"https:\/\/imagazine.it\/home_desk\/wp-json\/wp\/v2\/comments?post=57133"}],"version-history":[{"count":0,"href":"https:\/\/imagazine.it\/home_desk\/wp-json\/wp\/v2\/posts\/57133\/revisions"}],"wp:featuredmedia":[{"embeddable":true,"href":"https:\/\/imagazine.it\/home_desk\/wp-json\/wp\/v2\/media\/57135"}],"wp:attachment":[{"href":"https:\/\/imagazine.it\/home_desk\/wp-json\/wp\/v2\/media?parent=57133"}],"wp:term":[{"taxonomy":"category","embeddable":true,"href":"https:\/\/imagazine.it\/home_desk\/wp-json\/wp\/v2\/categories?post=57133"},{"taxonomy":"post_tag","embeddable":true,"href":"https:\/\/imagazine.it\/home_desk\/wp-json\/wp\/v2\/tags?post=57133"}],"curies":[{"name":"wp","href":"https:\/\/api.w.org\/{rel}","templated":true}]}}