{"id":57066,"date":"2024-07-10T17:45:42","date_gmt":"2024-07-10T15:45:42","guid":{"rendered":"https:\/\/imagazine.it\/home_desk\/?p=57066"},"modified":"2024-07-15T10:28:23","modified_gmt":"2024-07-15T08:28:23","slug":"nozze-dargento-per-il-gemellaggio-francese-di-fiumicello","status":"publish","type":"post","link":"https:\/\/imagazine.it\/home_desk\/nozze-dargento-per-il-gemellaggio-francese-di-fiumicello\/","title":{"rendered":"Nozze d&#8217;argento per il gemellaggio francese di Fiumicello"},"content":{"rendered":"<p><em><span style=\"font-size: 10pt;\">I due sindaci che hanno firmato il patto nel 1999, Paolo Dean e Daniel Baechler (ph. Foto Andrian)<\/span><\/em><\/p>\n<p>FIUMICELLO VILLA VICENTINA &#8211; Ricorre il 25\u00b0 anniversario della firma del patto di gemellaggio tra il Comune di Fiumicello (all\u2019epoca non ancora Fiumicello Villa Vicentina) e quello francese di Le Temple sur Lot.<\/p>\n<p>Questo gemellaggio, che ha radici profonde nella storia e nella cultura delle rispettive Comunit\u00e0, non \u00e8 solo un simbolo di amicizia ma rappresenta anche un modello da seguire per la promozione di una cultura di pace e di rispetto tra i popoli.<\/p>\n<h3>Il Comitato<\/h3>\n<p>Lo scambio, reso possibile grazie al grande lavoro del <strong>Comitato dei gemellaggi &#8220;Fiumicello Villa Vicentina in Europa&#8221;<\/strong> e grazie al contributo della Regione Friuli Venezia Giulia, \u00e8 la dimostrazione di come la costruzione di un&#8217;identit\u00e0 europea non passi solo attraverso il lavoro delle istituzioni ma possa e debba partire anche dal basso, ossia dalla voglia delle persone di aprirsi al mondo e di conoscere e costruire relazioni con persone di lingua, cultura e tradizioni diverse dalle nostre.<\/p>\n<p>Il Comitato per i gemellaggi \u201cFiumicello Villa Vicentina in Europa\u201d, costituitosi a giugno 2023, ha avuto fin da subito chiaro che andava fatta un\u2019attenta riflessione sui cambiamenti intervenuti sia nella societ\u00e0 che nella comunit\u00e0 locale.<\/p>\n<p>Partendo da quest\u2019ultimo punto, era evidente a tutti che la forma organizzativa e la composizione del Comitato dovesse essere coerente con l\u2019assetto istituzionale venutosi a creare a seguito della fusione dei due cessati Comuni di Fiumicello e di Villa Vicentina.<\/p>\n<p>Il nuovo Direttivo, composto da molte persone appartenenti ai due ex Comuni, si \u00e8 riscoperto un gruppo coeso che si \u00e8 fatto carico di portare avanti senza esitazioni le attivit\u00e0 di gemellaggio con il Comune di Colpo (gemellato con Villa Vicentina) e Le Temple sur Lot (gemellato con Fiumicello).<\/p>\n<p>Ma i temi che pi\u00f9 hanno impegnato il Comitato sono quelli che in generale riguardano i cambiamenti intervenuti nella societ\u00e0 a seguito della pandemia di COVID-19.<\/p>\n<p>Il post pandemia ha posto nuove sfide anche ai gemellaggi tra citt\u00e0, ma ha anche creato nuove opportunit\u00e0 per la collaborazione e l&#8217;innovazione.<\/p>\n<h3>Nuovi scenari<\/h3>\n<p>Tra le opportunit\u00e0 pi\u00f9 concrete va sicuramente ricordata l\u2019offerta derivante dallo sviluppo e dall\u2019adozione di nuove tecnologie in molti settori. Ci\u00f2 ha favorito ed intensificato gli scambi virtuali, la comunicazione e la collaborazione online, tanto da creare una sorta di \u201ccontatto continuo\u201d che prima della pandemia talvolta risultava difficile.<\/p>\n<p>Ma la sfida principale sta forse nel fatto che il mondo sta cambiando velocemente e di conseguenza anche le sfide globali come il cambiamento climatico, la povert\u00e0 e le migrazioni possono fornire uno spunto molto importante per lavorare sui pi\u00f9 giovani attraverso progetti congiunti, scambi di esperienze il cui principale obiettivo \u00e8 la sensibilizzazione su questioni importanti.<\/p>\n<p>Ecco perch\u00e9 festeggiamenti del 25\u00b0 anniversario del patto di gemellaggio con il Comune di Le Temple sur Lot (seguiti dai festeggiamenti del 2025 a Colpo) oltre a rappresentare l\u2019effettiva ripresa dei contatti dopo la pandemia segneranno non un traguardo ma un punto di partenza che vedr\u00e0 il Comitato impegnato in un percorso inclusivo e rappresentativo di tutta la comunit\u00e0.<\/p>\n<p>Il progetto \u00e8 stato riconosciuto da Aicree FVG tra i migliori in Regione e pertanto \u00e8 stato finanziato.<\/p>\n<p>\u201cSiamo convinti &#8211; afferma la presidente del Comitato, <strong>Gianna De Toni<\/strong> &#8211; che la promozione dell&#8217;inclusione e della diversit\u00e0 sia fondamentale per costruire societ\u00e0 pi\u00f9 giuste, eque e prospere poich\u00e8 in un mondo sempre pi\u00f9 interconnesso, \u00e8 importante valorizzare le differenze e creare ambienti in cui tutti si sentano accolti, rispettati e valorizzati\u201d.<\/p>\n<p>Per chi volesse partecipare ai festeggiamenti di questa prima ricorrenza, l&#8217;appuntamento \u00e8 <strong>domenica 14 luglio 2024<\/strong> alle ore 15 presso la sala consiliare di Fiumicello.<\/p>\n","protected":false},"excerpt":{"rendered":"<p>Domenica la festa a 25 anni dalla firma dell&#8217;accordo con il comune di Le Temple sur Lot, grazie al Comitato \u201cFiumicello Villa Vicentina in Europa\u201d<\/p>\n","protected":false},"author":22,"featured_media":57067,"comment_status":"closed","ping_status":"closed","sticky":false,"template":"","format":"image","meta":{"dwc-title":[""],"dwc-content":[""],"footnotes":""},"categories":[5],"tags":[427,393,1010,2192,333],"class_list":["post-57066","post","type-post","status-publish","format-image","has-post-thumbnail","hentry","category-attualita","tag-europa","tag-fiumicello","tag-francia","tag-gemellaggio","tag-villa-vicentina","post_format-post-format-image"],"rttpg_featured_image_url":{"full":["https:\/\/imagazine.it\/wp-content\/uploads\/2024\/07\/firma-patto.jpg",1289,794,false],"landscape":["https:\/\/imagazine.it\/wp-content\/uploads\/2024\/07\/firma-patto.jpg",1289,794,false],"portraits":["https:\/\/imagazine.it\/wp-content\/uploads\/2024\/07\/firma-patto.jpg",1289,794,false],"thumbnail":["https:\/\/imagazine.it\/wp-content\/uploads\/2024\/07\/firma-patto-150x150.jpg",150,150,true],"medium":["https:\/\/imagazine.it\/wp-content\/uploads\/2024\/07\/firma-patto-300x185.jpg",300,185,true],"large":["https:\/\/imagazine.it\/wp-content\/uploads\/2024\/07\/firma-patto-1024x631.jpg",640,394,true],"thumblist":["https:\/\/imagazine.it\/wp-content\/uploads\/2024\/07\/firma-patto-300x300.jpg",300,300,true],"thumbrelated":["https:\/\/imagazine.it\/wp-content\/uploads\/2024\/07\/firma-patto-500x500.jpg",500,500,true],"meccarouselthumb":["https:\/\/imagazine.it\/wp-content\/uploads\/2024\/07\/firma-patto-474x324.jpg",474,324,true],"gridsquare":["https:\/\/imagazine.it\/wp-content\/uploads\/2024\/07\/firma-patto-391x260.jpg",391,260,true],"tileview":["https:\/\/imagazine.it\/wp-content\/uploads\/2024\/07\/firma-patto-300x400.jpg",300,400,true],"1536x1536":["https:\/\/imagazine.it\/wp-content\/uploads\/2024\/07\/firma-patto.jpg",1289,794,false],"2048x2048":["https:\/\/imagazine.it\/wp-content\/uploads\/2024\/07\/firma-patto.jpg",1289,794,false],"newsup-slider-full":["https:\/\/imagazine.it\/wp-content\/uploads\/2024\/07\/firma-patto-1280x720.jpg",1280,720,true],"newsup-featured":["https:\/\/imagazine.it\/wp-content\/uploads\/2024\/07\/firma-patto-1024x631.jpg",1024,631,true],"newsup-medium":["https:\/\/imagazine.it\/wp-content\/uploads\/2024\/07\/firma-patto-720x380.jpg",720,380,true],"tptn_thumbnail":["https:\/\/imagazine.it\/wp-content\/uploads\/2024\/07\/firma-patto-250x210.jpg",250,210,true],"sow-carousel-default":["https:\/\/imagazine.it\/wp-content\/uploads\/2024\/07\/firma-patto-272x182.jpg",272,182,true]},"rttpg_author":{"display_name":"Livio Nonis","author_link":"https:\/\/imagazine.it\/home_desk\/author\/nonis\/"},"rttpg_comment":0,"rttpg_category":"<a href=\"https:\/\/imagazine.it\/home_desk\/category\/attualita\/\" rel=\"category tag\">ATTUALIT\u00c0<\/a>","rttpg_excerpt":"Domenica la festa a 25 anni dalla firma dell'accordo con il comune di Le Temple sur Lot, grazie al Comitato \u201cFiumicello Villa Vicentina in Europa\u201d","_links":{"self":[{"href":"https:\/\/imagazine.it\/home_desk\/wp-json\/wp\/v2\/posts\/57066","targetHints":{"allow":["GET"]}}],"collection":[{"href":"https:\/\/imagazine.it\/home_desk\/wp-json\/wp\/v2\/posts"}],"about":[{"href":"https:\/\/imagazine.it\/home_desk\/wp-json\/wp\/v2\/types\/post"}],"author":[{"embeddable":true,"href":"https:\/\/imagazine.it\/home_desk\/wp-json\/wp\/v2\/users\/22"}],"replies":[{"embeddable":true,"href":"https:\/\/imagazine.it\/home_desk\/wp-json\/wp\/v2\/comments?post=57066"}],"version-history":[{"count":0,"href":"https:\/\/imagazine.it\/home_desk\/wp-json\/wp\/v2\/posts\/57066\/revisions"}],"wp:featuredmedia":[{"embeddable":true,"href":"https:\/\/imagazine.it\/home_desk\/wp-json\/wp\/v2\/media\/57067"}],"wp:attachment":[{"href":"https:\/\/imagazine.it\/home_desk\/wp-json\/wp\/v2\/media?parent=57066"}],"wp:term":[{"taxonomy":"category","embeddable":true,"href":"https:\/\/imagazine.it\/home_desk\/wp-json\/wp\/v2\/categories?post=57066"},{"taxonomy":"post_tag","embeddable":true,"href":"https:\/\/imagazine.it\/home_desk\/wp-json\/wp\/v2\/tags?post=57066"}],"curies":[{"name":"wp","href":"https:\/\/api.w.org\/{rel}","templated":true}]}}