{"id":56886,"date":"2024-07-02T15:23:44","date_gmt":"2024-07-02T13:23:44","guid":{"rendered":"https:\/\/imagazine.it\/home_desk\/?p=56886"},"modified":"2024-07-03T12:24:47","modified_gmt":"2024-07-03T10:24:47","slug":"aperte-le-iscrizioni-alla-barcolana-solaris-adriatic-cup","status":"publish","type":"post","link":"https:\/\/imagazine.it\/home_desk\/aperte-le-iscrizioni-alla-barcolana-solaris-adriatic-cup\/","title":{"rendered":"Aperte le iscrizioni alla Barcolana Solaris Adriatic Cup"},"content":{"rendered":"<p>TRIESTE\u00a0\u2013 Sono aperte, sul sito ufficiale della Barcolana, le iscrizioni alla\u00a0<strong>Barcolana Solaris Adriatic Cup<\/strong>, la regata dedicata alla flotta degli armatori degli yacht dello storico cantiere di Aquileia,\u00a0<strong>organizzata dallo Yacht Club Portopiccolo e dalla Societ\u00e0 Velica di Barcola e Grignano<\/strong>\u00a0nella cornice di Portopiccolo.<\/p>\n<p><em>\u201cDopo la Solaris Cup di Porto Rotondo, dove abbiamo avuto il numero record di presenze con 102 Solaris presenti in acqua, siamo sicuri del successo di questa nuova tappa del circuito dei nostri eventi; cos\u00ec ci avviciniamo ai nostri armatori in Adriatico e al nostro territorio. Un anno cos\u00ec importante per il cantiere non si poteva che chiudere al meglio proprio in Barcolana\u201d<\/em>,\u00a0ha dichiarato il\u00a0presidente di Solaris Yachts,<strong> Federico Gambini.<\/strong><\/p>\n<p><em>\u201cLa nuova Barcolana Adriatic Solaris Cup \u00e8 un evento nato per celebrare le pi\u00f9 belle barche \u201cmade in Friuli Venezia Giulia\u201d, un vero e proprio orgoglio del nostro territorio che ha tanto da promuovere in termini di yachting. Accoglieremo con grande entusiasmo gli armatori della Barcolana Solaris Cup a Trieste, con l\u2019obiettivo di dare loro uno splendido campo di regata e tanto divertimento a terra\u201d<\/em>, ha aggiunto il\u00a0direttore sportivo della SVBG,<strong> Dean Bassi<\/strong><\/p>\n<h3><strong>IL PROGRAMMA <\/strong><\/h3>\n<p>Si comincia mercoled\u00ec 9 ottobre con le registrazioni nella sede dello Yacht Club Portopiccolo dalle 10 alle 16.<\/p>\n<p><strong>Gioved\u00ec 10 ottobre si svolger\u00e0 la prima prova<\/strong>, su percorso a bastone o triangolo con partenza e arrivo nelle acque antistanti Portopiccolo \u2013 Sistiana, il cui segnale di avviso sar\u00e0 dato alle ore 13; la sera, alle 18, sempre allo Yacht Club Portopiccolo, si svolger\u00e0 il <em>Media Briefing<\/em> post evento.<\/p>\n<p><strong>Venerd\u00ec 11 ottobre sar\u00e0 la volta della prova costiera sul campo di regata della Barcolana<\/strong>, con segnale di avviso alle ore 10. La linea di partenza sar\u00e0 posizionata tra la Societ\u00e0 Velica di Barcola e Grignano e il Castello di Miramare e la prova avr\u00e0 in comune con la Coppa d\u2019Autunno percorso, tracciato e arrivo a Trieste davanti a Piazza Unit\u00e0, dove a seguire si terr\u00e0 la cerimonia di premiazione.<\/p>\n<p><strong>Domenica 13 ottobre <\/strong>gli scafi della Barcolana Solaris Adriatic Cup chiuderanno la trasferta triestina partecipando alla Barcolana56.<\/p>\n<p>Le imbarcazioni saranno suddivise in\u00a0<strong>tre gruppi di regata<\/strong>: Gruppo A da 36 a 47,99 piedi, Gruppo B da 48 a 59,99 piedi e Gruppo C da 60 piedi.<\/p>\n<p>Durante le premiazioni saranno premiati i primi tre classificati in tempo compensato, in tempo compensato sul percorso della Barcolana e il primo della divisione A e B per ogni categoria in tempo compensato se il gruppo dovesse essere diviso.<\/p>\n<p>Per promuovere la sostenibilit\u00e0 ambientale tra i velisti,\u00a0<strong>anche<\/strong>\u00a0<strong>nella Barcolana Solaris Adriatic Cup \u00e8 prevista la figura del RECO<\/strong>\u00a0&#8211; il Responsabile Ecologico di bordo &#8211; che si far\u00e0 carico per tutto l\u2019equipaggio del rispetto delle buone pratiche di tutela ambientale prima, dopo e durante la regata.<\/p>\n<h3><strong>LA PARTNERSHIP CON PROMOTURISMOFVG<\/strong><\/h3>\n<p>Continua, inoltre, la partnership con Promoturismo FVG, che nel 2023 aveva scelto un\u2019imbarcazione del cantiere di Aquileia, ormeggiata sulle Rive, per promuovere le eccellenze regionali e ospitare diversi incontri. Anche quest\u2019anno <strong>PromoturismoFVG<\/strong>\u00a0ha scelto un Solaris 60 come alfiere del messaggio \u2018<strong><em>Io Sono Friuli Venezia Giulia<\/em>\u2019<\/strong>.<\/p>\n<p>A bordo del 60, un equipaggio \u2018a sorpresa\u2019 e al comando di una timoniera d\u2019eccezione, la triestina <strong>Giulia Pignolo<\/strong>, che nel suo palmares vanta la partecipazione alle Olimpiadi di Pechino 2008 in classe Yngling insieme a Chiara Calligaris e Francesca Scognamillo.<\/p>\n<h3><strong>L\u2019ANTEPRIMA MONDIALE DEL NUOVO SOLARIS 55<\/strong><\/h3>\n<p>Proprio la 56\u00aa edizione della Barcolana sar\u00e0 anche il palcoscenico per il debutto in anteprima mondiale del nuovo\u00a0<strong>Solaris 55<\/strong>, che verr\u00e0 ufficialmente\u00a0<strong>varato e consegnato alla sua nuova armatrice durante i giorni dell\u2019evento<\/strong>.<\/p>\n<p><strong>Cynthia Li Qiao<\/strong>, Fondatrice del Solarista Club di Hong Kong, ha donato e finanzia le operazioni del Solaris 40 MoHan (Senza Limiti &#8211; Limitless), la piattaforma terapeutica a vela, alla ONG Sailability di Hong Kong, fondata da Kay e Mike Rawbone il 23 luglio 2022. Ad oggi oltre 1300 disabili con 16 tipologie di disabilit\u00e0 hanno avuto modo di giovarne. Attualmente Cynthia \u00e8 armatrice di un Solaris 47 del 2019 con il quale ha circumnavigato da sola l\u2019isola di Hong Kong. Sposata e madre di 4 figlia, il nuovo Solaris 55 sar\u00e0 il suo regalo di compleanno.<\/p>\n<p><strong>Le iscrizioni alla prima edizione della Barcolana Solaris Adriatic Cup possono essere effettuate su\u00a0<\/strong><span style=\"text-decoration: underline;\"><a href=\"https:\/\/usw2.nyl.as\/t1\/148\/58m9lykbrmnj6kdtdy2qupdhd\/0\/40aa2bdd84d71453672a12c1c1910d4b63a8e0b56739432700320d9140346b5f\" target=\"_blank\" rel=\"noopener\"><strong>barcolana.it alla pagina dedicata all\u2019evento<\/strong><\/a><\/span>, dove saranno pubblicati anche il bando e i documenti di regata, mentre le istruzioni di regata saranno pubblicate e inviate via mail agli iscritti a una settimana dell\u2019evento.<\/p>\n","protected":false},"excerpt":{"rendered":"<p>Il cantiere di Aquileia ha scelto il palcoscenico triestino per festeggiare i cinquant\u2019anni dalla fondazione e per presentare in anteprima mondiale il nuovo Solaris 55<\/p>\n","protected":false},"author":28,"featured_media":56887,"comment_status":"closed","ping_status":"closed","sticky":false,"template":"","format":"image","meta":{"dwc-title":[""],"dwc-content":[""],"footnotes":""},"categories":[38],"tags":[349,519,1057,1146,65,1056],"class_list":["post-56886","post","type-post","status-publish","format-image","has-post-thumbnail","hentry","category-sport","tag-aquileia","tag-nautica","tag-regata","tag-solaris","tag-trieste","tag-vela","post_format-post-format-image"],"rttpg_featured_image_url":{"full":["https:\/\/imagazine.it\/wp-content\/uploads\/2024\/07\/img_5302.jpg",1366,902,false],"landscape":["https:\/\/imagazine.it\/wp-content\/uploads\/2024\/07\/img_5302.jpg",1366,902,false],"portraits":["https:\/\/imagazine.it\/wp-content\/uploads\/2024\/07\/img_5302.jpg",1366,902,false],"thumbnail":["https:\/\/imagazine.it\/wp-content\/uploads\/2024\/07\/img_5302-150x150.jpg",150,150,true],"medium":["https:\/\/imagazine.it\/wp-content\/uploads\/2024\/07\/img_5302-300x198.jpg",300,198,true],"large":["https:\/\/imagazine.it\/wp-content\/uploads\/2024\/07\/img_5302-1024x676.jpg",640,423,true],"thumblist":["https:\/\/imagazine.it\/wp-content\/uploads\/2024\/07\/img_5302-300x300.jpg",300,300,true],"thumbrelated":["https:\/\/imagazine.it\/wp-content\/uploads\/2024\/07\/img_5302-500x500.jpg",500,500,true],"meccarouselthumb":["https:\/\/imagazine.it\/wp-content\/uploads\/2024\/07\/img_5302-474x324.jpg",474,324,true],"gridsquare":["https:\/\/imagazine.it\/wp-content\/uploads\/2024\/07\/img_5302-391x260.jpg",391,260,true],"tileview":["https:\/\/imagazine.it\/wp-content\/uploads\/2024\/07\/img_5302-300x400.jpg",300,400,true],"1536x1536":["https:\/\/imagazine.it\/wp-content\/uploads\/2024\/07\/img_5302.jpg",1366,902,false],"2048x2048":["https:\/\/imagazine.it\/wp-content\/uploads\/2024\/07\/img_5302.jpg",1366,902,false],"newsup-slider-full":["https:\/\/imagazine.it\/wp-content\/uploads\/2024\/07\/img_5302-1280x720.jpg",1280,720,true],"newsup-featured":["https:\/\/imagazine.it\/wp-content\/uploads\/2024\/07\/img_5302-1024x676.jpg",1024,676,true],"newsup-medium":["https:\/\/imagazine.it\/wp-content\/uploads\/2024\/07\/img_5302-720x380.jpg",720,380,true],"tptn_thumbnail":["https:\/\/imagazine.it\/wp-content\/uploads\/2024\/07\/img_5302-250x210.jpg",250,210,true],"sow-carousel-default":["https:\/\/imagazine.it\/wp-content\/uploads\/2024\/07\/img_5302-272x182.jpg",272,182,true]},"rttpg_author":{"display_name":"redazione","author_link":"https:\/\/imagazine.it\/home_desk\/author\/redazione\/"},"rttpg_comment":0,"rttpg_category":"<a href=\"https:\/\/imagazine.it\/home_desk\/category\/sport\/\" rel=\"category tag\">SPORT<\/a>","rttpg_excerpt":"Il cantiere di Aquileia ha scelto il palcoscenico triestino per festeggiare i cinquant\u2019anni dalla fondazione e per presentare in anteprima mondiale il nuovo Solaris 55","_links":{"self":[{"href":"https:\/\/imagazine.it\/home_desk\/wp-json\/wp\/v2\/posts\/56886","targetHints":{"allow":["GET"]}}],"collection":[{"href":"https:\/\/imagazine.it\/home_desk\/wp-json\/wp\/v2\/posts"}],"about":[{"href":"https:\/\/imagazine.it\/home_desk\/wp-json\/wp\/v2\/types\/post"}],"author":[{"embeddable":true,"href":"https:\/\/imagazine.it\/home_desk\/wp-json\/wp\/v2\/users\/28"}],"replies":[{"embeddable":true,"href":"https:\/\/imagazine.it\/home_desk\/wp-json\/wp\/v2\/comments?post=56886"}],"version-history":[{"count":0,"href":"https:\/\/imagazine.it\/home_desk\/wp-json\/wp\/v2\/posts\/56886\/revisions"}],"wp:featuredmedia":[{"embeddable":true,"href":"https:\/\/imagazine.it\/home_desk\/wp-json\/wp\/v2\/media\/56887"}],"wp:attachment":[{"href":"https:\/\/imagazine.it\/home_desk\/wp-json\/wp\/v2\/media?parent=56886"}],"wp:term":[{"taxonomy":"category","embeddable":true,"href":"https:\/\/imagazine.it\/home_desk\/wp-json\/wp\/v2\/categories?post=56886"},{"taxonomy":"post_tag","embeddable":true,"href":"https:\/\/imagazine.it\/home_desk\/wp-json\/wp\/v2\/tags?post=56886"}],"curies":[{"name":"wp","href":"https:\/\/api.w.org\/{rel}","templated":true}]}}