{"id":56871,"date":"2024-06-29T19:06:51","date_gmt":"2024-06-29T17:06:51","guid":{"rendered":"https:\/\/imagazine.it\/home_desk\/?p=56871"},"modified":"2024-07-02T17:40:39","modified_gmt":"2024-07-02T15:40:39","slug":"da-cervignano-a-gardaland-nel-segno-dellamicizia","status":"publish","type":"post","link":"https:\/\/imagazine.it\/home_desk\/da-cervignano-a-gardaland-nel-segno-dellamicizia\/","title":{"rendered":"Da Cervignano a Gardaland nel segno dell&#8217;amicizia"},"content":{"rendered":"<p><em><span style=\"font-size: 10pt;\">Alcuni degli accompagnatori dei ragazzi cervignanesi a Gardaland<\/span><\/em><\/p>\n<p>CERVIGNANO DEL FRIULI \u2013 La gita a Gardaland organizzata anche quest&#8217;anno per i ragazzi del Ricreatorio di Cervignano ha avuto un orizzonte sempre ampio nel suo intento principale: il valore della condivisione, del viaggio e dell&#8217;amicizia.<\/p>\n<p>L&#8217;esperienza di trascorrere una giornata all&#8217;insegna del divertimento e della spensieratezza ha permesso a tutti di riscoprire i legami che li uniscono.<\/p>\n<p><strong>Don Manuel Millo<\/strong> e alcuni componenti del Consiglio del Ricreatorio \u2013 che sono stati gli accompagnatori della giornata \u2013 ricordano che l&#8217;amicizia nasce anche cos\u00ec, quasi per caso e poi va al di l\u00e0 delle parole: \u00e8 uno scambio reciproco di affetto, comprensione e fiducia che arricchisce la vita e ci rende pi\u00f9 forti di fronte alle sfide che il destino riserva.<\/p>\n","protected":false},"excerpt":{"rendered":"<p>Rinnovato il viaggio annuale organizzato dal Ricreatorio San Michele: occasione per riscoprire e rinsaldare legami <\/p>\n","protected":false},"author":22,"featured_media":56872,"comment_status":"closed","ping_status":"closed","sticky":false,"template":"","format":"image","meta":{"dwc-title":[""],"dwc-content":[""],"footnotes":""},"categories":[5],"tags":[119,2156,83,526],"class_list":["post-56871","post","type-post","status-publish","format-image","has-post-thumbnail","hentry","category-attualita","tag-cervignano","tag-gardaland","tag-giovani","tag-ricreatorio","post_format-post-format-image"],"rttpg_featured_image_url":{"full":["https:\/\/imagazine.it\/wp-content\/uploads\/2024\/07\/gardaland.jpeg",1366,1180,false],"landscape":["https:\/\/imagazine.it\/wp-content\/uploads\/2024\/07\/gardaland.jpeg",1366,1180,false],"portraits":["https:\/\/imagazine.it\/wp-content\/uploads\/2024\/07\/gardaland.jpeg",1366,1180,false],"thumbnail":["https:\/\/imagazine.it\/wp-content\/uploads\/2024\/07\/gardaland-150x150.jpeg",150,150,true],"medium":["https:\/\/imagazine.it\/wp-content\/uploads\/2024\/07\/gardaland-300x259.jpeg",300,259,true],"large":["https:\/\/imagazine.it\/wp-content\/uploads\/2024\/07\/gardaland-1024x885.jpeg",640,553,true],"thumblist":["https:\/\/imagazine.it\/wp-content\/uploads\/2024\/07\/gardaland-300x300.jpeg",300,300,true],"thumbrelated":["https:\/\/imagazine.it\/wp-content\/uploads\/2024\/07\/gardaland-500x500.jpeg",500,500,true],"meccarouselthumb":["https:\/\/imagazine.it\/wp-content\/uploads\/2024\/07\/gardaland-474x324.jpeg",474,324,true],"gridsquare":["https:\/\/imagazine.it\/wp-content\/uploads\/2024\/07\/gardaland-391x260.jpeg",391,260,true],"tileview":["https:\/\/imagazine.it\/wp-content\/uploads\/2024\/07\/gardaland-300x400.jpeg",300,400,true],"1536x1536":["https:\/\/imagazine.it\/wp-content\/uploads\/2024\/07\/gardaland.jpeg",1366,1180,false],"2048x2048":["https:\/\/imagazine.it\/wp-content\/uploads\/2024\/07\/gardaland.jpeg",1366,1180,false],"newsup-slider-full":["https:\/\/imagazine.it\/wp-content\/uploads\/2024\/07\/gardaland-1280x720.jpeg",1280,720,true],"newsup-featured":["https:\/\/imagazine.it\/wp-content\/uploads\/2024\/07\/gardaland-1024x885.jpeg",1024,885,true],"newsup-medium":["https:\/\/imagazine.it\/wp-content\/uploads\/2024\/07\/gardaland-720x380.jpeg",720,380,true],"tptn_thumbnail":["https:\/\/imagazine.it\/wp-content\/uploads\/2024\/07\/gardaland-250x210.jpeg",250,210,true],"sow-carousel-default":["https:\/\/imagazine.it\/wp-content\/uploads\/2024\/07\/gardaland-272x182.jpeg",272,182,true]},"rttpg_author":{"display_name":"Livio Nonis","author_link":"https:\/\/imagazine.it\/home_desk\/author\/nonis\/"},"rttpg_comment":0,"rttpg_category":"<a href=\"https:\/\/imagazine.it\/home_desk\/category\/attualita\/\" rel=\"category tag\">ATTUALIT\u00c0<\/a>","rttpg_excerpt":"Rinnovato il viaggio annuale organizzato dal Ricreatorio San Michele: occasione per riscoprire e rinsaldare legami","_links":{"self":[{"href":"https:\/\/imagazine.it\/home_desk\/wp-json\/wp\/v2\/posts\/56871","targetHints":{"allow":["GET"]}}],"collection":[{"href":"https:\/\/imagazine.it\/home_desk\/wp-json\/wp\/v2\/posts"}],"about":[{"href":"https:\/\/imagazine.it\/home_desk\/wp-json\/wp\/v2\/types\/post"}],"author":[{"embeddable":true,"href":"https:\/\/imagazine.it\/home_desk\/wp-json\/wp\/v2\/users\/22"}],"replies":[{"embeddable":true,"href":"https:\/\/imagazine.it\/home_desk\/wp-json\/wp\/v2\/comments?post=56871"}],"version-history":[{"count":0,"href":"https:\/\/imagazine.it\/home_desk\/wp-json\/wp\/v2\/posts\/56871\/revisions"}],"wp:featuredmedia":[{"embeddable":true,"href":"https:\/\/imagazine.it\/home_desk\/wp-json\/wp\/v2\/media\/56872"}],"wp:attachment":[{"href":"https:\/\/imagazine.it\/home_desk\/wp-json\/wp\/v2\/media?parent=56871"}],"wp:term":[{"taxonomy":"category","embeddable":true,"href":"https:\/\/imagazine.it\/home_desk\/wp-json\/wp\/v2\/categories?post=56871"},{"taxonomy":"post_tag","embeddable":true,"href":"https:\/\/imagazine.it\/home_desk\/wp-json\/wp\/v2\/tags?post=56871"}],"curies":[{"name":"wp","href":"https:\/\/api.w.org\/{rel}","templated":true}]}}