{"id":56725,"date":"2024-06-24T13:43:37","date_gmt":"2024-06-24T11:43:37","guid":{"rendered":"https:\/\/imagazine.it\/home_desk\/?p=56725"},"modified":"2024-06-28T10:54:15","modified_gmt":"2024-06-28T08:54:15","slug":"san-vito-festeggia-i-100-anni-di-aurora-gregoretti","status":"publish","type":"post","link":"https:\/\/imagazine.it\/home_desk\/san-vito-festeggia-i-100-anni-di-aurora-gregoretti\/","title":{"rendered":"San Vito festeggia i 100 anni di Aurora Gregoretti"},"content":{"rendered":"<p><span style=\"font-size: 10pt;\"><em>Aurora Gregoretti tra don Federico Basso e Gabriele Zanin\u00a0<\/em><\/span><\/p>\n<p>SAN VITO AL TORRE \u2013 Nella cornice della Piazzetta della Madonnina, si \u00e8 svolta la cerimonia per celebrare il centesimo compleanno di <strong>Aurora Gregoretti<\/strong>.<\/p>\n<p>Un evento ricco di emozioni che ha coinvolto numerose persone riunite per festeggiare questo traguardo.<\/p>\n<p><strong>Don Federico Basso<\/strong> ha celebrato la messa presso l\u2019Anconetta della Madonnina (a breve compir\u00e0 70 anni dalla sua realizzazione) per onorare in modo speciale la giornata.<\/p>\n<p>Aurora non fa mai mancare le decorazioni floreali a questo simbolo della comunit\u00e0 di San Vito. Nonostante la sua veneranda et\u00e0, tiene questo luogo immacolato.<\/p>\n<p>Nata il 24 giugno 1924, Aurora ha trascorso la sua infanzia e giovinezza immersa nella vita di campagna. Fin da piccola, fianco a fianco al padre, allevatore e contadino, ha imparato il valore del lavoro e la dedizione alla cura della terra e degli animali.<\/p>\n<p>Gi\u00e0 in giovane et\u00e0 ha dovuto assumersi responsabilit\u00e0 e impegni domestici, dimostrando una maturit\u00e0 e una tenacia fuori dal comune.<\/p>\n<p>Nel 1948, l&#8217;amore sbocciato con Bruno Menon la condusse al matrimonio.<\/p>\n<p>Insieme, hanno costruito una solida famiglia, coronata dalla nascita di Mario e Angela.<\/p>\n<figure id=\"attachment_56726\" aria-describedby=\"caption-attachment-56726\" style=\"width: 800px\" class=\"wp-caption aligncenter\"><img loading=\"lazy\" decoding=\"async\" class=\"wp-image-56726 size-full\" src=\"https:\/\/imagazine.it\/wp-content\/uploads\/2024\/06\/100-aurora-02.jpg\" alt=\"\" width=\"800\" height=\"1067\" title=\"\" srcset=\"https:\/\/imagazine.it\/wp-content\/uploads\/2024\/06\/100-aurora-02.jpg 800w, https:\/\/imagazine.it\/wp-content\/uploads\/2024\/06\/100-aurora-02-225x300.jpg 225w, https:\/\/imagazine.it\/wp-content\/uploads\/2024\/06\/100-aurora-02-768x1024.jpg 768w, https:\/\/imagazine.it\/wp-content\/uploads\/2024\/06\/100-aurora-02-300x400.jpg 300w\" sizes=\"auto, (max-width: 800px) 100vw, 800px\" \/><figcaption id=\"caption-attachment-56726\" class=\"wp-caption-text\">Aurora con i figli Mario e Angela<\/figcaption><\/figure>\n<p>Aurora \u00e8 stata un pilastro fondamentale per la sua famiglia, una fonte di sostegno e conforto anche nei periodi pi\u00f9 difficili.<\/p>\n<p>Con il passare degli anni, la famiglia si \u00e8 allargata ulteriormente, con l&#8217;arrivo di Luca, Nicola, Andrea e Federica.<\/p>\n<p>Non solo, la gioia di Aurora \u00e8 stata amplificata dalla nascita dei pronipoti: Gaia, Cristian, Rossella, Giulia, Bianca e Tobia. In occasione del suo compleanno, Aurora \u00e8 stata circondata dall&#8217;affetto dei suoi cari, tra cui parenti e amici.<\/p>\n<p>Un&#8217;occasione speciale per celebrare una vita ricca di amore, dedizione e valori autentici.<\/p>\n<p>Una particolarit\u00e0 la presenza del primo cittadino <strong>Gabriele Zanin<\/strong> che ha indossato per l\u2019occasione per la prima volta, dopo le recenti elezioni comunali, la fascia tricolore di primo cittadino.<\/p>\n","protected":false},"excerpt":{"rendered":"<p>Celebrazione presso l\u2019Anconetta della Madonnina a cui la neo centenaria garantisce le sue decorazioni floreali<\/p>\n","protected":false},"author":22,"featured_media":56727,"comment_status":"closed","ping_status":"closed","sticky":false,"template":"","format":"image","meta":{"dwc-title":[""],"dwc-content":[""],"footnotes":""},"categories":[5],"tags":[189,1541,382,282],"class_list":["post-56725","post","type-post","status-publish","format-image","has-post-thumbnail","hentry","category-attualita","tag-anziani","tag-centenario","tag-festa","tag-san-vito","post_format-post-format-image"],"rttpg_featured_image_url":{"full":["https:\/\/imagazine.it\/wp-content\/uploads\/2024\/06\/100-aurora-05.jpg",1366,1027,false],"landscape":["https:\/\/imagazine.it\/wp-content\/uploads\/2024\/06\/100-aurora-05.jpg",1366,1027,false],"portraits":["https:\/\/imagazine.it\/wp-content\/uploads\/2024\/06\/100-aurora-05.jpg",1366,1027,false],"thumbnail":["https:\/\/imagazine.it\/wp-content\/uploads\/2024\/06\/100-aurora-05-150x150.jpg",150,150,true],"medium":["https:\/\/imagazine.it\/wp-content\/uploads\/2024\/06\/100-aurora-05-300x226.jpg",300,226,true],"large":["https:\/\/imagazine.it\/wp-content\/uploads\/2024\/06\/100-aurora-05-1024x770.jpg",640,481,true],"thumblist":["https:\/\/imagazine.it\/wp-content\/uploads\/2024\/06\/100-aurora-05-300x300.jpg",300,300,true],"thumbrelated":["https:\/\/imagazine.it\/wp-content\/uploads\/2024\/06\/100-aurora-05-500x500.jpg",500,500,true],"meccarouselthumb":["https:\/\/imagazine.it\/wp-content\/uploads\/2024\/06\/100-aurora-05-474x324.jpg",474,324,true],"gridsquare":["https:\/\/imagazine.it\/wp-content\/uploads\/2024\/06\/100-aurora-05-391x260.jpg",391,260,true],"tileview":["https:\/\/imagazine.it\/wp-content\/uploads\/2024\/06\/100-aurora-05-300x400.jpg",300,400,true],"1536x1536":["https:\/\/imagazine.it\/wp-content\/uploads\/2024\/06\/100-aurora-05.jpg",1366,1027,false],"2048x2048":["https:\/\/imagazine.it\/wp-content\/uploads\/2024\/06\/100-aurora-05.jpg",1366,1027,false],"newsup-slider-full":["https:\/\/imagazine.it\/wp-content\/uploads\/2024\/06\/100-aurora-05-1280x720.jpg",1280,720,true],"newsup-featured":["https:\/\/imagazine.it\/wp-content\/uploads\/2024\/06\/100-aurora-05-1024x770.jpg",1024,770,true],"newsup-medium":["https:\/\/imagazine.it\/wp-content\/uploads\/2024\/06\/100-aurora-05-720x380.jpg",720,380,true],"tptn_thumbnail":["https:\/\/imagazine.it\/wp-content\/uploads\/2024\/06\/100-aurora-05-250x210.jpg",250,210,true],"sow-carousel-default":["https:\/\/imagazine.it\/wp-content\/uploads\/2024\/06\/100-aurora-05-272x182.jpg",272,182,true]},"rttpg_author":{"display_name":"Livio Nonis","author_link":"https:\/\/imagazine.it\/home_desk\/author\/nonis\/"},"rttpg_comment":0,"rttpg_category":"<a href=\"https:\/\/imagazine.it\/home_desk\/category\/attualita\/\" rel=\"category tag\">ATTUALIT\u00c0<\/a>","rttpg_excerpt":"Celebrazione presso l\u2019Anconetta della Madonnina a cui la neo centenaria garantisce le sue decorazioni floreali","_links":{"self":[{"href":"https:\/\/imagazine.it\/home_desk\/wp-json\/wp\/v2\/posts\/56725","targetHints":{"allow":["GET"]}}],"collection":[{"href":"https:\/\/imagazine.it\/home_desk\/wp-json\/wp\/v2\/posts"}],"about":[{"href":"https:\/\/imagazine.it\/home_desk\/wp-json\/wp\/v2\/types\/post"}],"author":[{"embeddable":true,"href":"https:\/\/imagazine.it\/home_desk\/wp-json\/wp\/v2\/users\/22"}],"replies":[{"embeddable":true,"href":"https:\/\/imagazine.it\/home_desk\/wp-json\/wp\/v2\/comments?post=56725"}],"version-history":[{"count":0,"href":"https:\/\/imagazine.it\/home_desk\/wp-json\/wp\/v2\/posts\/56725\/revisions"}],"wp:featuredmedia":[{"embeddable":true,"href":"https:\/\/imagazine.it\/home_desk\/wp-json\/wp\/v2\/media\/56727"}],"wp:attachment":[{"href":"https:\/\/imagazine.it\/home_desk\/wp-json\/wp\/v2\/media?parent=56725"}],"wp:term":[{"taxonomy":"category","embeddable":true,"href":"https:\/\/imagazine.it\/home_desk\/wp-json\/wp\/v2\/categories?post=56725"},{"taxonomy":"post_tag","embeddable":true,"href":"https:\/\/imagazine.it\/home_desk\/wp-json\/wp\/v2\/tags?post=56725"}],"curies":[{"name":"wp","href":"https:\/\/api.w.org\/{rel}","templated":true}]}}