{"id":56692,"date":"2024-06-26T19:09:26","date_gmt":"2024-06-26T17:09:26","guid":{"rendered":"https:\/\/imagazine.it\/home_desk\/?p=56692"},"modified":"2024-06-27T16:41:52","modified_gmt":"2024-06-27T14:41:52","slug":"torna-libri-e-autori-a-grado","status":"publish","type":"post","link":"https:\/\/imagazine.it\/home_desk\/torna-libri-e-autori-a-grado\/","title":{"rendered":"Torna Libri e Autori a Grado"},"content":{"rendered":"<p><span style=\"font-size: 10pt;\"><em>Il manifesto del maestro Munaro <\/em><\/span><\/p>\n<p>GRADO \u2013 Torna <strong><em>Libri e Autori a Grado<\/em><\/strong> con un programma vario e un&#8217;immagine rinnovata.<\/p>\n<p>In copertina, infatti, il manifesto delle bagnanti a Grado di Auchentaller \u00e8 stato sostituito da quello del maestro Munaro che raffigura le nuove tende a righe azzurre della spiaggia che riprendono quelle del tempo di Sissi quando la famiglia Imperiale frequentava l\u2019Isola d\u2019Oro.<\/p>\n<p>Dal <strong>4 luglio al 28 agosto diciotto appuntamenti<\/strong> in spiaggia GIT Experience: sempre alle 18 al Velarium della spiaggia GIT a ingresso libero.<\/p>\n<p>La rassegna, giunta alla <strong>33\u00aa edizione<\/strong>, si apre con un omaggio a <strong>Mal dei Primitives<\/strong> e ai suoi 80 anni. Giunto a questo invidiabile traguardo Mal ha scritto un libro, <em>Furia Mal<\/em>, Bertoni Ed., in cui si racconta; in spiaggia il <strong>4 luglio<\/strong>, per l&#8217;apertura sar\u00e0 intervistato da <strong>Maria Giovanna Elmi<\/strong>, sua grande amica, e <strong>Alex Pessotto<\/strong>, giornalista.<\/p>\n<p>Seguir\u00e0, <strong>venerd\u00ec 5 luglio,<\/strong> <strong>Alessandro Marzo Magno<\/strong> con il suo romanzo dedicato Giacomo Casanova edito da Laterza, sar\u00e0 intervistato da <strong>Gian Paolo Polesini<\/strong>.<\/p>\n<p>Con <strong>Paolo Pichierri il 10 luglio<\/strong>, intervistato da <strong>Leonardo Tognon<\/strong>, e la sua ultima pubblicazione <em>La chiave di via Rastello<\/em>, Rossini Editore, si torna a Gorizia con un giallo ambientato nella mitica via Rastello.<\/p>\n<p>Un gradito ritorno per uno dei giornalisti pi\u00f9 glamour e amato dal pubblico, <strong>Antonio Caprarica<\/strong>, che, intervistato da <strong>Franco del Campo<\/strong>, racconter\u00e0 <em>La fine dell&#8217;Inghilterra<\/em> (Sperling&amp;Kupfer).<\/p>\n<p>Il <strong>17 luglio Leonardo Piccinini e Piero Maranghi<\/strong> in dialogo con <strong>Marina Maroncelli<\/strong> parleranno del loro libro <em>Almanacco di Bellezza &#8211; <\/em><em>divagazioni quotidiane e curiosit\u00e0 dal calendario<\/em>, Rizzoli, fornendo spunti per leggere, ascoltare musica, visitare una mostra, temi che seguono quotidianamente per Classica HD su Sky.<\/p>\n<p>Il <strong>25 Luglio<\/strong> sar\u00e0 la volta di <strong>Francesco De Filippo, <\/strong>direttore dell&#8217;Ansa regionale, napoletano naturalizzato triestino, che ha dedicato a questa citt\u00e0 cos\u00ec particolare il giallo <em>Trieste \u00e8 un&#8217;Isola<\/em>, Castelvecchi Editore, intervistato da <strong>Elena Commessatti<\/strong>.<\/p>\n<p>Nuova presenza alla rassegna quella di <strong>Lucia Esposito<\/strong>, giornalista, attualmente capo Redazione Cultura di <em>Libero<\/em>, che viene a Grado per presentare, intervistata da <strong>Elisabetta de Dominis<\/strong>, il suo primo romanzo, appena uscito <em>Sorelle spaiate &#8211; una storia vera<\/em>, Giunti.<\/p>\n<p><strong>Mercoled\u00ec 31 luglio<\/strong> con la presentazione del libro <em>A cavallo del muro<\/em>, a cura di <strong>Paolo Possamai e Livio Semolic<\/strong>, verr\u00e0 ricordato un grande amico di Grado, Demetrio Volcic.<\/p>\n<p>Ad aprire la rassegna del mese di agosto <em>Trentatr\u00e9<\/em> <em>traduzioni:<\/em> <em>cartoline<\/em> <em>da<\/em> <em>un&#8217;arca<\/em> <em>russa<\/em>. &#8220;<strong>Perch\u00e9<\/strong> <strong>il<\/strong> <strong>mare<\/strong> <strong>\u2013<\/strong> <strong>\u00e8<\/strong> <strong>reciproco&#8221; (M. Cvetaeva) con Margherita De Michiel e i suoi allievi del progetto Quadrato Culturale T.E.T.R.I.S.S. (Universit\u00e0 di Trieste)<\/strong>.<\/p>\n<p>A seguire il ritorno di un giovane scrittore gradese gi\u00e0 conosciuto, <strong>Cristiano Meneghel<\/strong>, con <em>La fiaba del turco<\/em>, intervistato dal suo editore, <strong>Mario Fontana<\/strong>.<\/p>\n<p>Il 7 agosto <strong>Margherita Reguitti<\/strong> presenter\u00e0 il libro della giornalista <strong>Cecilia Gentile<\/strong>, <em>Bambini<\/em> <em>all&#8217;inferno<\/em>, Salani, una sconvolgente inchiesta sui bambini di Gaza.<\/p>\n<p>Gioved\u00ec <strong>8 agosto<\/strong> ritorna <strong>Nello Cristianini<\/strong>, il professore goriziano che ha la cattedra di IA all\u2019Universit\u00e0 di Bath, UK, per presentare con <strong>Leonardo Tognon<\/strong> il suo ultimo libro: <em>Machina<\/em> <em>sapiens<\/em> <em>&#8211;<\/em> <em>come<\/em> <em>le<\/em> <em>macchine<\/em> <em>sono<\/em> <em>diventate<\/em> <em>intelligenti <\/em><em>senza pensare in modo umano<\/em>.<\/p>\n<p>Venerd\u00ec <strong>9 agosto<\/strong> il ritorno di <strong>Marcello Veneziani<\/strong> con <em>L\u2019amore necessario<\/em>, Marisilio. Dialogher\u00e0 con lui <strong>Elisabetta de Dominis<\/strong>.<\/p>\n<p>Il <strong>21 agosto Gianfranco Amato<\/strong> con <em>Gli equivoci della verit\u00e0<\/em>, QuiEdit.<\/p>\n<p>Quindi due autrici regionali intervistate da <strong>Elisa Michellut<\/strong>: <strong>Francesca Cerno<\/strong> e il suo libro <em>Daimon &#8211; <\/em><em>Quel che \u00e8 fatto \u00e8 Fato<\/em>, Chiara Luce Ed., e <strong>Irene Giurovich<\/strong> con <em>L&#8217;ultimo battito<\/em>, Rossini.<\/p>\n<p>Gran finale della rassegna<strong> mercoled\u00ec 28 agosto <\/strong>con<strong> Carlo Cottarelli<\/strong> che porter\u00e0 <em>Dentro il Palazzo<\/em>, Mondadori, per raccontare la sua esperienza nelle aule del potere.<\/p>\n<p>La rassegna Libri e autori a Grado, salotto in spiaggia \u00e8 realizzata dall&#8217;Associazione Culturale CLIO curata da <strong>Giuliana Variola<\/strong>, con il contributo del Comune di Grado, di Cassa Rurale FVG, di GIT Grado Impianti Turistici.<\/p>\n","protected":false},"excerpt":{"rendered":"<p>Dal 4 luglio al 28 agosto diciotto appuntamenti in spiaggia. Rinnovata l&#8217;immagine dell&#8217;evento. Ecco tutti i protagonisti <\/p>\n","protected":false},"author":28,"featured_media":56693,"comment_status":"closed","ping_status":"closed","sticky":false,"template":"","format":"image","meta":{"dwc-title":[""],"dwc-content":[""],"footnotes":""},"categories":[37],"tags":[261,826,174,273,1985],"class_list":["post-56692","post","type-post","status-publish","format-image","has-post-thumbnail","hentry","category-cultura-e-spettacolo","tag-eventi","tag-eventi-fvg","tag-grado","tag-libri","tag-presentazione","post_format-post-format-image"],"rttpg_featured_image_url":{"full":["https:\/\/imagazine.it\/wp-content\/uploads\/2024\/06\/autori.jpg",1366,917,false],"landscape":["https:\/\/imagazine.it\/wp-content\/uploads\/2024\/06\/autori.jpg",1366,917,false],"portraits":["https:\/\/imagazine.it\/wp-content\/uploads\/2024\/06\/autori.jpg",1366,917,false],"thumbnail":["https:\/\/imagazine.it\/wp-content\/uploads\/2024\/06\/autori-150x150.jpg",150,150,true],"medium":["https:\/\/imagazine.it\/wp-content\/uploads\/2024\/06\/autori-300x201.jpg",300,201,true],"large":["https:\/\/imagazine.it\/wp-content\/uploads\/2024\/06\/autori-1024x687.jpg",640,429,true],"thumblist":["https:\/\/imagazine.it\/wp-content\/uploads\/2024\/06\/autori-300x300.jpg",300,300,true],"thumbrelated":["https:\/\/imagazine.it\/wp-content\/uploads\/2024\/06\/autori-500x500.jpg",500,500,true],"meccarouselthumb":["https:\/\/imagazine.it\/wp-content\/uploads\/2024\/06\/autori-474x324.jpg",474,324,true],"gridsquare":["https:\/\/imagazine.it\/wp-content\/uploads\/2024\/06\/autori-391x260.jpg",391,260,true],"tileview":["https:\/\/imagazine.it\/wp-content\/uploads\/2024\/06\/autori-300x400.jpg",300,400,true],"1536x1536":["https:\/\/imagazine.it\/wp-content\/uploads\/2024\/06\/autori.jpg",1366,917,false],"2048x2048":["https:\/\/imagazine.it\/wp-content\/uploads\/2024\/06\/autori.jpg",1366,917,false],"newsup-slider-full":["https:\/\/imagazine.it\/wp-content\/uploads\/2024\/06\/autori-1280x720.jpg",1280,720,true],"newsup-featured":["https:\/\/imagazine.it\/wp-content\/uploads\/2024\/06\/autori-1024x687.jpg",1024,687,true],"newsup-medium":["https:\/\/imagazine.it\/wp-content\/uploads\/2024\/06\/autori-720x380.jpg",720,380,true],"tptn_thumbnail":["https:\/\/imagazine.it\/wp-content\/uploads\/2024\/06\/autori-250x210.jpg",250,210,true],"sow-carousel-default":["https:\/\/imagazine.it\/wp-content\/uploads\/2024\/06\/autori-272x182.jpg",272,182,true]},"rttpg_author":{"display_name":"redazione","author_link":"https:\/\/imagazine.it\/home_desk\/author\/redazione\/"},"rttpg_comment":0,"rttpg_category":"<a href=\"https:\/\/imagazine.it\/home_desk\/category\/cultura-e-spettacolo\/\" rel=\"category tag\">CULTURA&amp;SPETTACOLO<\/a>","rttpg_excerpt":"Dal 4 luglio al 28 agosto diciotto appuntamenti in spiaggia. Rinnovata l'immagine dell'evento. Ecco tutti i protagonisti","_links":{"self":[{"href":"https:\/\/imagazine.it\/home_desk\/wp-json\/wp\/v2\/posts\/56692","targetHints":{"allow":["GET"]}}],"collection":[{"href":"https:\/\/imagazine.it\/home_desk\/wp-json\/wp\/v2\/posts"}],"about":[{"href":"https:\/\/imagazine.it\/home_desk\/wp-json\/wp\/v2\/types\/post"}],"author":[{"embeddable":true,"href":"https:\/\/imagazine.it\/home_desk\/wp-json\/wp\/v2\/users\/28"}],"replies":[{"embeddable":true,"href":"https:\/\/imagazine.it\/home_desk\/wp-json\/wp\/v2\/comments?post=56692"}],"version-history":[{"count":0,"href":"https:\/\/imagazine.it\/home_desk\/wp-json\/wp\/v2\/posts\/56692\/revisions"}],"wp:featuredmedia":[{"embeddable":true,"href":"https:\/\/imagazine.it\/home_desk\/wp-json\/wp\/v2\/media\/56693"}],"wp:attachment":[{"href":"https:\/\/imagazine.it\/home_desk\/wp-json\/wp\/v2\/media?parent=56692"}],"wp:term":[{"taxonomy":"category","embeddable":true,"href":"https:\/\/imagazine.it\/home_desk\/wp-json\/wp\/v2\/categories?post=56692"},{"taxonomy":"post_tag","embeddable":true,"href":"https:\/\/imagazine.it\/home_desk\/wp-json\/wp\/v2\/tags?post=56692"}],"curies":[{"name":"wp","href":"https:\/\/api.w.org\/{rel}","templated":true}]}}