{"id":56598,"date":"2024-06-24T18:43:58","date_gmt":"2024-06-24T16:43:58","guid":{"rendered":"https:\/\/imagazine.it\/home_desk\/?p=56598"},"modified":"2024-06-25T18:21:13","modified_gmt":"2024-06-25T16:21:13","slug":"a-trieste-la-magia-del-cirque-du-soleil","status":"publish","type":"post","link":"https:\/\/imagazine.it\/home_desk\/a-trieste-la-magia-del-cirque-du-soleil\/","title":{"rendered":"A Trieste la magia del Cirque du Soleil"},"content":{"rendered":"<p><span style=\"font-size: 10pt;\"><em>Da sinistra Tonel, Fedriga, Bini e Granbassi (ph. Regione FVG)<\/em><\/span><\/p>\n<p>TRIESTE \u2013 Il\u00a0<strong><em>Cirque du Soleil<\/em>\u00a0<\/strong>arriva in Italia nel 2025 con\u00a0<em>Alegr\u00eda\u00a0<\/em>&#8211; <em>In A New Light<\/em>, e sceglie <strong>Trieste<\/strong> e il Friuli Venezia Giulia \u2013 l\u2019unica nuova piazza del tour internazionale \u2013 per annunciare le date dello spettacolo a Roma, Milano e \u2013 dal 13 giugno al 13 luglio 2025 \u2013 a Trieste.<\/p>\n<p><strong><em>Alegr\u00eda<\/em><\/strong><strong>\u00a0&#8211; <em>In A New Light<\/em>\u00a0<\/strong>\u00e8 la rivisitazione creativa dello spettacolo del 1994 acclamato<strong>\u00a0<\/strong>in tutto il mondo: nuova regia, nuovi arrangiamenti musicali, numeri acrobatici inediti, coreografie mozzafiato, costumi e trucco rinnovati e scenografie di grande impatto, trasporteranno\u00a0<strong>il pubblico di tutte le et\u00e0 e di tutte le provenienze<\/strong>, in un universo mistico e visivo pieno di poesia, grazie a un cast internazionale di 54 acrobati, clown, musicisti e cantanti.<\/p>\n<p>L\u2019annuncio \u00e8 stato dato nel corso di una conferenza stampa che si \u00e8 tenuta alla Sala Predonzani del Palazzo della Regione, alla presenza del presidente della Regione,\u00a0<strong>Massimiliano Fedriga<\/strong>, dell\u2019assessore regionale alle attivit\u00e0 produttive e turismo\u00a0<strong>Sergio Emidio Bini,\u00a0<\/strong>di\u00a0<strong>Serena Tonel<\/strong>, vicesindaco del Comune di Trieste<strong>,\u00a0<\/strong>di\u00a0<strong>Francesco Granbassi, <\/strong>presidente Teatro Stabile del Friuli Venezia Giulia e di\u00a0<strong>Marzia Ginocchio<\/strong>, direttore artistico di Alveare Produzioni.<\/p>\n<p><iframe loading=\"lazy\" title=\"Fa tappa in FVG il Cirque de Soleil\" width=\"640\" height=\"360\" src=\"https:\/\/www.youtube.com\/embed\/-X2LhuiNThA?feature=oembed\" frameborder=\"0\" allow=\"accelerometer; autoplay; clipboard-write; encrypted-media; gyroscope; picture-in-picture; web-share\" referrerpolicy=\"strict-origin-when-cross-origin\" allowfullscreen><\/iframe><\/p>\n<p>La compagnia canadese era rappresentata da\u00a0<strong>Rachel Lancaster<\/strong>, direttore artistico\u00a0<em>Cirque du Soleil<\/em>\u00a0per\u00a0<em>Alegr\u00eda<\/em>.<\/p>\n","protected":false},"excerpt":{"rendered":"<p>&#8220;Alegr\u00eda &#8211; In A New Light&#8221; sar\u00e0 uno fra i pi\u00f9 imponenti show mai andati in scena in Friuli Venezia Giulia. Ecco le date <\/p>\n","protected":false},"author":28,"featured_media":56601,"comment_status":"closed","ping_status":"closed","sticky":false,"template":"","format":"image","meta":{"dwc-title":[""],"dwc-content":[""],"footnotes":""},"categories":[37],"tags":[2093,261,826,217,168,52,65],"class_list":["post-56598","post","type-post","status-publish","format-image","has-post-thumbnail","hentry","category-cultura-e-spettacolo","tag-cirque-du-soleil","tag-eventi","tag-eventi-fvg","tag-musical","tag-rossetti","tag-teatro","tag-trieste","post_format-post-format-image"],"rttpg_featured_image_url":{"full":["https:\/\/imagazine.it\/wp-content\/uploads\/2024\/06\/TonelFedrigaBiniGranbassi.jpg",1366,814,false],"landscape":["https:\/\/imagazine.it\/wp-content\/uploads\/2024\/06\/TonelFedrigaBiniGranbassi.jpg",1366,814,false],"portraits":["https:\/\/imagazine.it\/wp-content\/uploads\/2024\/06\/TonelFedrigaBiniGranbassi.jpg",1366,814,false],"thumbnail":["https:\/\/imagazine.it\/wp-content\/uploads\/2024\/06\/TonelFedrigaBiniGranbassi-150x150.jpg",150,150,true],"medium":["https:\/\/imagazine.it\/wp-content\/uploads\/2024\/06\/TonelFedrigaBiniGranbassi-300x179.jpg",300,179,true],"large":["https:\/\/imagazine.it\/wp-content\/uploads\/2024\/06\/TonelFedrigaBiniGranbassi-1024x610.jpg",640,381,true],"thumblist":["https:\/\/imagazine.it\/wp-content\/uploads\/2024\/06\/TonelFedrigaBiniGranbassi-300x300.jpg",300,300,true],"thumbrelated":["https:\/\/imagazine.it\/wp-content\/uploads\/2024\/06\/TonelFedrigaBiniGranbassi-500x500.jpg",500,500,true],"meccarouselthumb":["https:\/\/imagazine.it\/wp-content\/uploads\/2024\/06\/TonelFedrigaBiniGranbassi-474x324.jpg",474,324,true],"gridsquare":["https:\/\/imagazine.it\/wp-content\/uploads\/2024\/06\/TonelFedrigaBiniGranbassi-391x260.jpg",391,260,true],"tileview":["https:\/\/imagazine.it\/wp-content\/uploads\/2024\/06\/TonelFedrigaBiniGranbassi-300x400.jpg",300,400,true],"1536x1536":["https:\/\/imagazine.it\/wp-content\/uploads\/2024\/06\/TonelFedrigaBiniGranbassi.jpg",1366,814,false],"2048x2048":["https:\/\/imagazine.it\/wp-content\/uploads\/2024\/06\/TonelFedrigaBiniGranbassi.jpg",1366,814,false],"newsup-slider-full":["https:\/\/imagazine.it\/wp-content\/uploads\/2024\/06\/TonelFedrigaBiniGranbassi-1280x720.jpg",1280,720,true],"newsup-featured":["https:\/\/imagazine.it\/wp-content\/uploads\/2024\/06\/TonelFedrigaBiniGranbassi-1024x610.jpg",1024,610,true],"newsup-medium":["https:\/\/imagazine.it\/wp-content\/uploads\/2024\/06\/TonelFedrigaBiniGranbassi-720x380.jpg",720,380,true],"tptn_thumbnail":["https:\/\/imagazine.it\/wp-content\/uploads\/2024\/06\/TonelFedrigaBiniGranbassi-250x210.jpg",250,210,true],"sow-carousel-default":["https:\/\/imagazine.it\/wp-content\/uploads\/2024\/06\/TonelFedrigaBiniGranbassi-272x182.jpg",272,182,true]},"rttpg_author":{"display_name":"redazione","author_link":"https:\/\/imagazine.it\/home_desk\/author\/redazione\/"},"rttpg_comment":0,"rttpg_category":"<a href=\"https:\/\/imagazine.it\/home_desk\/category\/cultura-e-spettacolo\/\" rel=\"category tag\">CULTURA&amp;SPETTACOLO<\/a>","rttpg_excerpt":"\"Alegr\u00eda - In A New Light\" sar\u00e0 uno fra i pi\u00f9 imponenti show mai andati in scena in Friuli Venezia Giulia. Ecco le date","_links":{"self":[{"href":"https:\/\/imagazine.it\/home_desk\/wp-json\/wp\/v2\/posts\/56598","targetHints":{"allow":["GET"]}}],"collection":[{"href":"https:\/\/imagazine.it\/home_desk\/wp-json\/wp\/v2\/posts"}],"about":[{"href":"https:\/\/imagazine.it\/home_desk\/wp-json\/wp\/v2\/types\/post"}],"author":[{"embeddable":true,"href":"https:\/\/imagazine.it\/home_desk\/wp-json\/wp\/v2\/users\/28"}],"replies":[{"embeddable":true,"href":"https:\/\/imagazine.it\/home_desk\/wp-json\/wp\/v2\/comments?post=56598"}],"version-history":[{"count":0,"href":"https:\/\/imagazine.it\/home_desk\/wp-json\/wp\/v2\/posts\/56598\/revisions"}],"wp:featuredmedia":[{"embeddable":true,"href":"https:\/\/imagazine.it\/home_desk\/wp-json\/wp\/v2\/media\/56601"}],"wp:attachment":[{"href":"https:\/\/imagazine.it\/home_desk\/wp-json\/wp\/v2\/media?parent=56598"}],"wp:term":[{"taxonomy":"category","embeddable":true,"href":"https:\/\/imagazine.it\/home_desk\/wp-json\/wp\/v2\/categories?post=56598"},{"taxonomy":"post_tag","embeddable":true,"href":"https:\/\/imagazine.it\/home_desk\/wp-json\/wp\/v2\/tags?post=56598"}],"curies":[{"name":"wp","href":"https:\/\/api.w.org\/{rel}","templated":true}]}}