{"id":56594,"date":"2024-06-24T17:20:56","date_gmt":"2024-06-24T15:20:56","guid":{"rendered":"https:\/\/imagazine.it\/home_desk\/?p=56594"},"modified":"2024-06-25T16:19:40","modified_gmt":"2024-06-25T14:19:40","slug":"bando-primis-plus-finanziati-22-progetti","status":"publish","type":"post","link":"https:\/\/imagazine.it\/home_desk\/bando-primis-plus-finanziati-22-progetti\/","title":{"rendered":"Bando &#8220;Primis Plus&#8221;: finanziati 22 progetti"},"content":{"rendered":"<p><span style=\"font-size: 10pt;\"><em>(ph. Regione FVG)<\/em><\/span><\/p>\n<p>UDINE \u2013 Presentati i soggetti vincitori del <strong>Bando Primis Plus<\/strong>, progetto del Programma europeo Interreg Italia-Slovenia 2021-2027.<\/p>\n<p>L\u2019incontro si \u00e8 tenuto a palazzo Mantica, sede della <strong>Societ\u00e0 Filologica Friulana<\/strong>.<\/p>\n<p>Il Bando \u00e8 finanziato dal Progetto europeo Primis Plus (oltre che con fondi regionali) e mette a disposizione <strong>80mila euro per la realizzazione di iniziative finalizzate alla valorizzazione dei luoghi della cultura attraverso la lingua e cultura friulana<\/strong>.<\/p>\n<p>Il Bando era rivolto a enti pubblici, associazioni, fondazioni e altri enti di carattere privato senza finalit\u00e0 di lucro della regione ed \u00e8 gestito dalla Societ\u00e0 Filologica Friulana.<\/p>\n<p><iframe loading=\"lazy\" title=\"Bando Primis Plus\" width=\"640\" height=\"360\" src=\"https:\/\/www.youtube.com\/embed\/WQTwgXz6S3k?feature=oembed\" frameborder=\"0\" allow=\"accelerometer; autoplay; clipboard-write; encrypted-media; gyroscope; picture-in-picture; web-share\" referrerpolicy=\"strict-origin-when-cross-origin\" allowfullscreen><\/iframe><\/p>\n<p>&#8220;Vista l&#8217;elevata qualit\u00e0 delle proposte presentate \u2013 ha affermato il vicegovernatore con delega alla Cultura della Regione, <strong>Mario Anzil<\/strong> \u2013 la Regione ha deciso di raddoppiare il finanziamento cos\u00ec da poter premiare ulteriori undici progetti in modo che si possano cos\u00ec finanziare complessivamente ventidue proposte tutte di elevata qualit\u00e0&#8221;.<\/p>\n<p>I soggetti ammessi a finanziamento del bando Primis Plus &#8211; Fondi europei sono: Fondazione Museo carnico delle arti popolari &#8220;Michele Gortani&#8221; di Tolmezzo, Comune di San Daniele del Friuli, Comunit\u00e0 di montagna Canal del Ferro-Valcanale, Comune di Spilimbergo, Fondazione De Claricini, Comune di San Giorgio di Nogaro, Comune di Torviscosa, Comune di Palmanova, Comune di Majano, Cooperativa sociale Zero Limiti, Parrocchia di Maria Annunziata nella metropolitana.<\/p>\n<p>Questi invece i soggetti ammessi a finanziamento con scorrimento graduatoria &#8211; Fondi RaFvg: Comune di Codroipo, Comune di Valvasone Arzene, Comune di Cividale del Friuli, Comune di Udine, Comune di Forni di Sopra, Comune di Mereto di Tomba, Comune di Muzzana del Turgnano, Comune di Ragogna, Comune di Nimis, Comune di Casarsa della Delizia.<\/p>\n","protected":false},"excerpt":{"rendered":"<p>A disposizione 80mila euro per iniziative di valorizzazione dei luoghi culturali attraverso la lingua e cultura friulana<\/p>\n","protected":false},"author":28,"featured_media":56595,"comment_status":"closed","ping_status":"closed","sticky":false,"template":"","format":"image","meta":{"dwc-title":[""],"dwc-content":[""],"footnotes":""},"categories":[5],"tags":[2092,2091,1565,1274,101],"class_list":["post-56594","post","type-post","status-publish","format-image","has-post-thumbnail","hentry","category-attualita","tag-bandi","tag-cultura","tag-finanziamenti","tag-friulano","tag-udine","post_format-post-format-image"],"rttpg_featured_image_url":{"full":["https:\/\/imagazine.it\/wp-content\/uploads\/2024\/06\/prims.jpg",1366,817,false],"landscape":["https:\/\/imagazine.it\/wp-content\/uploads\/2024\/06\/prims.jpg",1366,817,false],"portraits":["https:\/\/imagazine.it\/wp-content\/uploads\/2024\/06\/prims.jpg",1366,817,false],"thumbnail":["https:\/\/imagazine.it\/wp-content\/uploads\/2024\/06\/prims-150x150.jpg",150,150,true],"medium":["https:\/\/imagazine.it\/wp-content\/uploads\/2024\/06\/prims-300x179.jpg",300,179,true],"large":["https:\/\/imagazine.it\/wp-content\/uploads\/2024\/06\/prims-1024x612.jpg",640,383,true],"thumblist":["https:\/\/imagazine.it\/wp-content\/uploads\/2024\/06\/prims-300x300.jpg",300,300,true],"thumbrelated":["https:\/\/imagazine.it\/wp-content\/uploads\/2024\/06\/prims-500x500.jpg",500,500,true],"meccarouselthumb":["https:\/\/imagazine.it\/wp-content\/uploads\/2024\/06\/prims-474x324.jpg",474,324,true],"gridsquare":["https:\/\/imagazine.it\/wp-content\/uploads\/2024\/06\/prims-391x260.jpg",391,260,true],"tileview":["https:\/\/imagazine.it\/wp-content\/uploads\/2024\/06\/prims-300x400.jpg",300,400,true],"1536x1536":["https:\/\/imagazine.it\/wp-content\/uploads\/2024\/06\/prims.jpg",1366,817,false],"2048x2048":["https:\/\/imagazine.it\/wp-content\/uploads\/2024\/06\/prims.jpg",1366,817,false],"newsup-slider-full":["https:\/\/imagazine.it\/wp-content\/uploads\/2024\/06\/prims-1280x720.jpg",1280,720,true],"newsup-featured":["https:\/\/imagazine.it\/wp-content\/uploads\/2024\/06\/prims-1024x612.jpg",1024,612,true],"newsup-medium":["https:\/\/imagazine.it\/wp-content\/uploads\/2024\/06\/prims-720x380.jpg",720,380,true],"tptn_thumbnail":["https:\/\/imagazine.it\/wp-content\/uploads\/2024\/06\/prims-250x210.jpg",250,210,true],"sow-carousel-default":["https:\/\/imagazine.it\/wp-content\/uploads\/2024\/06\/prims-272x182.jpg",272,182,true]},"rttpg_author":{"display_name":"redazione","author_link":"https:\/\/imagazine.it\/home_desk\/author\/redazione\/"},"rttpg_comment":0,"rttpg_category":"<a href=\"https:\/\/imagazine.it\/home_desk\/category\/attualita\/\" rel=\"category tag\">ATTUALIT\u00c0<\/a>","rttpg_excerpt":"A disposizione 80mila euro per iniziative di valorizzazione dei luoghi culturali attraverso la lingua e cultura friulana","_links":{"self":[{"href":"https:\/\/imagazine.it\/home_desk\/wp-json\/wp\/v2\/posts\/56594","targetHints":{"allow":["GET"]}}],"collection":[{"href":"https:\/\/imagazine.it\/home_desk\/wp-json\/wp\/v2\/posts"}],"about":[{"href":"https:\/\/imagazine.it\/home_desk\/wp-json\/wp\/v2\/types\/post"}],"author":[{"embeddable":true,"href":"https:\/\/imagazine.it\/home_desk\/wp-json\/wp\/v2\/users\/28"}],"replies":[{"embeddable":true,"href":"https:\/\/imagazine.it\/home_desk\/wp-json\/wp\/v2\/comments?post=56594"}],"version-history":[{"count":0,"href":"https:\/\/imagazine.it\/home_desk\/wp-json\/wp\/v2\/posts\/56594\/revisions"}],"wp:featuredmedia":[{"embeddable":true,"href":"https:\/\/imagazine.it\/home_desk\/wp-json\/wp\/v2\/media\/56595"}],"wp:attachment":[{"href":"https:\/\/imagazine.it\/home_desk\/wp-json\/wp\/v2\/media?parent=56594"}],"wp:term":[{"taxonomy":"category","embeddable":true,"href":"https:\/\/imagazine.it\/home_desk\/wp-json\/wp\/v2\/categories?post=56594"},{"taxonomy":"post_tag","embeddable":true,"href":"https:\/\/imagazine.it\/home_desk\/wp-json\/wp\/v2\/tags?post=56594"}],"curies":[{"name":"wp","href":"https:\/\/api.w.org\/{rel}","templated":true}]}}