{"id":56452,"date":"2024-06-10T17:27:24","date_gmt":"2024-06-10T15:27:24","guid":{"rendered":"https:\/\/imagazine.it\/home_desk\/?p=56452"},"modified":"2024-06-18T17:27:39","modified_gmt":"2024-06-18T15:27:39","slug":"ruda-saggi-di-fine-anno-per-la-scuola-di-musica","status":"publish","type":"post","link":"https:\/\/imagazine.it\/home_desk\/ruda-saggi-di-fine-anno-per-la-scuola-di-musica\/","title":{"rendered":"Ruda: saggi di fine anno per la Scuola di Musica"},"content":{"rendered":"<p>RUDA \u2013 Si sono conclusi i saggi di fine anno della <strong>Scuola Comunale di Musica di Ruda<\/strong>, organizzati dall&#8217;<strong>Associazione<\/strong> <strong>ProMusica-Ruda aps<\/strong>.<\/p>\n<p>Sul palco si sono esibiti giovani musicisti di tutte le et\u00e0 dei corsi di pianoforte, flauto, chitarra, canto individuale, violoncello e percussioni, oltre ai piccoli cantori del coro di Voci Bianche.<\/p>\n<p>Le loro esibizioni hanno emozionato il pubblico che ha assistito agli spettacoli, con applausi scroscianti a testimonianza del loro apprezzamento.<\/p>\n<p>I corsi per il prossimo anno scolastico, aperti a bambini, ragazzi e adulti, ripartiranno a settembre. Per informazioni e iscrizioni \u00e8 possibile contattare la segreteria della scuola.<\/p>\n<p>I saggi di fine anno della Scuola Comunale di Musica di Ruda rappresentano un momento di festa e condivisione per tutta la comunit\u00e0. Sono un&#8217;occasione per celebrare la musica, il talento e l&#8217;impegno dei giovani allievi, che grazie all&#8217;insegnamento di docenti qualificati e appassionati possono coltivare la loro passione per la musica.<\/p>\n<p>L&#8217;ampia variet\u00e0 di corsi proposti dalla scuola, che spaziano dai tradizionali strumenti classici ai generi musicali pi\u00f9 moderni, permette a tutti di trovare il proprio percorso musicale e di esprimere al meglio la propria creativit\u00e0.<\/p>\n<p>Per informazioni sui corsi, sulle attivit\u00e0 estive e per le iscrizioni all&#8217;anno scolastico 2024\/2025 \u00e8 possibile contattare la segreteria della Scuola Comunale di Musica di Ruda (sede: via degli Alpini 4, telefono: 0431 99077\u00a0 interno 2 o 4, cell: 370 3682977, email: <a href=\"mailto:scuoladimusica.ruda@gmail.com\">scuoladimusica.ruda@gmail.com<\/a> sito web: <span style=\"text-decoration: underline;\"><a href=\"https:\/\/www.scuoladimusicaruda.com\/\" target=\"_blank\" rel=\"noopener\">https:\/\/www.scuoladimusicaruda.com\/<\/a>).<\/span><\/p>\n","protected":false},"excerpt":{"rendered":"<p>Sul palco giovani musicisti di tutte le et\u00e0. In attesa del nuovo anno scolastico, partono le attivit\u00e0 estive<\/p>\n","protected":false},"author":22,"featured_media":56453,"comment_status":"closed","ping_status":"closed","sticky":false,"template":"","format":"image","meta":{"dwc-title":[""],"dwc-content":[""],"footnotes":""},"categories":[37],"tags":[83,55,212,129],"class_list":["post-56452","post","type-post","status-publish","format-image","has-post-thumbnail","hentry","category-cultura-e-spettacolo","tag-giovani","tag-musica","tag-ruda","tag-scuola","post_format-post-format-image"],"rttpg_featured_image_url":{"full":["https:\/\/imagazine.it\/wp-content\/uploads\/2024\/06\/saggio-fine-anno-ruda01.jpeg",1366,693,false],"landscape":["https:\/\/imagazine.it\/wp-content\/uploads\/2024\/06\/saggio-fine-anno-ruda01.jpeg",1366,693,false],"portraits":["https:\/\/imagazine.it\/wp-content\/uploads\/2024\/06\/saggio-fine-anno-ruda01.jpeg",1366,693,false],"thumbnail":["https:\/\/imagazine.it\/wp-content\/uploads\/2024\/06\/saggio-fine-anno-ruda01-150x150.jpeg",150,150,true],"medium":["https:\/\/imagazine.it\/wp-content\/uploads\/2024\/06\/saggio-fine-anno-ruda01-300x152.jpeg",300,152,true],"large":["https:\/\/imagazine.it\/wp-content\/uploads\/2024\/06\/saggio-fine-anno-ruda01-1024x519.jpeg",640,324,true],"thumblist":["https:\/\/imagazine.it\/wp-content\/uploads\/2024\/06\/saggio-fine-anno-ruda01-300x300.jpeg",300,300,true],"thumbrelated":["https:\/\/imagazine.it\/wp-content\/uploads\/2024\/06\/saggio-fine-anno-ruda01-500x500.jpeg",500,500,true],"meccarouselthumb":["https:\/\/imagazine.it\/wp-content\/uploads\/2024\/06\/saggio-fine-anno-ruda01-474x324.jpeg",474,324,true],"gridsquare":["https:\/\/imagazine.it\/wp-content\/uploads\/2024\/06\/saggio-fine-anno-ruda01-391x260.jpeg",391,260,true],"tileview":["https:\/\/imagazine.it\/wp-content\/uploads\/2024\/06\/saggio-fine-anno-ruda01-300x400.jpeg",300,400,true],"1536x1536":["https:\/\/imagazine.it\/wp-content\/uploads\/2024\/06\/saggio-fine-anno-ruda01.jpeg",1366,693,false],"2048x2048":["https:\/\/imagazine.it\/wp-content\/uploads\/2024\/06\/saggio-fine-anno-ruda01.jpeg",1366,693,false],"newsup-slider-full":["https:\/\/imagazine.it\/wp-content\/uploads\/2024\/06\/saggio-fine-anno-ruda01-1280x693.jpeg",1280,693,true],"newsup-featured":["https:\/\/imagazine.it\/wp-content\/uploads\/2024\/06\/saggio-fine-anno-ruda01-1024x519.jpeg",1024,519,true],"newsup-medium":["https:\/\/imagazine.it\/wp-content\/uploads\/2024\/06\/saggio-fine-anno-ruda01-720x380.jpeg",720,380,true],"tptn_thumbnail":["https:\/\/imagazine.it\/wp-content\/uploads\/2024\/06\/saggio-fine-anno-ruda01-250x210.jpeg",250,210,true],"sow-carousel-default":["https:\/\/imagazine.it\/wp-content\/uploads\/2024\/06\/saggio-fine-anno-ruda01-272x182.jpeg",272,182,true]},"rttpg_author":{"display_name":"Livio Nonis","author_link":"https:\/\/imagazine.it\/home_desk\/author\/nonis\/"},"rttpg_comment":0,"rttpg_category":"<a href=\"https:\/\/imagazine.it\/home_desk\/category\/cultura-e-spettacolo\/\" rel=\"category tag\">CULTURA&amp;SPETTACOLO<\/a>","rttpg_excerpt":"Sul palco giovani musicisti di tutte le et\u00e0. In attesa del nuovo anno scolastico, partono le attivit\u00e0 estive","_links":{"self":[{"href":"https:\/\/imagazine.it\/home_desk\/wp-json\/wp\/v2\/posts\/56452","targetHints":{"allow":["GET"]}}],"collection":[{"href":"https:\/\/imagazine.it\/home_desk\/wp-json\/wp\/v2\/posts"}],"about":[{"href":"https:\/\/imagazine.it\/home_desk\/wp-json\/wp\/v2\/types\/post"}],"author":[{"embeddable":true,"href":"https:\/\/imagazine.it\/home_desk\/wp-json\/wp\/v2\/users\/22"}],"replies":[{"embeddable":true,"href":"https:\/\/imagazine.it\/home_desk\/wp-json\/wp\/v2\/comments?post=56452"}],"version-history":[{"count":0,"href":"https:\/\/imagazine.it\/home_desk\/wp-json\/wp\/v2\/posts\/56452\/revisions"}],"wp:featuredmedia":[{"embeddable":true,"href":"https:\/\/imagazine.it\/home_desk\/wp-json\/wp\/v2\/media\/56453"}],"wp:attachment":[{"href":"https:\/\/imagazine.it\/home_desk\/wp-json\/wp\/v2\/media?parent=56452"}],"wp:term":[{"taxonomy":"category","embeddable":true,"href":"https:\/\/imagazine.it\/home_desk\/wp-json\/wp\/v2\/categories?post=56452"},{"taxonomy":"post_tag","embeddable":true,"href":"https:\/\/imagazine.it\/home_desk\/wp-json\/wp\/v2\/tags?post=56452"}],"curies":[{"name":"wp","href":"https:\/\/api.w.org\/{rel}","templated":true}]}}