{"id":56399,"date":"2024-06-17T17:03:16","date_gmt":"2024-06-17T15:03:16","guid":{"rendered":"https:\/\/imagazine.it\/home_desk\/?p=56399"},"modified":"2024-06-17T17:03:16","modified_gmt":"2024-06-17T15:03:16","slug":"esperienze-nella-natura-per-bambini-e-famiglie","status":"publish","type":"post","link":"https:\/\/imagazine.it\/home_desk\/esperienze-nella-natura-per-bambini-e-famiglie\/","title":{"rendered":"Esperienze nella natura per bambini e famiglie"},"content":{"rendered":"<p>TARCENTO \u2013 Ritorna a partire dal 22 giugno <strong><em>Esplorando<\/em><\/strong>, il percorso educativo-esperienziale promosso dall\u2019<strong>Associazione culturale 0432. <\/strong><\/p>\n<p>Obiettivo della rassegna, che prevede<strong> 24 attivit\u00e0 in 17 localit\u00e0 del Friuli Venezia Giulia<\/strong>, \u00e8 quello di far vivere ai bambini, alle bambine e alle loro famiglie <strong>percorsi esperienziali a diretto contatto con la natura<\/strong> \u2013 nei parchi, nei boschi e in altre aree verdi \u2013 per coltivare il rispetto verso gli ambienti naturali, stimolare la creativit\u00e0 e la curiosit\u00e0 verso ci\u00f2 che ci circonda, alimentando il piacere di stare all\u2019aperto.<\/p>\n<p>Ogni incontro inizia con una lettura e prevede diverse postazioni per esplorare in autonomia usando tutti i sensi, un laboratorio in compagnia di esploratori esperti, uno spazio lettura con titoli dedicati allo stare all\u2019aperto e, per finire, un picnic tutti insieme.<\/p>\n<p>Novit\u00e0 di quest\u2019anno \u00e8 la programmazione di attivit\u00e0 rivolte anche ai bambini e alle bambine pi\u00f9 piccoli, a partire dai primi mesi di vita.<\/p>\n<p>Tra le collaborazioni quelle con <strong>Arpa FVG<\/strong>, l\u2019associazione <strong>Camminabimbi<\/strong>, <strong>Cunegunde<\/strong> e <strong>Radici &#8211; Piccolo Museo della Natura<\/strong>.<\/p>\n<p><strong>\u201c<\/strong>Per i temi affrontati \u2013 spiegano <strong>Simone Baracetti <\/strong>e<strong> Martina Monetti dell\u2019Associazione 0432<\/strong> \u2013 il progetto Esplorando rappresenta un unicum quanto meno in regione. Il tema dell\u2019educare all\u2019aperto \u00e8 ancora poco presente nel nostro territorio, questo nonostante la ricerca internazionale segnali da tempo l\u2019urgenza di riconnettere l\u2019infanzia alla natura\u201d.<\/p>\n<p>Si parte con le prime attivit\u00e0 a<strong> Tarcento<\/strong>: <strong>sabato 22 giugno <\/strong>festa inaugurale con una<strong> camminata in Val Torre a cura di Camminabimbi <\/strong>e<strong> domenica <\/strong><strong>23 giugno <\/strong>con un laboratorio realizzato da<strong> Irene Penazzi<\/strong>, illustratrice che collabora con diverse case editrici per bambini e autrice delle immagini guida di Esplorando.<\/p>\n<p>Si prosegue quindi a <strong>San Giorgio di Nogaro<\/strong> (26 giugno e 19 luglio), <strong>San Giovanni al Natisone<\/strong> (4 luglio e 29 agosto), <strong>Gradisca d\u2019Isonzo<\/strong> (5 luglio), <strong>San Daniele del Friuli<\/strong> (7 luglio), <strong>Mortegliano<\/strong> (20 luglio), <strong>Ariis di Rivignano Teor<\/strong> (30 luglio), <strong>Tavagnacco<\/strong> (31 luglio), <strong>Lignano Sabbiadoro <\/strong>(1 agosto), <strong>Udine<\/strong> (1 settembre), <strong>Fagagna<\/strong> (3 settembre), <strong>Latisana<\/strong> (7 settembre), <strong>Brugnera<\/strong> (10 settembre), <strong>Cervignano del Friuli<\/strong> (14 settembre), <strong>Cordenons<\/strong> (28 settembre), <strong>Maniago<\/strong> (5 ottobre), <strong>Gorizia<\/strong> (12 ottobre), per chiudersi infine nuovamente a <strong>Tarcento<\/strong> con uno spettacolo teatrale all\u2019aperto (13 ottobre).<\/p>\n<p><strong>Tutti gli appuntamenti sono gratuiti <\/strong>previa prenotazione. <strong><span style=\"text-decoration: underline;\"><a href=\"http:\/\/www.associazione0432.it\/esplorando-2024\/programma-per-famiglie-2024\/\" target=\"_blank\" rel=\"noopener\">Clicca qui per il programma completo.<\/a><\/span><\/strong><\/p>\n<p>Il progetto Esplorando proseguir\u00e0 in autunno con un ciclo di giornate formative dedicate ad educatori e insegnanti.<\/p>\n","protected":false},"excerpt":{"rendered":"<p>Torna Esplorando: la rassegna di incontri, laboratori, letture all&#8217;aria aperta. In programma 24 appuntamenti in 17 localit\u00e0 del FVG<\/p>\n","protected":false},"author":28,"featured_media":56400,"comment_status":"closed","ping_status":"closed","sticky":false,"template":"","format":"image","meta":{"dwc-title":[""],"dwc-content":[""],"footnotes":""},"categories":[5],"tags":[546,2044,330,72],"class_list":["post-56399","post","type-post","status-publish","format-image","has-post-thumbnail","hentry","category-attualita","tag-bambini","tag-esplorando","tag-famiglie","tag-natura","post_format-post-format-image"],"rttpg_featured_image_url":{"full":["https:\/\/imagazine.it\/wp-content\/uploads\/2024\/06\/Esplorando-2023-.jpg",1366,653,false],"landscape":["https:\/\/imagazine.it\/wp-content\/uploads\/2024\/06\/Esplorando-2023-.jpg",1366,653,false],"portraits":["https:\/\/imagazine.it\/wp-content\/uploads\/2024\/06\/Esplorando-2023-.jpg",1366,653,false],"thumbnail":["https:\/\/imagazine.it\/wp-content\/uploads\/2024\/06\/Esplorando-2023--150x150.jpg",150,150,true],"medium":["https:\/\/imagazine.it\/wp-content\/uploads\/2024\/06\/Esplorando-2023--300x143.jpg",300,143,true],"large":["https:\/\/imagazine.it\/wp-content\/uploads\/2024\/06\/Esplorando-2023--1024x490.jpg",640,306,true],"thumblist":["https:\/\/imagazine.it\/wp-content\/uploads\/2024\/06\/Esplorando-2023--300x300.jpg",300,300,true],"thumbrelated":["https:\/\/imagazine.it\/wp-content\/uploads\/2024\/06\/Esplorando-2023--500x500.jpg",500,500,true],"meccarouselthumb":["https:\/\/imagazine.it\/wp-content\/uploads\/2024\/06\/Esplorando-2023--474x324.jpg",474,324,true],"gridsquare":["https:\/\/imagazine.it\/wp-content\/uploads\/2024\/06\/Esplorando-2023--391x260.jpg",391,260,true],"tileview":["https:\/\/imagazine.it\/wp-content\/uploads\/2024\/06\/Esplorando-2023--300x400.jpg",300,400,true],"1536x1536":["https:\/\/imagazine.it\/wp-content\/uploads\/2024\/06\/Esplorando-2023-.jpg",1366,653,false],"2048x2048":["https:\/\/imagazine.it\/wp-content\/uploads\/2024\/06\/Esplorando-2023-.jpg",1366,653,false],"newsup-slider-full":["https:\/\/imagazine.it\/wp-content\/uploads\/2024\/06\/Esplorando-2023--1280x653.jpg",1280,653,true],"newsup-featured":["https:\/\/imagazine.it\/wp-content\/uploads\/2024\/06\/Esplorando-2023--1024x490.jpg",1024,490,true],"newsup-medium":["https:\/\/imagazine.it\/wp-content\/uploads\/2024\/06\/Esplorando-2023--720x380.jpg",720,380,true],"tptn_thumbnail":["https:\/\/imagazine.it\/wp-content\/uploads\/2024\/06\/Esplorando-2023--250x210.jpg",250,210,true],"sow-carousel-default":["https:\/\/imagazine.it\/wp-content\/uploads\/2024\/06\/Esplorando-2023--272x182.jpg",272,182,true]},"rttpg_author":{"display_name":"redazione","author_link":"https:\/\/imagazine.it\/home_desk\/author\/redazione\/"},"rttpg_comment":0,"rttpg_category":"<a href=\"https:\/\/imagazine.it\/home_desk\/category\/attualita\/\" rel=\"category tag\">ATTUALIT\u00c0<\/a>","rttpg_excerpt":"Torna Esplorando: la rassegna di incontri, laboratori, letture all'aria aperta. In programma 24 appuntamenti in 17 localit\u00e0 del FVG","_links":{"self":[{"href":"https:\/\/imagazine.it\/home_desk\/wp-json\/wp\/v2\/posts\/56399","targetHints":{"allow":["GET"]}}],"collection":[{"href":"https:\/\/imagazine.it\/home_desk\/wp-json\/wp\/v2\/posts"}],"about":[{"href":"https:\/\/imagazine.it\/home_desk\/wp-json\/wp\/v2\/types\/post"}],"author":[{"embeddable":true,"href":"https:\/\/imagazine.it\/home_desk\/wp-json\/wp\/v2\/users\/28"}],"replies":[{"embeddable":true,"href":"https:\/\/imagazine.it\/home_desk\/wp-json\/wp\/v2\/comments?post=56399"}],"version-history":[{"count":0,"href":"https:\/\/imagazine.it\/home_desk\/wp-json\/wp\/v2\/posts\/56399\/revisions"}],"wp:featuredmedia":[{"embeddable":true,"href":"https:\/\/imagazine.it\/home_desk\/wp-json\/wp\/v2\/media\/56400"}],"wp:attachment":[{"href":"https:\/\/imagazine.it\/home_desk\/wp-json\/wp\/v2\/media?parent=56399"}],"wp:term":[{"taxonomy":"category","embeddable":true,"href":"https:\/\/imagazine.it\/home_desk\/wp-json\/wp\/v2\/categories?post=56399"},{"taxonomy":"post_tag","embeddable":true,"href":"https:\/\/imagazine.it\/home_desk\/wp-json\/wp\/v2\/tags?post=56399"}],"curies":[{"name":"wp","href":"https:\/\/api.w.org\/{rel}","templated":true}]}}