{"id":56275,"date":"2024-06-13T13:07:25","date_gmt":"2024-06-13T11:07:25","guid":{"rendered":"https:\/\/imagazine.it\/home_desk\/?p=56275"},"modified":"2024-06-14T11:16:53","modified_gmt":"2024-06-14T09:16:53","slug":"riqualificazione-ater-a-trieste-progetto-pilota-in-italia","status":"publish","type":"post","link":"https:\/\/imagazine.it\/home_desk\/riqualificazione-ater-a-trieste-progetto-pilota-in-italia\/","title":{"rendered":"Riqualificazione Ater: a Trieste progetto pilota in Italia"},"content":{"rendered":"<p><span style=\"font-size: 10pt;\"><em>Gli edifici da ristrutturare<\/em><\/span><\/p>\n<p>TRIESTE \u2013 L\u2019area degli <strong>edifici Ater di via Boito<\/strong> si prepara a una completa riqualificazione.<\/p>\n<p>Si tratta di uno degli interventi pi\u00f9 importanti degli ultimi anni nell\u2019ambito dell\u2019edilizia sovvenzionata a Trieste, presentato questa mattina sul posto.<\/p>\n<p>Le opere si inseriscono nel <strong>progetto <em>Supershine<\/em><\/strong>, che, finanziato con i fondi <em>Horizon Europe<\/em> 2021-2027, si pone come obiettivo principale il rinnovamento energetico degli edifici ERP in tre distretti pilota in Europa.<\/p>\n<figure id=\"attachment_56276\" aria-describedby=\"caption-attachment-56276\" style=\"width: 1366px\" class=\"wp-caption aligncenter\"><img loading=\"lazy\" decoding=\"async\" class=\"wp-image-56276 size-full\" src=\"https:\/\/imagazine.it\/wp-content\/uploads\/2024\/06\/DSC01136.jpg\" alt=\"\" width=\"1366\" height=\"911\" title=\"\" srcset=\"https:\/\/imagazine.it\/wp-content\/uploads\/2024\/06\/DSC01136.jpg 1366w, https:\/\/imagazine.it\/wp-content\/uploads\/2024\/06\/DSC01136-300x200.jpg 300w, https:\/\/imagazine.it\/wp-content\/uploads\/2024\/06\/DSC01136-1024x683.jpg 1024w, https:\/\/imagazine.it\/wp-content\/uploads\/2024\/06\/DSC01136-768x512.jpg 768w, https:\/\/imagazine.it\/wp-content\/uploads\/2024\/06\/DSC01136-391x260.jpg 391w, https:\/\/imagazine.it\/wp-content\/uploads\/2024\/06\/DSC01136-272x182.jpg 272w\" sizes=\"auto, (max-width: 1366px) 100vw, 1366px\" \/><figcaption id=\"caption-attachment-56276\" class=\"wp-caption-text\">L&#8217;are delle case Ater di via Boito<\/figcaption><\/figure>\n<p><strong>Per l\u2019Italia, il sito pilota<\/strong> \u00e8 stato individuato, appunto, nel complesso Ater di via Boito a Trieste. Grazie al ricorso di <strong>metodologie innovative<\/strong>, gi\u00e0 sperimentate a livello europeo (NEB), l&#8217;intervento di riqualificazione, che prevede la <strong>demolizione e la ricostruzione di otto edifici<\/strong>, punter\u00e0 su nuove soluzioni tecnologiche e residenziali all\u2019insegna del risparmio energetico, della tutela dell\u2019ambiente e, allo stesso tempo, della vivibilit\u00e0 degli spazi.<\/p>\n<p>Nel dettaglio, gli obiettivi e gli impatti del progetto <em>Supershine<\/em> assisteranno e sosterranno la Commissione Europea nell\u2019attuazione del <em>Green Deal<\/em> europeo.<\/p>\n<p>\u201cOggi \u2013 ha dichiarato il presidente di Ater Trieste, <strong>Riccardo Novacco<\/strong> \u2013 via Boito rappresenta uno dei progetti pi\u00f9 importanti che Ater Trieste si accinge ad avviare, in termini di contenuti, creativit\u00e0, innovazione e partecipazione della comunit\u00e0. Un progetto che rivolge un\u2019attenzione particolare agli spazi verdi affinch\u00e9 siano usufruibili da tutti\u201d.<\/p>\n<p>\u201cSi tratta \u2013 ha specificato \u2013 di una demolizione completa e successiva ricostruzione di 8 edifici di modesta qualit\u00e0 che non avrebbe senso rigenerare, considerando pure che sono stati edificati oltre settant\u2019anni fa ai tempi del Governo militare alleato. Dagli attuali 120 alloggi di dimensioni minime, se ne otterr\u00e0 un numero inferiore, 80 al massimo, ma in linea con le attuali esigenze familiari e dotati di tutti i confort abitativi\u201d.<\/p>\n<figure id=\"attachment_56277\" aria-describedby=\"caption-attachment-56277\" style=\"width: 1366px\" class=\"wp-caption aligncenter\"><img loading=\"lazy\" decoding=\"async\" class=\"wp-image-56277 size-full\" src=\"https:\/\/imagazine.it\/wp-content\/uploads\/2024\/06\/DSC01156.jpg\" alt=\"\" width=\"1366\" height=\"911\" title=\"\" srcset=\"https:\/\/imagazine.it\/wp-content\/uploads\/2024\/06\/DSC01156.jpg 1366w, https:\/\/imagazine.it\/wp-content\/uploads\/2024\/06\/DSC01156-300x200.jpg 300w, https:\/\/imagazine.it\/wp-content\/uploads\/2024\/06\/DSC01156-1024x683.jpg 1024w, https:\/\/imagazine.it\/wp-content\/uploads\/2024\/06\/DSC01156-768x512.jpg 768w, https:\/\/imagazine.it\/wp-content\/uploads\/2024\/06\/DSC01156-391x260.jpg 391w, https:\/\/imagazine.it\/wp-content\/uploads\/2024\/06\/DSC01156-272x182.jpg 272w\" sizes=\"auto, (max-width: 1366px) 100vw, 1366px\" \/><figcaption id=\"caption-attachment-56277\" class=\"wp-caption-text\">Il presidente Novacco illustra il progetto<\/figcaption><\/figure>\n<p>\u201cI posti auto pertinenziali \u2013 ha concluso Novacco \u2013 saranno posizionati al piano terra, evitando scavi che potrebbero non solo sconvolgere l\u2019eco sistema, ma creare le ben note criticit\u00e0 legate all\u2019abbandono di masserizie o diventare luogo di ritrovo per attivit\u00e0 illecite, come gi\u00e0 successo in altre zone periferiche della citt\u00e0\u201d.<\/p>\n","protected":false},"excerpt":{"rendered":"<p>Gli edifici di via Boito saranno demoliti  e ricostruiti puntando su nuove soluzioni tecnologiche e residenziali <\/p>\n","protected":false},"author":28,"featured_media":56278,"comment_status":"closed","ping_status":"closed","sticky":false,"template":"","format":"image","meta":{"dwc-title":[""],"dwc-content":[""],"footnotes":""},"categories":[5],"tags":[66,902,1397,1864,2023,976,65],"class_list":["post-56275","post","type-post","status-publish","format-image","has-post-thumbnail","hentry","category-attualita","tag-ambiente","tag-ater","tag-casa","tag-costruzioni","tag-supershine","tag-tecnologia","tag-trieste","post_format-post-format-image"],"rttpg_featured_image_url":{"full":["https:\/\/imagazine.it\/wp-content\/uploads\/2024\/06\/DSC01138.jpg",1366,746,false],"landscape":["https:\/\/imagazine.it\/wp-content\/uploads\/2024\/06\/DSC01138.jpg",1366,746,false],"portraits":["https:\/\/imagazine.it\/wp-content\/uploads\/2024\/06\/DSC01138.jpg",1366,746,false],"thumbnail":["https:\/\/imagazine.it\/wp-content\/uploads\/2024\/06\/DSC01138-150x150.jpg",150,150,true],"medium":["https:\/\/imagazine.it\/wp-content\/uploads\/2024\/06\/DSC01138-300x164.jpg",300,164,true],"large":["https:\/\/imagazine.it\/wp-content\/uploads\/2024\/06\/DSC01138-1024x559.jpg",640,349,true],"thumblist":["https:\/\/imagazine.it\/wp-content\/uploads\/2024\/06\/DSC01138-300x300.jpg",300,300,true],"thumbrelated":["https:\/\/imagazine.it\/wp-content\/uploads\/2024\/06\/DSC01138-500x500.jpg",500,500,true],"meccarouselthumb":["https:\/\/imagazine.it\/wp-content\/uploads\/2024\/06\/DSC01138-474x324.jpg",474,324,true],"gridsquare":["https:\/\/imagazine.it\/wp-content\/uploads\/2024\/06\/DSC01138-391x260.jpg",391,260,true],"tileview":["https:\/\/imagazine.it\/wp-content\/uploads\/2024\/06\/DSC01138-300x400.jpg",300,400,true],"1536x1536":["https:\/\/imagazine.it\/wp-content\/uploads\/2024\/06\/DSC01138.jpg",1366,746,false],"2048x2048":["https:\/\/imagazine.it\/wp-content\/uploads\/2024\/06\/DSC01138.jpg",1366,746,false],"newsup-slider-full":["https:\/\/imagazine.it\/wp-content\/uploads\/2024\/06\/DSC01138-1280x720.jpg",1280,720,true],"newsup-featured":["https:\/\/imagazine.it\/wp-content\/uploads\/2024\/06\/DSC01138-1024x559.jpg",1024,559,true],"newsup-medium":["https:\/\/imagazine.it\/wp-content\/uploads\/2024\/06\/DSC01138-720x380.jpg",720,380,true],"tptn_thumbnail":["https:\/\/imagazine.it\/wp-content\/uploads\/2024\/06\/DSC01138-250x210.jpg",250,210,true],"sow-carousel-default":["https:\/\/imagazine.it\/wp-content\/uploads\/2024\/06\/DSC01138-272x182.jpg",272,182,true]},"rttpg_author":{"display_name":"redazione","author_link":"https:\/\/imagazine.it\/home_desk\/author\/redazione\/"},"rttpg_comment":0,"rttpg_category":"<a href=\"https:\/\/imagazine.it\/home_desk\/category\/attualita\/\" rel=\"category tag\">ATTUALIT\u00c0<\/a>","rttpg_excerpt":"Gli edifici di via Boito saranno demoliti e ricostruiti puntando su nuove soluzioni tecnologiche e residenziali","_links":{"self":[{"href":"https:\/\/imagazine.it\/home_desk\/wp-json\/wp\/v2\/posts\/56275","targetHints":{"allow":["GET"]}}],"collection":[{"href":"https:\/\/imagazine.it\/home_desk\/wp-json\/wp\/v2\/posts"}],"about":[{"href":"https:\/\/imagazine.it\/home_desk\/wp-json\/wp\/v2\/types\/post"}],"author":[{"embeddable":true,"href":"https:\/\/imagazine.it\/home_desk\/wp-json\/wp\/v2\/users\/28"}],"replies":[{"embeddable":true,"href":"https:\/\/imagazine.it\/home_desk\/wp-json\/wp\/v2\/comments?post=56275"}],"version-history":[{"count":0,"href":"https:\/\/imagazine.it\/home_desk\/wp-json\/wp\/v2\/posts\/56275\/revisions"}],"wp:featuredmedia":[{"embeddable":true,"href":"https:\/\/imagazine.it\/home_desk\/wp-json\/wp\/v2\/media\/56278"}],"wp:attachment":[{"href":"https:\/\/imagazine.it\/home_desk\/wp-json\/wp\/v2\/media?parent=56275"}],"wp:term":[{"taxonomy":"category","embeddable":true,"href":"https:\/\/imagazine.it\/home_desk\/wp-json\/wp\/v2\/categories?post=56275"},{"taxonomy":"post_tag","embeddable":true,"href":"https:\/\/imagazine.it\/home_desk\/wp-json\/wp\/v2\/tags?post=56275"}],"curies":[{"name":"wp","href":"https:\/\/api.w.org\/{rel}","templated":true}]}}