{"id":56113,"date":"2024-06-10T12:19:53","date_gmt":"2024-06-10T10:19:53","guid":{"rendered":"https:\/\/imagazine.it\/home_desk\/?p=56113"},"modified":"2024-06-11T12:29:29","modified_gmt":"2024-06-11T10:29:29","slug":"assoluti-di-ritmica-brilla-tara-dragas","status":"publish","type":"post","link":"https:\/\/imagazine.it\/home_desk\/assoluti-di-ritmica-brilla-tara-dragas\/","title":{"rendered":"Assoluti di Ritmica: brilla Tara Draga\u0161"},"content":{"rendered":"<p><span style=\"font-size: 10pt;\"><em>Tara Draga\u0161<\/em><\/span><\/p>\n<p>UDINE \u2013 La 54\u00aa edizione dei <strong>Campionati Italiani Assoluti di Ginnastica Ritmica<\/strong>, per <strong>Tara Draga\u0161<\/strong>, stellina dell\u2019ASU \u2013 Associazione Sportiva Udinese, si \u00e8 conclusa con quattro podi, uno per ciascuno degli attrezzi.<\/p>\n<p><strong>Draga\u0161<\/strong> ha conquistato la medaglia d&#8217;oro al nastro, con 31.200, piazzandosi davanti a Giorgia Galli e Milena Baldassarri; due gli argenti, nel cerchio (32.700) e nelle clavette (31.550); il bronzo \u00e8 invece arrivato alla palla con 32.100.<\/p>\n<p>Punteggi che le hanno consentito di raggiungere il quarto posto nel concorso generale con 126.600 dopo Sofia Raffaeli, Milena Baldassarri e Viola Sella.<\/p>\n<p>\u00ab<em>La posizione nel concorso generale \u00e8 l&#8217;unica nota stonata di una gara che l&#8217;ha vista fare quattro esercizi precisi e senza sbavature, tanto da consentirle di superare ginnaste pi\u00f9 esperte. Il podio all&#8217;all around non c&#8217;\u00e8 stato a causa di due errori alle clavette che l&#8217;hanno penalizzata. Si \u00e8 trattato (nel suo caso, come in quello di Tavano al nastro) di un errore dovuto al soffitto pi\u00f9 basso del solito. Le ragazze infatti si allenano in palestra molto pi\u00f9 alta, riuscendo a eseguire un maggior numero di rotazioni sotto il volo dell\u2019attrezzo, situazione che in gara era diversa. Detto questo, nelle esecuzioni finali \u00e8 stata pi\u00f9 attenta, ma non ha potuto fare il programma con tutte le difficolt\u00e0<\/em>\u00bb, spiega <strong>\u0160pela Draga\u0161<\/strong>, che allena Tara e tutta la squadra friulana con <strong>Noelia Fernandez<\/strong>, <strong>Valeria Pysmenna<\/strong> e il supporto della coreografa <strong>Laura Miotti<\/strong>.<\/p>\n<p>Positive anche le prove delle altre atlete bianconere in gara a Folgaria (Trento).<\/p>\n<figure id=\"attachment_56114\" aria-describedby=\"caption-attachment-56114\" style=\"width: 1000px\" class=\"wp-caption aligncenter\"><img loading=\"lazy\" decoding=\"async\" class=\"wp-image-56114 size-full\" src=\"https:\/\/imagazine.it\/wp-content\/uploads\/2024\/06\/10giugno2024_ASSOLUTI_RITMICA_Folgaria_post_5.jpeg\" alt=\"Atlete e allenatrici dell&#039;ASU a Folgari\" width=\"1000\" height=\"617\" title=\"\" srcset=\"https:\/\/imagazine.it\/wp-content\/uploads\/2024\/06\/10giugno2024_ASSOLUTI_RITMICA_Folgaria_post_5.jpeg 1000w, https:\/\/imagazine.it\/wp-content\/uploads\/2024\/06\/10giugno2024_ASSOLUTI_RITMICA_Folgaria_post_5-300x185.jpeg 300w, https:\/\/imagazine.it\/wp-content\/uploads\/2024\/06\/10giugno2024_ASSOLUTI_RITMICA_Folgaria_post_5-768x474.jpeg 768w\" sizes=\"auto, (max-width: 1000px) 100vw, 1000px\" \/><figcaption id=\"caption-attachment-56114\" class=\"wp-caption-text\">Atlete e allenatrici dell&#8217;ASU a Folgari<\/figcaption><\/figure>\n<p>\u00ab<em>Per <strong>Isabelle Tavano<\/strong><\/em> \u2013 sottolinea ancora la coach \u2013 <em>\u00e8 arrivato un bel quarto posto nella finale alle clavette. Un risultato che l&#8217;ha vista migliorare rispetto al 2023. <strong>Gaia Mancini<\/strong>, invece, \u00e8 stata l&#8217;unica neo-senior ad accedere alle gare di specialit\u00e0, dove \u00e8 arrivata ottava nella finale al cerchio e 15\u00aa nel concorso generale. Esperienza positiva per <strong>Isabel Rocco<\/strong>, anche lei neo-senior, che si \u00e8 classificata 16\u00aa all\u2019all around<\/em>\u00bb.<\/p>\n<p>\u00ab<em>Con questo evento <\/em>\u2013 commenta il presidente dell&#8217;ASU, <strong>Alessandro Nutta<\/strong> \u2013 <em>chiudiamo un anno ricco di soddisfazioni per la polisportiva e in particolare per la sezione ritmica<\/em>. <em>Quattro atlete su 21 partecipanti agli Assoluti \u00e8 gi\u00e0 un gran risultato, tante medaglie, poi, ci confermano la bont\u00e0 del lavoro di squadra e la maturazione tecnica e prestazionale delle atlete. Tutto ci\u00f2 \u00e8 frutto di un grande lavoro di pianificazione e programmazione unito al talento delle atlete che hanno fatto di ASU la loro casa. Complimenti a tutte<\/em>\u00bb.<\/p>\n","protected":false},"excerpt":{"rendered":"<p>Un oro, due argenti e un bronzo per l&#8217;atleta udinese. Sfuggito per un soffio il podio all\u2019all around per il soffitto basso<\/p>\n","protected":false},"author":28,"featured_media":56115,"comment_status":"closed","ping_status":"closed","sticky":false,"template":"","format":"image","meta":{"dwc-title":[""],"dwc-content":[""],"footnotes":""},"categories":[38],"tags":[477,1648,476,1165,475,101],"class_list":["post-56113","post","type-post","status-publish","format-image","has-post-thumbnail","hentry","category-sport","tag-asu","tag-dragas","tag-ginnastica","tag-medaglie","tag-ritmica","tag-udine","post_format-post-format-image"],"rttpg_featured_image_url":{"full":["https:\/\/imagazine.it\/wp-content\/uploads\/2024\/06\/10giugno2024_ASSOLUTI_RITMICA_Folgaria_post_4.jpeg",1366,791,false],"landscape":["https:\/\/imagazine.it\/wp-content\/uploads\/2024\/06\/10giugno2024_ASSOLUTI_RITMICA_Folgaria_post_4.jpeg",1366,791,false],"portraits":["https:\/\/imagazine.it\/wp-content\/uploads\/2024\/06\/10giugno2024_ASSOLUTI_RITMICA_Folgaria_post_4.jpeg",1366,791,false],"thumbnail":["https:\/\/imagazine.it\/wp-content\/uploads\/2024\/06\/10giugno2024_ASSOLUTI_RITMICA_Folgaria_post_4-150x150.jpeg",150,150,true],"medium":["https:\/\/imagazine.it\/wp-content\/uploads\/2024\/06\/10giugno2024_ASSOLUTI_RITMICA_Folgaria_post_4-300x174.jpeg",300,174,true],"large":["https:\/\/imagazine.it\/wp-content\/uploads\/2024\/06\/10giugno2024_ASSOLUTI_RITMICA_Folgaria_post_4-1024x593.jpeg",640,371,true],"thumblist":["https:\/\/imagazine.it\/wp-content\/uploads\/2024\/06\/10giugno2024_ASSOLUTI_RITMICA_Folgaria_post_4-300x300.jpeg",300,300,true],"thumbrelated":["https:\/\/imagazine.it\/wp-content\/uploads\/2024\/06\/10giugno2024_ASSOLUTI_RITMICA_Folgaria_post_4-500x500.jpeg",500,500,true],"meccarouselthumb":["https:\/\/imagazine.it\/wp-content\/uploads\/2024\/06\/10giugno2024_ASSOLUTI_RITMICA_Folgaria_post_4-474x324.jpeg",474,324,true],"gridsquare":["https:\/\/imagazine.it\/wp-content\/uploads\/2024\/06\/10giugno2024_ASSOLUTI_RITMICA_Folgaria_post_4-391x260.jpeg",391,260,true],"tileview":["https:\/\/imagazine.it\/wp-content\/uploads\/2024\/06\/10giugno2024_ASSOLUTI_RITMICA_Folgaria_post_4-300x400.jpeg",300,400,true],"1536x1536":["https:\/\/imagazine.it\/wp-content\/uploads\/2024\/06\/10giugno2024_ASSOLUTI_RITMICA_Folgaria_post_4.jpeg",1366,791,false],"2048x2048":["https:\/\/imagazine.it\/wp-content\/uploads\/2024\/06\/10giugno2024_ASSOLUTI_RITMICA_Folgaria_post_4.jpeg",1366,791,false],"newsup-slider-full":["https:\/\/imagazine.it\/wp-content\/uploads\/2024\/06\/10giugno2024_ASSOLUTI_RITMICA_Folgaria_post_4-1280x720.jpeg",1280,720,true],"newsup-featured":["https:\/\/imagazine.it\/wp-content\/uploads\/2024\/06\/10giugno2024_ASSOLUTI_RITMICA_Folgaria_post_4-1024x593.jpeg",1024,593,true],"newsup-medium":["https:\/\/imagazine.it\/wp-content\/uploads\/2024\/06\/10giugno2024_ASSOLUTI_RITMICA_Folgaria_post_4-720x380.jpeg",720,380,true],"tptn_thumbnail":["https:\/\/imagazine.it\/wp-content\/uploads\/2024\/06\/10giugno2024_ASSOLUTI_RITMICA_Folgaria_post_4-250x210.jpeg",250,210,true],"sow-carousel-default":["https:\/\/imagazine.it\/wp-content\/uploads\/2024\/06\/10giugno2024_ASSOLUTI_RITMICA_Folgaria_post_4-272x182.jpeg",272,182,true]},"rttpg_author":{"display_name":"redazione","author_link":"https:\/\/imagazine.it\/home_desk\/author\/redazione\/"},"rttpg_comment":0,"rttpg_category":"<a href=\"https:\/\/imagazine.it\/home_desk\/category\/sport\/\" rel=\"category tag\">SPORT<\/a>","rttpg_excerpt":"Un oro, due argenti e un bronzo per l'atleta udinese. Sfuggito per un soffio il podio all\u2019all around per il soffitto basso","_links":{"self":[{"href":"https:\/\/imagazine.it\/home_desk\/wp-json\/wp\/v2\/posts\/56113","targetHints":{"allow":["GET"]}}],"collection":[{"href":"https:\/\/imagazine.it\/home_desk\/wp-json\/wp\/v2\/posts"}],"about":[{"href":"https:\/\/imagazine.it\/home_desk\/wp-json\/wp\/v2\/types\/post"}],"author":[{"embeddable":true,"href":"https:\/\/imagazine.it\/home_desk\/wp-json\/wp\/v2\/users\/28"}],"replies":[{"embeddable":true,"href":"https:\/\/imagazine.it\/home_desk\/wp-json\/wp\/v2\/comments?post=56113"}],"version-history":[{"count":0,"href":"https:\/\/imagazine.it\/home_desk\/wp-json\/wp\/v2\/posts\/56113\/revisions"}],"wp:featuredmedia":[{"embeddable":true,"href":"https:\/\/imagazine.it\/home_desk\/wp-json\/wp\/v2\/media\/56115"}],"wp:attachment":[{"href":"https:\/\/imagazine.it\/home_desk\/wp-json\/wp\/v2\/media?parent=56113"}],"wp:term":[{"taxonomy":"category","embeddable":true,"href":"https:\/\/imagazine.it\/home_desk\/wp-json\/wp\/v2\/categories?post=56113"},{"taxonomy":"post_tag","embeddable":true,"href":"https:\/\/imagazine.it\/home_desk\/wp-json\/wp\/v2\/tags?post=56113"}],"curies":[{"name":"wp","href":"https:\/\/api.w.org\/{rel}","templated":true}]}}