{"id":56057,"date":"2024-06-07T14:45:54","date_gmt":"2024-06-07T12:45:54","guid":{"rendered":"https:\/\/imagazine.it\/home_desk\/?p=56057"},"modified":"2024-06-10T12:50:53","modified_gmt":"2024-06-10T10:50:53","slug":"gestire-lalopecia-areata-da-trieste-nuove-prospettive","status":"publish","type":"post","link":"https:\/\/imagazine.it\/home_desk\/gestire-lalopecia-areata-da-trieste-nuove-prospettive\/","title":{"rendered":"Gestire l&#8217;alopecia areata: da Trieste nuove prospettive"},"content":{"rendered":"<p><span style=\"font-size: 10pt;\"><em>Il dottor Raffaele Dante Caposiena Caro con il riconoscimento in mano<\/em><\/span><\/p>\n<p>TRIESTE \u2013 Il congresso annuale di SIDeMaST, la Societ\u00e0 Italiana di Dermatologia, ha assegnato un premio per il <strong>miglior progetto di ricerca in ambito dermatologico<\/strong> al <strong>dottor Raffaele Dante Caposiena Caro<\/strong>.<\/p>\n<p>Il premio \u00e8 assegnato a giovani dermatologi italiani meritevoli, di et\u00e0 non superiore ai 40 anni, dal Consiglio Direttivo della Societ\u00e0 Italiana di Dermatologia e di Malattie Sessualmente Trasmesse (SIDeMaST) per il miglior progetto di ricerca in ambito dermatologico.<\/p>\n<h3>Il progetto di ricerca<\/h3>\n<p>L\u2019obiettivo del progetto di ricerca premiato consiste, utilizzando immagini dermatoscopiche, nell\u2019applicazione degli algoritmi dell\u2019intelligenza artificiale (<em>deep learning<\/em>) per migliorare la diagnosi, valutazione del grado di attivit\u00e0 di malattia e <strong>gestione terapeutica dell\u2019alopecia areata<\/strong>.<\/p>\n<p>L&#8217;alopecia areata \u00e8 una malattia autoimmune che colpisce i follicoli piliferi del cuoio capelluto e il resto del corpo causando la caduta dei capelli con una incidenza stimata tra l\u20191% e il 4%.<\/p>\n<p>L&#8217;alopecia areata ha un decorso imprevedibile, spesso caratterizzato da recidive intervallate da periodi di ricrescita.<\/p>\n<h3>Diagnosi pi\u00f9 efficace<\/h3>\n<p>La diagnosi viene effettuata clinicamente e con il supporto della tricoscopia, la quale \u00e8 l&#8217;applicazione della dermatoscopia sul cuoio capelluto e sui capelli. Questo strumento pu\u00f2 migliorare la diagnosi precoce dell\u2019alopecia areata, valutare l\u2019attivit\u00e0 di malattia e la risposta terapeutica. Essa \u00e8 attualmente considerata una tecnica essenziale nello studio delle patologie del cuoio capelluto.<\/p>\n<p>Tuttavia, dato il decorso imprevedibile della patologia, la diagnosi in particolare in fase precoce e valutazione del decorso dell\u2019alopecia areata \u00e8 spesso complesso.<\/p>\n<p>Di conseguenza, lo sviluppo di un metodo computerizzato pu\u00f2 aiutare i dermatologi nella diagnosi e nella valutazione dell&#8217;attivit\u00e0 e risposta terapeutica delle malattie del cuoio capelluto, come l&#8217;alopecia areata, migliorandone la gestione.<\/p>\n<h3>La Clinica Dermatologica<\/h3>\n<p>Il riconoscimento ottenuto dal <strong>dottor Caposiena Caro<\/strong> mette in risalto il lavoro svolto dai professionisti della <strong>Clinica Dermatologica<\/strong> dell\u2019Azienda Sanitaria Universitaria Giuliano Isontina (ASUGI), diretta dalla <strong>professoressa Iris Zalaudek<\/strong>.<\/p>\n<p>Per la diagnosi e trattamento delle patologie degli annessi cutanei (capelli e unghie) \u00e8 attivo <strong>l\u2019ambulatorio di II livello<\/strong> degli annessi cutanei coordinato proprio dal <strong>dottor Caposiena Caro<\/strong>.<\/p>\n","protected":false},"excerpt":{"rendered":"<p>Premio nazionale per il progetto di ricerca del dottor Raffaele Dante Caposiena Caro della clinica dermatologica di ASUGI<\/p>\n","protected":false},"author":28,"featured_media":56058,"comment_status":"closed","ping_status":"closed","sticky":false,"template":"","format":"image","meta":{"dwc-title":[""],"dwc-content":[""],"footnotes":""},"categories":[5],"tags":[96,1967,98,97,95,65],"class_list":["post-56057","post","type-post","status-publish","format-image","has-post-thumbnail","hentry","category-attualita","tag-asugi","tag-dermatologia","tag-ricerca","tag-salute","tag-sanita","tag-trieste","post_format-post-format-image"],"rttpg_featured_image_url":{"full":["https:\/\/imagazine.it\/wp-content\/uploads\/2024\/06\/premioDermatologi.jpg",1366,816,false],"landscape":["https:\/\/imagazine.it\/wp-content\/uploads\/2024\/06\/premioDermatologi.jpg",1366,816,false],"portraits":["https:\/\/imagazine.it\/wp-content\/uploads\/2024\/06\/premioDermatologi.jpg",1366,816,false],"thumbnail":["https:\/\/imagazine.it\/wp-content\/uploads\/2024\/06\/premioDermatologi-150x150.jpg",150,150,true],"medium":["https:\/\/imagazine.it\/wp-content\/uploads\/2024\/06\/premioDermatologi-300x179.jpg",300,179,true],"large":["https:\/\/imagazine.it\/wp-content\/uploads\/2024\/06\/premioDermatologi-1024x612.jpg",640,383,true],"thumblist":["https:\/\/imagazine.it\/wp-content\/uploads\/2024\/06\/premioDermatologi-300x300.jpg",300,300,true],"thumbrelated":["https:\/\/imagazine.it\/wp-content\/uploads\/2024\/06\/premioDermatologi-500x500.jpg",500,500,true],"meccarouselthumb":["https:\/\/imagazine.it\/wp-content\/uploads\/2024\/06\/premioDermatologi-474x324.jpg",474,324,true],"gridsquare":["https:\/\/imagazine.it\/wp-content\/uploads\/2024\/06\/premioDermatologi-391x260.jpg",391,260,true],"tileview":["https:\/\/imagazine.it\/wp-content\/uploads\/2024\/06\/premioDermatologi-300x400.jpg",300,400,true],"1536x1536":["https:\/\/imagazine.it\/wp-content\/uploads\/2024\/06\/premioDermatologi.jpg",1366,816,false],"2048x2048":["https:\/\/imagazine.it\/wp-content\/uploads\/2024\/06\/premioDermatologi.jpg",1366,816,false],"newsup-slider-full":["https:\/\/imagazine.it\/wp-content\/uploads\/2024\/06\/premioDermatologi-1280x720.jpg",1280,720,true],"newsup-featured":["https:\/\/imagazine.it\/wp-content\/uploads\/2024\/06\/premioDermatologi-1024x612.jpg",1024,612,true],"newsup-medium":["https:\/\/imagazine.it\/wp-content\/uploads\/2024\/06\/premioDermatologi-720x380.jpg",720,380,true],"tptn_thumbnail":["https:\/\/imagazine.it\/wp-content\/uploads\/2024\/06\/premioDermatologi-250x210.jpg",250,210,true],"sow-carousel-default":["https:\/\/imagazine.it\/wp-content\/uploads\/2024\/06\/premioDermatologi-272x182.jpg",272,182,true]},"rttpg_author":{"display_name":"redazione","author_link":"https:\/\/imagazine.it\/home_desk\/author\/redazione\/"},"rttpg_comment":0,"rttpg_category":"<a href=\"https:\/\/imagazine.it\/home_desk\/category\/attualita\/\" rel=\"category tag\">ATTUALIT\u00c0<\/a>","rttpg_excerpt":"Premio nazionale per il progetto di ricerca del dottor Raffaele Dante Caposiena Caro della clinica dermatologica di ASUGI","_links":{"self":[{"href":"https:\/\/imagazine.it\/home_desk\/wp-json\/wp\/v2\/posts\/56057","targetHints":{"allow":["GET"]}}],"collection":[{"href":"https:\/\/imagazine.it\/home_desk\/wp-json\/wp\/v2\/posts"}],"about":[{"href":"https:\/\/imagazine.it\/home_desk\/wp-json\/wp\/v2\/types\/post"}],"author":[{"embeddable":true,"href":"https:\/\/imagazine.it\/home_desk\/wp-json\/wp\/v2\/users\/28"}],"replies":[{"embeddable":true,"href":"https:\/\/imagazine.it\/home_desk\/wp-json\/wp\/v2\/comments?post=56057"}],"version-history":[{"count":0,"href":"https:\/\/imagazine.it\/home_desk\/wp-json\/wp\/v2\/posts\/56057\/revisions"}],"wp:featuredmedia":[{"embeddable":true,"href":"https:\/\/imagazine.it\/home_desk\/wp-json\/wp\/v2\/media\/56058"}],"wp:attachment":[{"href":"https:\/\/imagazine.it\/home_desk\/wp-json\/wp\/v2\/media?parent=56057"}],"wp:term":[{"taxonomy":"category","embeddable":true,"href":"https:\/\/imagazine.it\/home_desk\/wp-json\/wp\/v2\/categories?post=56057"},{"taxonomy":"post_tag","embeddable":true,"href":"https:\/\/imagazine.it\/home_desk\/wp-json\/wp\/v2\/tags?post=56057"}],"curies":[{"name":"wp","href":"https:\/\/api.w.org\/{rel}","templated":true}]}}