{"id":56053,"date":"2024-06-07T13:00:22","date_gmt":"2024-06-07T11:00:22","guid":{"rendered":"https:\/\/imagazine.it\/home_desk\/?p=56053"},"modified":"2024-06-09T09:38:26","modified_gmt":"2024-06-09T07:38:26","slug":"pallanuoto-trieste-punta-sui-gol-di-manzi","status":"publish","type":"post","link":"https:\/\/imagazine.it\/home_desk\/pallanuoto-trieste-punta-sui-gol-di-manzi\/","title":{"rendered":"Pallanuoto Trieste punta sui gol di Manzi"},"content":{"rendered":"<p><span style=\"font-size: 10pt;\"><em>Edoardo Manzi (\u00a9 An Brescia)<\/em><\/span><\/p>\n<p>TRIESTE \u2013 In vista della stagione 2024\/2025, la <strong>Pallanuoto Trieste<\/strong> piazza un altro colpo di mercato per la squadra di serie A1 maschile.<\/p>\n<p>La societ\u00e0 sponsorizzata Samer &amp; Co. Shipping ha infatti ingaggiato (con contratto biennale) l\u2019attaccante <strong>Edoardo Manzi<\/strong>.<\/p>\n<p>Nativo di Padova, classe 1998, \u00e8 cresciuto pallanuotisticamente tra Camogli e Sori. Nel 2017 \u00e8 approdato all\u2019An Brescia, per dopo indossare le calottine di Posillipo, Miskolc in Ungheria, Bogliasco e De Akker Bologna nel biennio tra il 2021 e 2023.<\/p>\n<p>Nel 2022\/2023 con i felsinei ha realizzato 59 gol in A1 (quarto nella classifica marcatori del massimo campionato nazionale), mentre nella stagione 2023\/2024 \u00e8 tornato al Brescia dove ha vinto la Coppa Italia (in finale battuta la Pro Recco ai rigori).<\/p>\n<p>\u201cQuando ho deciso di cambiare \u2013 racconta il nuovo giocatore alabardato \u2013 la Pallanuoto Trieste ha rappresentato la mia prima scelta. \u00c8 una societ\u00e0 che apprezzo, organizzata, che in pochi anni ha scalato le gerarchie. Non \u00e8 stato difficile accordarsi e spero di fermarmi qui per molto tempo. Trover\u00f2 compagni di squadra che conosco bene, non credo avr\u00f2 difficolt\u00e0 ad ambientarmi. Obiettivi? Intanto dobbiamo tornare subito a giocare le coppe europee. Poi io sono molto ambizioso quindi non voglio pormi limiti, possiamo puntare in alto\u201d.<\/p>\n<p>\u201cManzi \u00e8 un ragazzo che seguo da diversi anni \u2013 analizza l\u2019allenatore <strong>Maurizio Mirarchi<\/strong> \u2013 ottimo finalizzatore, veloce nel nuoto, se messo in condizione \u00e8 capace di segnare tantissimi gol. Cercheremo di coinvolgerlo il pi\u00f9 possibile nei nostri schemi offensivi\u201d.<\/p>\n<p>\u201cQuello del mancino \u00e8 un ruolo fondamentale nella pallanuoto moderna \u2013 spiega il direttore generale <strong>Andrea Brazzatti<\/strong> \u2013. Edoardo garantir\u00e0 maggiore pericolosit\u00e0 al tiro e grande dinamismo. Siamo contenti di averlo con noi\u201d.<\/p>\n","protected":false},"excerpt":{"rendered":"<p>Contratto biennale per l&#8217;attaccante mancino acquistato da Bologna. &#8220;Arrivo in una societ\u00e0 organizzata. Vogliamo giocare le coppe europee&#8221;<\/p>\n","protected":false},"author":28,"featured_media":56054,"comment_status":"closed","ping_status":"closed","sticky":false,"template":"","format":"image","meta":{"dwc-title":[""],"dwc-content":[""],"footnotes":""},"categories":[38],"tags":[1966,1714,65],"class_list":["post-56053","post","type-post","status-publish","format-image","has-post-thumbnail","hentry","category-sport","tag-pallanuoto","tag-serie-a","tag-trieste","post_format-post-format-image"],"rttpg_featured_image_url":{"full":["https:\/\/imagazine.it\/wp-content\/uploads\/2024\/06\/edoardo_manzi_AnBrescia.jpg",1366,755,false],"landscape":["https:\/\/imagazine.it\/wp-content\/uploads\/2024\/06\/edoardo_manzi_AnBrescia.jpg",1366,755,false],"portraits":["https:\/\/imagazine.it\/wp-content\/uploads\/2024\/06\/edoardo_manzi_AnBrescia.jpg",1366,755,false],"thumbnail":["https:\/\/imagazine.it\/wp-content\/uploads\/2024\/06\/edoardo_manzi_AnBrescia-150x150.jpg",150,150,true],"medium":["https:\/\/imagazine.it\/wp-content\/uploads\/2024\/06\/edoardo_manzi_AnBrescia-300x166.jpg",300,166,true],"large":["https:\/\/imagazine.it\/wp-content\/uploads\/2024\/06\/edoardo_manzi_AnBrescia-1024x566.jpg",640,354,true],"thumblist":["https:\/\/imagazine.it\/wp-content\/uploads\/2024\/06\/edoardo_manzi_AnBrescia-300x300.jpg",300,300,true],"thumbrelated":["https:\/\/imagazine.it\/wp-content\/uploads\/2024\/06\/edoardo_manzi_AnBrescia-500x500.jpg",500,500,true],"meccarouselthumb":["https:\/\/imagazine.it\/wp-content\/uploads\/2024\/06\/edoardo_manzi_AnBrescia-474x324.jpg",474,324,true],"gridsquare":["https:\/\/imagazine.it\/wp-content\/uploads\/2024\/06\/edoardo_manzi_AnBrescia-391x260.jpg",391,260,true],"tileview":["https:\/\/imagazine.it\/wp-content\/uploads\/2024\/06\/edoardo_manzi_AnBrescia-300x400.jpg",300,400,true],"1536x1536":["https:\/\/imagazine.it\/wp-content\/uploads\/2024\/06\/edoardo_manzi_AnBrescia.jpg",1366,755,false],"2048x2048":["https:\/\/imagazine.it\/wp-content\/uploads\/2024\/06\/edoardo_manzi_AnBrescia.jpg",1366,755,false],"newsup-slider-full":["https:\/\/imagazine.it\/wp-content\/uploads\/2024\/06\/edoardo_manzi_AnBrescia-1280x720.jpg",1280,720,true],"newsup-featured":["https:\/\/imagazine.it\/wp-content\/uploads\/2024\/06\/edoardo_manzi_AnBrescia-1024x566.jpg",1024,566,true],"newsup-medium":["https:\/\/imagazine.it\/wp-content\/uploads\/2024\/06\/edoardo_manzi_AnBrescia-720x380.jpg",720,380,true],"tptn_thumbnail":["https:\/\/imagazine.it\/wp-content\/uploads\/2024\/06\/edoardo_manzi_AnBrescia-250x210.jpg",250,210,true],"sow-carousel-default":["https:\/\/imagazine.it\/wp-content\/uploads\/2024\/06\/edoardo_manzi_AnBrescia-272x182.jpg",272,182,true]},"rttpg_author":{"display_name":"redazione","author_link":"https:\/\/imagazine.it\/home_desk\/author\/redazione\/"},"rttpg_comment":0,"rttpg_category":"<a href=\"https:\/\/imagazine.it\/home_desk\/category\/sport\/\" rel=\"category tag\">SPORT<\/a>","rttpg_excerpt":"Contratto biennale per l'attaccante mancino acquistato da Bologna. \"Arrivo in una societ\u00e0 organizzata. Vogliamo giocare le coppe europee\"","_links":{"self":[{"href":"https:\/\/imagazine.it\/home_desk\/wp-json\/wp\/v2\/posts\/56053","targetHints":{"allow":["GET"]}}],"collection":[{"href":"https:\/\/imagazine.it\/home_desk\/wp-json\/wp\/v2\/posts"}],"about":[{"href":"https:\/\/imagazine.it\/home_desk\/wp-json\/wp\/v2\/types\/post"}],"author":[{"embeddable":true,"href":"https:\/\/imagazine.it\/home_desk\/wp-json\/wp\/v2\/users\/28"}],"replies":[{"embeddable":true,"href":"https:\/\/imagazine.it\/home_desk\/wp-json\/wp\/v2\/comments?post=56053"}],"version-history":[{"count":0,"href":"https:\/\/imagazine.it\/home_desk\/wp-json\/wp\/v2\/posts\/56053\/revisions"}],"wp:featuredmedia":[{"embeddable":true,"href":"https:\/\/imagazine.it\/home_desk\/wp-json\/wp\/v2\/media\/56054"}],"wp:attachment":[{"href":"https:\/\/imagazine.it\/home_desk\/wp-json\/wp\/v2\/media?parent=56053"}],"wp:term":[{"taxonomy":"category","embeddable":true,"href":"https:\/\/imagazine.it\/home_desk\/wp-json\/wp\/v2\/categories?post=56053"},{"taxonomy":"post_tag","embeddable":true,"href":"https:\/\/imagazine.it\/home_desk\/wp-json\/wp\/v2\/tags?post=56053"}],"curies":[{"name":"wp","href":"https:\/\/api.w.org\/{rel}","templated":true}]}}