{"id":55928,"date":"2024-06-06T12:23:15","date_gmt":"2024-06-06T10:23:15","guid":{"rendered":"https:\/\/imagazine.it\/home_desk\/?p=55928"},"modified":"2024-06-07T13:00:42","modified_gmt":"2024-06-07T11:00:42","slug":"bookcrossing-a-udine-la-casetta-per-i-libri","status":"publish","type":"post","link":"https:\/\/imagazine.it\/home_desk\/bookcrossing-a-udine-la-casetta-per-i-libri\/","title":{"rendered":"Bookcrossing: a Udine la Casetta per i Libri"},"content":{"rendered":"<p><span style=\"font-size: 10pt;\"><em>La nuova casetta dei libri a Udine<\/em><\/span><\/p>\n<p>UDINE \u2013\u00a0<em>Un libro \u00e8 un sogno che tieni fra le mani<\/em>\u00a0e\u00a0<em>Leggere ci d\u00e0 un posto dove andare\u2026 anche quando dobbiamo rimanere dove siamo<\/em>.<\/p>\n<p>Sono le frasi che campeggiano sulla\u00a0<strong>postazione di \u201cBookcrossing\u201d<\/strong>\u00a0che da qualche giorno \u00e8 stata posizionata\u00a0<strong>nel quartiere della IV Circoscrizione<\/strong>\u00a0di Udine, precisamente nell\u2019<strong>area verde padri Aldo e Bramante Marchiol<\/strong>\u00a0di\u00a0<strong>via Arnaldo Piutti 47<\/strong>.<\/p>\n<p>Realizzata\u00a0dal <strong>Servizio foreste del Corpo forestale FVG<\/strong>, desiderata dai bambini delle scuole e dai cittadini del quartiere, \u00e8 gestita dai ragazzi del <strong>progetto Casa Asti<\/strong>, in collaborazione con la <strong>Biblioteca civica \u201cV. Joppi\u201d<\/strong>.<\/p>\n<p>Venerd\u00ec 7 giugno alle 16.30, grazie al progetto Storie in Citt\u00e0, sostenuto\u00a0dall\u2019assessorato per l\u2019Equit\u00e0 sociale e Salute del Comune di Udine retto dall\u2019assessore <strong>Stefano Gasparin<\/strong>, interverranno l\u2019assessore <strong>Federico Angelo Pirone<\/strong> (Istruzione, Universit\u00e0 e Cultura),\u00a0<strong>Rinaldo Comino<\/strong> del Servizio Foreste e Corpo Forestale della Regione autonoma FVG, <strong>Guido Zoncu<\/strong>, dirigente scolastico Istituto comprensivo IV Udine.<\/p>\n<p>L\u2019evento \u00e8 parte della rassegna \u201c<em>Storie in Citt\u00e0<\/em>\u201d, che mira a promuovere pratiche innovative di inclusione diffusa e partecipata delle persone con disabilit\u00e0, attraverso la promozione della lettura.<\/p>\n<p>Grazie alla collaborazione di molti amici del quartiere, nel pomeriggio seguir\u00e0 \u201c<em>Arcobaleno di storie, laboratori e musica<\/em>\u201d, una serie di eventi per bambini, bambine e famiglie, un pomeriggio dedicato a laboratori di lettura (Damatr\u00e0 e Casa Asti), caccia al tesoro (associazione Meta Cometa), musiche di giovani studenti (associazione Musicologi) e laboratori creativi (Coop. L\u2019Ancora), merenda (mamme della Scuola Alberti), con il supporto del Gruppo Alpini di Udine Sud.<\/p>\n<p>Il <strong>progetto di lettura condivisa<\/strong> nasce per portare persone e libri in prossimit\u00e0, pi\u00f9 vicino a bambini e ragazzi, non solo in biblioteche e scuole, ma anche in luoghi insoliti della citt\u00e0 come parchi, case private o aree verdi, come nel caso della postazione di <em>bookcrossing<\/em>, per raggiungere gli irraggiungibili, affiancando alle realt\u00e0 locali il sostegno di risorse, operatori e volontari della citt\u00e0.<\/p>\n<p>L\u2019appuntamento \u00e8 inserito nella ricca programmazione de La Notte dei Lettori, con la direzione artistica di <strong>Martina Del Piccolo<\/strong>, come Stazione 28.<\/p>\n","protected":false},"excerpt":{"rendered":"<p>Realizzata dal Servizio foreste del Corpo forestale FVG rientra nel progetto di lettura condivisa per avvicinare libri e persone ai pi\u00f9 giovani<\/p>\n","protected":false},"author":28,"featured_media":55929,"comment_status":"closed","ping_status":"closed","sticky":false,"template":"","format":"image","meta":{"dwc-title":[""],"dwc-content":[""],"footnotes":""},"categories":[1],"tags":[1953,273,101],"class_list":["post-55928","post","type-post","status-publish","format-image","has-post-thumbnail","hentry","category-uncategorized","tag-lettura","tag-libri","tag-udine","post_format-post-format-image"],"rttpg_featured_image_url":{"full":["https:\/\/imagazine.it\/wp-content\/uploads\/2024\/06\/casetta-libri.jpg",1366,790,false],"landscape":["https:\/\/imagazine.it\/wp-content\/uploads\/2024\/06\/casetta-libri.jpg",1366,790,false],"portraits":["https:\/\/imagazine.it\/wp-content\/uploads\/2024\/06\/casetta-libri.jpg",1366,790,false],"thumbnail":["https:\/\/imagazine.it\/wp-content\/uploads\/2024\/06\/casetta-libri-150x150.jpg",150,150,true],"medium":["https:\/\/imagazine.it\/wp-content\/uploads\/2024\/06\/casetta-libri-300x173.jpg",300,173,true],"large":["https:\/\/imagazine.it\/wp-content\/uploads\/2024\/06\/casetta-libri-1024x592.jpg",640,370,true],"thumblist":["https:\/\/imagazine.it\/wp-content\/uploads\/2024\/06\/casetta-libri-300x300.jpg",300,300,true],"thumbrelated":["https:\/\/imagazine.it\/wp-content\/uploads\/2024\/06\/casetta-libri-500x500.jpg",500,500,true],"meccarouselthumb":["https:\/\/imagazine.it\/wp-content\/uploads\/2024\/06\/casetta-libri-474x324.jpg",474,324,true],"gridsquare":["https:\/\/imagazine.it\/wp-content\/uploads\/2024\/06\/casetta-libri-391x260.jpg",391,260,true],"tileview":["https:\/\/imagazine.it\/wp-content\/uploads\/2024\/06\/casetta-libri-300x400.jpg",300,400,true],"1536x1536":["https:\/\/imagazine.it\/wp-content\/uploads\/2024\/06\/casetta-libri.jpg",1366,790,false],"2048x2048":["https:\/\/imagazine.it\/wp-content\/uploads\/2024\/06\/casetta-libri.jpg",1366,790,false],"newsup-slider-full":["https:\/\/imagazine.it\/wp-content\/uploads\/2024\/06\/casetta-libri-1280x720.jpg",1280,720,true],"newsup-featured":["https:\/\/imagazine.it\/wp-content\/uploads\/2024\/06\/casetta-libri-1024x592.jpg",1024,592,true],"newsup-medium":["https:\/\/imagazine.it\/wp-content\/uploads\/2024\/06\/casetta-libri-720x380.jpg",720,380,true],"tptn_thumbnail":["https:\/\/imagazine.it\/wp-content\/uploads\/2024\/06\/casetta-libri-250x210.jpg",250,210,true],"sow-carousel-default":["https:\/\/imagazine.it\/wp-content\/uploads\/2024\/06\/casetta-libri-272x182.jpg",272,182,true]},"rttpg_author":{"display_name":"redazione","author_link":"https:\/\/imagazine.it\/home_desk\/author\/redazione\/"},"rttpg_comment":0,"rttpg_category":"<a href=\"https:\/\/imagazine.it\/home_desk\/category\/uncategorized\/\" rel=\"category tag\">Uncategorized<\/a>","rttpg_excerpt":"Realizzata dal Servizio foreste del Corpo forestale FVG rientra nel progetto di lettura condivisa per avvicinare libri e persone ai pi\u00f9 giovani","_links":{"self":[{"href":"https:\/\/imagazine.it\/home_desk\/wp-json\/wp\/v2\/posts\/55928","targetHints":{"allow":["GET"]}}],"collection":[{"href":"https:\/\/imagazine.it\/home_desk\/wp-json\/wp\/v2\/posts"}],"about":[{"href":"https:\/\/imagazine.it\/home_desk\/wp-json\/wp\/v2\/types\/post"}],"author":[{"embeddable":true,"href":"https:\/\/imagazine.it\/home_desk\/wp-json\/wp\/v2\/users\/28"}],"replies":[{"embeddable":true,"href":"https:\/\/imagazine.it\/home_desk\/wp-json\/wp\/v2\/comments?post=55928"}],"version-history":[{"count":0,"href":"https:\/\/imagazine.it\/home_desk\/wp-json\/wp\/v2\/posts\/55928\/revisions"}],"wp:featuredmedia":[{"embeddable":true,"href":"https:\/\/imagazine.it\/home_desk\/wp-json\/wp\/v2\/media\/55929"}],"wp:attachment":[{"href":"https:\/\/imagazine.it\/home_desk\/wp-json\/wp\/v2\/media?parent=55928"}],"wp:term":[{"taxonomy":"category","embeddable":true,"href":"https:\/\/imagazine.it\/home_desk\/wp-json\/wp\/v2\/categories?post=55928"},{"taxonomy":"post_tag","embeddable":true,"href":"https:\/\/imagazine.it\/home_desk\/wp-json\/wp\/v2\/tags?post=55928"}],"curies":[{"name":"wp","href":"https:\/\/api.w.org\/{rel}","templated":true}]}}