{"id":55795,"date":"2024-06-04T16:58:35","date_gmt":"2024-06-04T14:58:35","guid":{"rendered":"https:\/\/imagazine.it\/home_desk\/?p=55795"},"modified":"2024-06-05T17:02:15","modified_gmt":"2024-06-05T15:02:15","slug":"trasporto-pubblico-due-nuove-imbarcazione-in-fvg","status":"publish","type":"post","link":"https:\/\/imagazine.it\/home_desk\/trasporto-pubblico-due-nuove-imbarcazione-in-fvg\/","title":{"rendered":"Trasporto pubblico: due nuove imbarcazioni in FVG"},"content":{"rendered":"<p><span style=\"font-size: 10pt;\"><em>(ph. Regione FVG)<\/em><\/span><\/p>\n<p>UDINE \u2013 Grazie a un trasferimento di fondi ministeriali per <strong>circa 3 milioni di euro<\/strong> il servizio pubblico marittimo regionale potr\u00e0 contare a breve su <strong>due nuove imbarcazioni per il trasporto di passeggeri e biciclette<\/strong>.<\/p>\n<p>Lo ha annunciato l&#8217;assessore regionale a Infrastrutture e territorio, <strong>Cristina Amirante<\/strong>, a seguito dell&#8217;approvazione da parte della Giunta regionale della convenzione tra la Regione Friuli Venezia Giulia e il Ministero delle Infrastrutture e dei Trasporti.<\/p>\n<p>L&#8217;acquisto dei due natanti sar\u00e0 effettuato dalla Societ\u00e0 Tpl Fvg Scarl che coprir\u00e0 con risorse proprie la differenza del <strong>costo stimato in 3,75 milioni di euro<\/strong>.<\/p>\n<p>Una <strong>prima imbarcazione<\/strong> ha una capacit\u00e0 di trasporto di <strong>280\/300 passeggeri e 50 biciclette<\/strong>, \u00e8 dotata di tre bagni di cui uno accessibile.<\/p>\n<p>La pi\u00f9 piccola pu\u00f2 trasportare <strong>150\/180 passeggeri e 35 biciclette<\/strong> ed \u00e8 dotata di due bagni di cui uno accessibile.<\/p>\n<p>Entrambe le imbarcazioni raggiungono la <strong>velocit\u00e0 di 20 nodi<\/strong>.<\/p>\n","protected":false},"excerpt":{"rendered":"<p>Presto disponibili grazie a 3 milioni di euro di fondi ministeriali. Trasporteranno passeggeri e biciclette<\/p>\n","protected":false},"author":28,"featured_media":55796,"comment_status":"closed","ping_status":"closed","sticky":false,"template":"","format":"image","meta":{"dwc-title":[""],"dwc-content":[""],"footnotes":""},"categories":[5],"tags":[1084,519,1945],"class_list":["post-55795","post","type-post","status-publish","format-image","has-post-thumbnail","hentry","category-attualita","tag-barche","tag-nautica","tag-trasporto","post_format-post-format-image"],"rttpg_featured_image_url":{"full":["https:\/\/imagazine.it\/wp-content\/uploads\/2024\/06\/imbarcazione-TBL.jpg",1366,691,false],"landscape":["https:\/\/imagazine.it\/wp-content\/uploads\/2024\/06\/imbarcazione-TBL.jpg",1366,691,false],"portraits":["https:\/\/imagazine.it\/wp-content\/uploads\/2024\/06\/imbarcazione-TBL.jpg",1366,691,false],"thumbnail":["https:\/\/imagazine.it\/wp-content\/uploads\/2024\/06\/imbarcazione-TBL-150x150.jpg",150,150,true],"medium":["https:\/\/imagazine.it\/wp-content\/uploads\/2024\/06\/imbarcazione-TBL-300x152.jpg",300,152,true],"large":["https:\/\/imagazine.it\/wp-content\/uploads\/2024\/06\/imbarcazione-TBL-1024x518.jpg",640,324,true],"thumblist":["https:\/\/imagazine.it\/wp-content\/uploads\/2024\/06\/imbarcazione-TBL-300x300.jpg",300,300,true],"thumbrelated":["https:\/\/imagazine.it\/wp-content\/uploads\/2024\/06\/imbarcazione-TBL-500x500.jpg",500,500,true],"meccarouselthumb":["https:\/\/imagazine.it\/wp-content\/uploads\/2024\/06\/imbarcazione-TBL-474x324.jpg",474,324,true],"gridsquare":["https:\/\/imagazine.it\/wp-content\/uploads\/2024\/06\/imbarcazione-TBL-391x260.jpg",391,260,true],"tileview":["https:\/\/imagazine.it\/wp-content\/uploads\/2024\/06\/imbarcazione-TBL-300x400.jpg",300,400,true],"1536x1536":["https:\/\/imagazine.it\/wp-content\/uploads\/2024\/06\/imbarcazione-TBL.jpg",1366,691,false],"2048x2048":["https:\/\/imagazine.it\/wp-content\/uploads\/2024\/06\/imbarcazione-TBL.jpg",1366,691,false],"newsup-slider-full":["https:\/\/imagazine.it\/wp-content\/uploads\/2024\/06\/imbarcazione-TBL-1280x691.jpg",1280,691,true],"newsup-featured":["https:\/\/imagazine.it\/wp-content\/uploads\/2024\/06\/imbarcazione-TBL-1024x518.jpg",1024,518,true],"newsup-medium":["https:\/\/imagazine.it\/wp-content\/uploads\/2024\/06\/imbarcazione-TBL-720x380.jpg",720,380,true],"tptn_thumbnail":["https:\/\/imagazine.it\/wp-content\/uploads\/2024\/06\/imbarcazione-TBL-250x210.jpg",250,210,true],"sow-carousel-default":["https:\/\/imagazine.it\/wp-content\/uploads\/2024\/06\/imbarcazione-TBL-272x182.jpg",272,182,true]},"rttpg_author":{"display_name":"redazione","author_link":"https:\/\/imagazine.it\/home_desk\/author\/redazione\/"},"rttpg_comment":0,"rttpg_category":"<a href=\"https:\/\/imagazine.it\/home_desk\/category\/attualita\/\" rel=\"category tag\">ATTUALIT\u00c0<\/a>","rttpg_excerpt":"Presto disponibili grazie a 3 milioni di euro di fondi ministeriali. Trasporteranno passeggeri e biciclette","_links":{"self":[{"href":"https:\/\/imagazine.it\/home_desk\/wp-json\/wp\/v2\/posts\/55795","targetHints":{"allow":["GET"]}}],"collection":[{"href":"https:\/\/imagazine.it\/home_desk\/wp-json\/wp\/v2\/posts"}],"about":[{"href":"https:\/\/imagazine.it\/home_desk\/wp-json\/wp\/v2\/types\/post"}],"author":[{"embeddable":true,"href":"https:\/\/imagazine.it\/home_desk\/wp-json\/wp\/v2\/users\/28"}],"replies":[{"embeddable":true,"href":"https:\/\/imagazine.it\/home_desk\/wp-json\/wp\/v2\/comments?post=55795"}],"version-history":[{"count":0,"href":"https:\/\/imagazine.it\/home_desk\/wp-json\/wp\/v2\/posts\/55795\/revisions"}],"wp:featuredmedia":[{"embeddable":true,"href":"https:\/\/imagazine.it\/home_desk\/wp-json\/wp\/v2\/media\/55796"}],"wp:attachment":[{"href":"https:\/\/imagazine.it\/home_desk\/wp-json\/wp\/v2\/media?parent=55795"}],"wp:term":[{"taxonomy":"category","embeddable":true,"href":"https:\/\/imagazine.it\/home_desk\/wp-json\/wp\/v2\/categories?post=55795"},{"taxonomy":"post_tag","embeddable":true,"href":"https:\/\/imagazine.it\/home_desk\/wp-json\/wp\/v2\/tags?post=55795"}],"curies":[{"name":"wp","href":"https:\/\/api.w.org\/{rel}","templated":true}]}}