{"id":55706,"date":"2024-06-02T18:19:54","date_gmt":"2024-06-02T16:19:54","guid":{"rendered":"https:\/\/imagazine.it\/home_desk\/?p=55706"},"modified":"2024-06-03T18:28:17","modified_gmt":"2024-06-03T16:28:17","slug":"ruda-assegnate-le-croci-di-malta","status":"publish","type":"post","link":"https:\/\/imagazine.it\/home_desk\/ruda-assegnate-le-croci-di-malta\/","title":{"rendered":"Ruda: assegnate le Croci di Malta"},"content":{"rendered":"<p>RUDA &#8211; In occasione della Festa della Repubblica, a Ruda si \u00e8 tenuta una mattinata ricca di eventi.<\/p>\n<p>Il programma ha avuto inizio con l&#8217;inaugurazione della <strong>nuova pista ciclabile<\/strong> che collega la frazione di Saciletto (nei pressi dell\u2019azienda Ca\u2019 di Volpe) al cimitero di Alture, percorrendo via dei Sospiri e via dei Mulini.<\/p>\n<p>La pista, lunga circa un chilometro, garantir\u00e0 maggior sicurezza ai cittadini che si recano al cimitero, in particolare ciclisti e pedoni.<\/p>\n<p>Successivamente ci si \u00e8 spostati presso l&#8217;<strong>ex Caserma Jesi di Perteole<\/strong>: la cerimonia \u00e8 iniziata con l&#8217;alzabandiera e un momento di raccoglimento per onorare la memoria dei caduti.<\/p>\n<p>A seguire il sindaco di Ruda, <strong>Franco Lenarduzzi<\/strong>, e il vicepresidente dell&#8217;A.F.D.S. Ruda, <strong>Alessandro Lusa<\/strong>, hanno rivolto un saluto ai cittadini presenti.<\/p>\n<p>\u00c8 quindi seguita la <strong>Consegna della Costituzione<\/strong> ai neo-diciottenni.<\/p>\n<p>La mattinata si \u00e8 conclusa con la consegna dei <strong>premi &#8220;Croce di Matta&#8221;<\/strong>, giunta alla sua 25<sup>a<\/sup> edizione.<\/p>\n<p>Un riconoscimento conferito a cittadini o realt\u00e0 locali che si sono distinti per il loro impegno e il loro contributo al bene della comunit\u00e0.<\/p>\n<div id=\"metaslider-id-55707\" style=\"max-width: 800px; margin: 0 auto;\" class=\"ml-slider-3-108-0 metaslider metaslider-flex metaslider-55707 ml-slider ms-theme-default nav-hidden\" role=\"region\" aria-label=\"Croci di Malta Ruda\" data-height=\"600\" data-width=\"800\">\n    <div id=\"metaslider_container_55707\">\n        <div id=\"metaslider_55707\">\n            <ul class='slides'>\n                <li style=\"display: block; width: 100%;\" class=\"slide-55716 ms-image \" aria-roledescription=\"slide\" data-date=\"2024-06-02 18:18:38\" data-filename=\"croce-di-malta-05.jpg\" data-slide-type=\"image\"><img loading=\"lazy\" decoding=\"async\" width=\"1000\" height=\"646\" src=\"https:\/\/imagazine.it\/wp-content\/uploads\/2024\/06\/croce-di-malta-05.jpg\" class=\"slider-55707 slide-55716 msDefaultImage\" alt=\"\" rel=\"\" title=\"croce di malta 05\" srcset=\"https:\/\/imagazine.it\/wp-content\/uploads\/2024\/06\/croce-di-malta-05.jpg 1000w, https:\/\/imagazine.it\/wp-content\/uploads\/2024\/06\/croce-di-malta-05-300x194.jpg 300w, https:\/\/imagazine.it\/wp-content\/uploads\/2024\/06\/croce-di-malta-05-768x496.jpg 768w\" sizes=\"auto, (max-width: 1000px) 100vw, 1000px\"><\/li>\n                <li style=\"display: none; width: 100%;\" class=\"slide-55717 ms-image \" aria-roledescription=\"slide\" data-date=\"2024-06-02 18:18:38\" data-filename=\"croce-di-malta-06.jpg\" data-slide-type=\"image\"><img loading=\"lazy\" decoding=\"async\" width=\"800\" height=\"713\" src=\"https:\/\/imagazine.it\/wp-content\/uploads\/2024\/06\/croce-di-malta-06.jpg\" class=\"slider-55707 slide-55717 msDefaultImage\" alt=\"\" rel=\"\" title=\"croce di malta 06\" srcset=\"https:\/\/imagazine.it\/wp-content\/uploads\/2024\/06\/croce-di-malta-06.jpg 800w, https:\/\/imagazine.it\/wp-content\/uploads\/2024\/06\/croce-di-malta-06-300x267.jpg 300w, https:\/\/imagazine.it\/wp-content\/uploads\/2024\/06\/croce-di-malta-06-768x684.jpg 768w\" sizes=\"auto, (max-width: 800px) 100vw, 800px\"><\/li>\n                <li style=\"display: none; width: 100%;\" class=\"slide-55718 ms-image \" aria-roledescription=\"slide\" data-date=\"2024-06-02 18:18:38\" data-filename=\"croce-di-malta-04.jpg\" data-slide-type=\"image\"><img loading=\"lazy\" decoding=\"async\" width=\"1000\" height=\"599\" src=\"https:\/\/imagazine.it\/wp-content\/uploads\/2024\/06\/croce-di-malta-04.jpg\" class=\"slider-55707 slide-55718 msDefaultImage\" alt=\"\" rel=\"\" title=\"croce di malta 04\" srcset=\"https:\/\/imagazine.it\/wp-content\/uploads\/2024\/06\/croce-di-malta-04.jpg 1000w, https:\/\/imagazine.it\/wp-content\/uploads\/2024\/06\/croce-di-malta-04-300x180.jpg 300w, https:\/\/imagazine.it\/wp-content\/uploads\/2024\/06\/croce-di-malta-04-768x460.jpg 768w\" sizes=\"auto, (max-width: 1000px) 100vw, 1000px\"><\/li>\n                <li style=\"display: none; width: 100%;\" class=\"slide-55719 ms-image \" aria-roledescription=\"slide\" data-date=\"2024-06-02 18:18:39\" data-filename=\"croce-di-malta-10.jpg\" data-slide-type=\"image\"><img loading=\"lazy\" decoding=\"async\" width=\"1000\" height=\"670\" src=\"https:\/\/imagazine.it\/wp-content\/uploads\/2024\/06\/croce-di-malta-10.jpg\" class=\"slider-55707 slide-55719 msDefaultImage\" alt=\"\" rel=\"\" title=\"croce di malta 10\" srcset=\"https:\/\/imagazine.it\/wp-content\/uploads\/2024\/06\/croce-di-malta-10.jpg 1000w, https:\/\/imagazine.it\/wp-content\/uploads\/2024\/06\/croce-di-malta-10-300x201.jpg 300w, https:\/\/imagazine.it\/wp-content\/uploads\/2024\/06\/croce-di-malta-10-768x515.jpg 768w, https:\/\/imagazine.it\/wp-content\/uploads\/2024\/06\/croce-di-malta-10-272x182.jpg 272w\" sizes=\"auto, (max-width: 1000px) 100vw, 1000px\"><\/li>\n                <li style=\"display: none; width: 100%;\" class=\"slide-55720 ms-image \" aria-roledescription=\"slide\" data-date=\"2024-06-02 18:18:39\" data-filename=\"croce-di-malta-09.jpg\" data-slide-type=\"image\"><img loading=\"lazy\" decoding=\"async\" width=\"800\" height=\"940\" src=\"https:\/\/imagazine.it\/wp-content\/uploads\/2024\/06\/croce-di-malta-09.jpg\" class=\"slider-55707 slide-55720 msDefaultImage\" alt=\"\" rel=\"\" title=\"croce di malta 09\" srcset=\"https:\/\/imagazine.it\/wp-content\/uploads\/2024\/06\/croce-di-malta-09.jpg 800w, https:\/\/imagazine.it\/wp-content\/uploads\/2024\/06\/croce-di-malta-09-255x300.jpg 255w, https:\/\/imagazine.it\/wp-content\/uploads\/2024\/06\/croce-di-malta-09-768x902.jpg 768w\" sizes=\"auto, (max-width: 800px) 100vw, 800px\"><\/li>\n                <li style=\"display: none; width: 100%;\" class=\"slide-55721 ms-image \" aria-roledescription=\"slide\" data-date=\"2024-06-02 18:18:39\" data-filename=\"croce-di-malta-07.jpg\" data-slide-type=\"image\"><img loading=\"lazy\" decoding=\"async\" width=\"800\" height=\"924\" src=\"https:\/\/imagazine.it\/wp-content\/uploads\/2024\/06\/croce-di-malta-07.jpg\" class=\"slider-55707 slide-55721 msDefaultImage\" alt=\"\" rel=\"\" title=\"croce di malta 07\" srcset=\"https:\/\/imagazine.it\/wp-content\/uploads\/2024\/06\/croce-di-malta-07.jpg 800w, https:\/\/imagazine.it\/wp-content\/uploads\/2024\/06\/croce-di-malta-07-260x300.jpg 260w, https:\/\/imagazine.it\/wp-content\/uploads\/2024\/06\/croce-di-malta-07-768x887.jpg 768w\" sizes=\"auto, (max-width: 800px) 100vw, 800px\"><\/li>\n            <\/ul>\n        <\/div>\n        \n    <\/div>\n<\/div>\n<h3>Premio Croce di Malta 2024 &#8211; Associazione Promusica APS<\/h3>\n<p>\u201c<em>Per l\u2019appassionata e oculata gestione della Scuola Comunale di Musica di Ruda in questi 13 anni; per aver avviato tanti bambini, giovani e adulti del territorio all&#8217;arte della musica, diventando una protagonista nel panorama culturale della Regione; per aver contribuito ai numerosi successi di molti dei suoi allievi in diversi concorsi italiani ed europei; per il valido sostegno dato all\u2019Amministrazione Comunale a servizio della Comunit\u00e0 nell\u2019organizzazione di eventi aggregativi, dai centri estivi alle iniziative natalizie<\/em>\u201d.<\/p>\n<h3>Premio Croce di Malta 2024 \u201cMauro Stafuzza\u201d &#8211; <strong>Paolo Ceppellotti<\/strong><\/h3>\n<p>\u201cPer l\u2019impegno dimostrato in varie realt\u00e0 associative ed eventi del territorio, disponibilit\u00e0 espressa sia in veste di responsabile che di collaboratore; per essersi fatto promotore dei valori di Pace, Cultura e Aggregazione attraverso l\u2019azione, anche come Presidente nell\u2019ARCI Territoriale; per la pluriennale partecipazione alle attivit\u00e0 della squadra comunale di Protezione Civile; per l\u2019opera di volontariato prestata nella commissione biblioteca; per il primigenio interessamento alla salvaguardia e valorizzazione dell\u2019Amideria Chiozza; per la capacit\u00e0 di mettere a disposizione della comunit\u00e0 la sensibilit\u00e0 e capacit\u00e0 artistica, ricordando in particolare il cippo in onore del partigiano \u201cRiccio\u201d e le opere dedicate ai Donatori di Sangue di Ruda, alla Scuola di Musica, alla locale squadra di Protezione Civile e al Gruppo Alpini di Ruda\u201d.<\/p>\n<h3>Premio Croce di Malta 2024 &#8211; Macelleria Da Primo<\/h3>\n<p>\u201c<em>Per la trentennale presenza nel tessuto economico della comunit\u00e0 e per essere un punto di riferimento gastronomico per buona parte della Regione; per la grande capacit\u00e0 professionale e l\u2019attaccamento al lavoro oltre che alla costante e appassionata ricerca e innovazione proposta alla clientela; per il profondo legame che unisce la famiglia nella gestione dell\u2019esercizio e per aver saputo raccogliere il testimone dai genitori per poi condividerlo con moglie e figli; per la disponibilit\u00e0 e la collaborazione nelle iniziative aggregative promosse da diverse realt\u00e0 associative locali<\/em>\u201d.<\/p>\n<h3>Menzioni d\u2019Onore &#8211; In memoria di Sara Zanolla<\/h3>\n<p>\u201c<em>In ricordo di una giovane vita spezzata troppo presto <\/em><em>Per l\u2019appassionato impegno e la forte dedizione quotidianamente dimostrati nell\u2019ambito lavorativo; per l\u2019attenzione rivolta ai colleghi, al personale scolastico, alle associazioni e agli utenti della biblioteca \u201cLuigi Chiozza\u201d; per la grande forza d\u2019animo con cui ha affrontato la malattia, periodo in cui non ha mai smesso di dimostrare le sue capacit\u00e0 umane e professionali<\/em>\u201d.<\/p>\n<h3>Mezione d&#8217;Onore &#8211; <strong>Dottor Dario Da Ros<\/strong>, medico di base che dal primo luglio sar\u00e0 in quiescenza<\/h3>\n<p>\u201c<em>Per la seriet\u00e0 e la professionalit\u00e0 dimostrata in tanti anni di servizio presso la nostra comunit\u00e0; per la disponibilit\u00e0 offerta durante il periodo caratterizzato dalla pandemia; per aver condiviso con la famiglia la sua passione; con l&#8217;augurio che il figlio possa avere un&#8217;altrettanta positiva esperienza lavorativa e umana nel Comune di Ruda<\/em>\u201d.<\/p>\n","protected":false},"excerpt":{"rendered":"<p>A cittadini e realt\u00e0 distintisi per il loro serivizio verso la comunit\u00e0. Inaugurata anche la ciclabile da Saciletto al cimitero di Alture<\/p>\n","protected":false},"author":22,"featured_media":55722,"comment_status":"closed","ping_status":"closed","sticky":false,"template":"","format":"image","meta":{"dwc-title":[""],"dwc-content":[""],"footnotes":""},"categories":[5],"tags":[1933,540,212],"class_list":["post-55706","post","type-post","status-publish","format-image","has-post-thumbnail","hentry","category-attualita","tag-croci-di-malta","tag-premi","tag-ruda","post_format-post-format-image"],"rttpg_featured_image_url":{"full":["https:\/\/imagazine.it\/wp-content\/uploads\/2024\/06\/croce-di-malta-02.jpg",1366,654,false],"landscape":["https:\/\/imagazine.it\/wp-content\/uploads\/2024\/06\/croce-di-malta-02.jpg",1366,654,false],"portraits":["https:\/\/imagazine.it\/wp-content\/uploads\/2024\/06\/croce-di-malta-02.jpg",1366,654,false],"thumbnail":["https:\/\/imagazine.it\/wp-content\/uploads\/2024\/06\/croce-di-malta-02-150x150.jpg",150,150,true],"medium":["https:\/\/imagazine.it\/wp-content\/uploads\/2024\/06\/croce-di-malta-02-300x144.jpg",300,144,true],"large":["https:\/\/imagazine.it\/wp-content\/uploads\/2024\/06\/croce-di-malta-02-1024x490.jpg",640,306,true],"thumblist":["https:\/\/imagazine.it\/wp-content\/uploads\/2024\/06\/croce-di-malta-02-300x300.jpg",300,300,true],"thumbrelated":["https:\/\/imagazine.it\/wp-content\/uploads\/2024\/06\/croce-di-malta-02-500x500.jpg",500,500,true],"meccarouselthumb":["https:\/\/imagazine.it\/wp-content\/uploads\/2024\/06\/croce-di-malta-02-474x324.jpg",474,324,true],"gridsquare":["https:\/\/imagazine.it\/wp-content\/uploads\/2024\/06\/croce-di-malta-02-391x260.jpg",391,260,true],"tileview":["https:\/\/imagazine.it\/wp-content\/uploads\/2024\/06\/croce-di-malta-02-300x400.jpg",300,400,true],"1536x1536":["https:\/\/imagazine.it\/wp-content\/uploads\/2024\/06\/croce-di-malta-02.jpg",1366,654,false],"2048x2048":["https:\/\/imagazine.it\/wp-content\/uploads\/2024\/06\/croce-di-malta-02.jpg",1366,654,false],"newsup-slider-full":["https:\/\/imagazine.it\/wp-content\/uploads\/2024\/06\/croce-di-malta-02-1280x654.jpg",1280,654,true],"newsup-featured":["https:\/\/imagazine.it\/wp-content\/uploads\/2024\/06\/croce-di-malta-02-1024x490.jpg",1024,490,true],"newsup-medium":["https:\/\/imagazine.it\/wp-content\/uploads\/2024\/06\/croce-di-malta-02-720x380.jpg",720,380,true],"tptn_thumbnail":["https:\/\/imagazine.it\/wp-content\/uploads\/2024\/06\/croce-di-malta-02-250x210.jpg",250,210,true],"sow-carousel-default":["https:\/\/imagazine.it\/wp-content\/uploads\/2024\/06\/croce-di-malta-02-272x182.jpg",272,182,true]},"rttpg_author":{"display_name":"Livio Nonis","author_link":"https:\/\/imagazine.it\/home_desk\/author\/nonis\/"},"rttpg_comment":0,"rttpg_category":"<a href=\"https:\/\/imagazine.it\/home_desk\/category\/attualita\/\" rel=\"category tag\">ATTUALIT\u00c0<\/a>","rttpg_excerpt":"A cittadini e realt\u00e0 distintisi per il loro serivizio verso la comunit\u00e0. Inaugurata anche la ciclabile da Saciletto al cimitero di Alture","_links":{"self":[{"href":"https:\/\/imagazine.it\/home_desk\/wp-json\/wp\/v2\/posts\/55706","targetHints":{"allow":["GET"]}}],"collection":[{"href":"https:\/\/imagazine.it\/home_desk\/wp-json\/wp\/v2\/posts"}],"about":[{"href":"https:\/\/imagazine.it\/home_desk\/wp-json\/wp\/v2\/types\/post"}],"author":[{"embeddable":true,"href":"https:\/\/imagazine.it\/home_desk\/wp-json\/wp\/v2\/users\/22"}],"replies":[{"embeddable":true,"href":"https:\/\/imagazine.it\/home_desk\/wp-json\/wp\/v2\/comments?post=55706"}],"version-history":[{"count":0,"href":"https:\/\/imagazine.it\/home_desk\/wp-json\/wp\/v2\/posts\/55706\/revisions"}],"wp:featuredmedia":[{"embeddable":true,"href":"https:\/\/imagazine.it\/home_desk\/wp-json\/wp\/v2\/media\/55722"}],"wp:attachment":[{"href":"https:\/\/imagazine.it\/home_desk\/wp-json\/wp\/v2\/media?parent=55706"}],"wp:term":[{"taxonomy":"category","embeddable":true,"href":"https:\/\/imagazine.it\/home_desk\/wp-json\/wp\/v2\/categories?post=55706"},{"taxonomy":"post_tag","embeddable":true,"href":"https:\/\/imagazine.it\/home_desk\/wp-json\/wp\/v2\/tags?post=55706"}],"curies":[{"name":"wp","href":"https:\/\/api.w.org\/{rel}","templated":true}]}}