{"id":55622,"date":"2024-05-30T12:57:08","date_gmt":"2024-05-30T10:57:08","guid":{"rendered":"https:\/\/imagazine.it\/home_desk\/?p=55622"},"modified":"2024-05-31T11:35:54","modified_gmt":"2024-05-31T09:35:54","slug":"una-parete-di-roccia-nella-scuola-di-aiello","status":"publish","type":"post","link":"https:\/\/imagazine.it\/home_desk\/una-parete-di-roccia-nella-scuola-di-aiello\/","title":{"rendered":"Una parete di roccia nella scuola di Aiello"},"content":{"rendered":"<p><span style=\"font-size: 10pt;\"><em>(ph. Livio Nonis)<\/em><\/span><\/p>\n<p>AIELLO DEL FRIULI \u2013 \u00c8 stata inaugurata all\u2019interno della palestra scolastica di Aiello del Friuli una <strong>nuova parete di roccia<\/strong>.<\/p>\n<p>Un progetto nato dalla volont\u00e0 di offrire agli studenti un&#8217;occasione unica per avvicinarsi all&#8217;arrampicata e che amplia l\u2019offerta come istituto scolastico a carattere sportivo.<\/p>\n<p>La cerimonia di inaugurazione si \u00e8 svolta alla presenza di numerose personalit\u00e0, il dirigente scolastico <strong>Oriana Gilotti<\/strong>, il sindaco <strong>Roberto Festa<\/strong>, l\u2019assessore allo sport <strong>Lucia Giaiot<\/strong> e il delegato regionale all\u2019arrampicata <strong>Andrea Padoan<\/strong> ma, soprattutto, tutti i ragazzi e ragazze della scuola secondaria di primo grado che avranno la possibilit\u00e0 di cimentarsi in questa disciplina sportiva.<\/p>\n<p><strong>Don Naveen Kumar<\/strong> ha benedetto l\u2019opera.<\/p>\n<figure id=\"attachment_55623\" aria-describedby=\"caption-attachment-55623\" style=\"width: 1366px\" class=\"wp-caption aligncenter\"><img loading=\"lazy\" decoding=\"async\" class=\"wp-image-55623 size-full\" src=\"https:\/\/imagazine.it\/wp-content\/uploads\/2024\/05\/parete-di-roccia-06.jpg\" alt=\"La benedizione della parete (ph. Livio Nonisi)\" width=\"1366\" height=\"942\" title=\"\" srcset=\"https:\/\/imagazine.it\/wp-content\/uploads\/2024\/05\/parete-di-roccia-06.jpg 1366w, https:\/\/imagazine.it\/wp-content\/uploads\/2024\/05\/parete-di-roccia-06-300x207.jpg 300w, https:\/\/imagazine.it\/wp-content\/uploads\/2024\/05\/parete-di-roccia-06-1024x706.jpg 1024w, https:\/\/imagazine.it\/wp-content\/uploads\/2024\/05\/parete-di-roccia-06-768x530.jpg 768w\" sizes=\"auto, (max-width: 1366px) 100vw, 1366px\" \/><figcaption id=\"caption-attachment-55623\" class=\"wp-caption-text\">La benedizione della parete (ph. Livio Nonis)<\/figcaption><\/figure>\n<p>Il taglio del nastro \u00e8 stato fatto in modo particolare da <strong>Matteo Mezzaroma<\/strong>, un giovane locale appassionato di arrampicata, che ha \u201cscalato\u201d trasversalmente la parete, seguito da alcuni studenti e studentesse che, sostenuti dai compagni di scuola, hanno voluto cimentati anche loro.<\/p>\n<p>L&#8217;idea di realizzare una parete di roccia all&#8217;interno della scuola \u00e8 nata dal desiderio di dare qualcosa di pi\u00f9 agli studenti, offrendo loro un&#8217;esperienza formativa e sportiva che vada oltre i tradizionali programmi scolastici.<\/p>\n<p>L&#8217;arrampicata, infatti, \u00e8 uno sport che non solo richiede forza fisica e abilit\u00e0 motorie, ma anche capacit\u00e0 di <em>problem solving<\/em>, concentrazione e lavoro di squadra.<\/p>\n<p>La nuova parete di roccia \u00e8 stata progettata e realizzata da esperti del settore, garantendo la massima sicurezza e funzionalit\u00e0.<\/p>\n<figure id=\"attachment_55624\" aria-describedby=\"caption-attachment-55624\" style=\"width: 1366px\" class=\"wp-caption aligncenter\"><img loading=\"lazy\" decoding=\"async\" class=\"wp-image-55624 size-full\" src=\"https:\/\/imagazine.it\/wp-content\/uploads\/2024\/05\/parete-di-roccia-01.jpg\" alt=\"L&#039;arrampicata inaugurale di Matteo Mezzaroma\" width=\"1366\" height=\"985\" title=\"\" srcset=\"https:\/\/imagazine.it\/wp-content\/uploads\/2024\/05\/parete-di-roccia-01.jpg 1366w, https:\/\/imagazine.it\/wp-content\/uploads\/2024\/05\/parete-di-roccia-01-300x216.jpg 300w, https:\/\/imagazine.it\/wp-content\/uploads\/2024\/05\/parete-di-roccia-01-1024x738.jpg 1024w, https:\/\/imagazine.it\/wp-content\/uploads\/2024\/05\/parete-di-roccia-01-768x554.jpg 768w\" sizes=\"auto, (max-width: 1366px) 100vw, 1366px\" \/><figcaption id=\"caption-attachment-55624\" class=\"wp-caption-text\">L&#8217;arrampicata inaugurale di Matteo Mezzaroma (ph. Livio Nonis)<\/figcaption><\/figure>\n<p>La struttura presenta <strong>diverse vie di arrampicata di difficolt\u00e0 variabile<\/strong>, in modo da poter soddisfare le esigenze di tutti gli studenti. Inoltre, la parete \u00e8 dotata di tutte le attrezzature necessarie per la pratica dell&#8217;<strong>arrampicata<\/strong> <strong>in sicurezza<\/strong>, come corde, moschettoni e imbraghi.<\/p>\n<p>Ecco qualche dato della nuova struttura: altezza massima 4,92 metri, sviluppo alla base 9,92 metri, mentre la superficie arrampicabile \u00e8 di circa 50 metri quadrati. Il numero di scalatori in contemporanea pu\u00f2 variare tra i 7 e gli 8; il costo dell\u2019opera \u00e8 di poco inferiore ai <strong>30.000 euro<\/strong>.<\/p>\n","protected":false},"excerpt":{"rendered":"<p>Inaugurata all&#8217;interno della palestra. Con una superficie di circa 50 metri quadrati, offre diverse vie di arrampicata di difficolt\u00e0 variabile<\/p>\n","protected":false},"author":22,"featured_media":55625,"comment_status":"closed","ping_status":"closed","sticky":false,"template":"","format":"image","meta":{"dwc-title":[""],"dwc-content":[""],"footnotes":""},"categories":[38],"tags":[126,1918,129,128],"class_list":["post-55622","post","type-post","status-publish","format-image","has-post-thumbnail","hentry","category-sport","tag-aiello","tag-arrampicata","tag-scuola","tag-studenti","post_format-post-format-image"],"rttpg_featured_image_url":{"full":["https:\/\/imagazine.it\/wp-content\/uploads\/2024\/05\/parete-di-roccia-04.jpg",1366,662,false],"landscape":["https:\/\/imagazine.it\/wp-content\/uploads\/2024\/05\/parete-di-roccia-04.jpg",1366,662,false],"portraits":["https:\/\/imagazine.it\/wp-content\/uploads\/2024\/05\/parete-di-roccia-04.jpg",1366,662,false],"thumbnail":["https:\/\/imagazine.it\/wp-content\/uploads\/2024\/05\/parete-di-roccia-04-150x150.jpg",150,150,true],"medium":["https:\/\/imagazine.it\/wp-content\/uploads\/2024\/05\/parete-di-roccia-04-300x145.jpg",300,145,true],"large":["https:\/\/imagazine.it\/wp-content\/uploads\/2024\/05\/parete-di-roccia-04-1024x496.jpg",640,310,true],"thumblist":["https:\/\/imagazine.it\/wp-content\/uploads\/2024\/05\/parete-di-roccia-04-300x300.jpg",300,300,true],"thumbrelated":["https:\/\/imagazine.it\/wp-content\/uploads\/2024\/05\/parete-di-roccia-04-500x500.jpg",500,500,true],"meccarouselthumb":["https:\/\/imagazine.it\/wp-content\/uploads\/2024\/05\/parete-di-roccia-04-474x324.jpg",474,324,true],"gridsquare":["https:\/\/imagazine.it\/wp-content\/uploads\/2024\/05\/parete-di-roccia-04-391x260.jpg",391,260,true],"tileview":["https:\/\/imagazine.it\/wp-content\/uploads\/2024\/05\/parete-di-roccia-04-300x400.jpg",300,400,true],"1536x1536":["https:\/\/imagazine.it\/wp-content\/uploads\/2024\/05\/parete-di-roccia-04.jpg",1366,662,false],"2048x2048":["https:\/\/imagazine.it\/wp-content\/uploads\/2024\/05\/parete-di-roccia-04.jpg",1366,662,false],"newsup-slider-full":["https:\/\/imagazine.it\/wp-content\/uploads\/2024\/05\/parete-di-roccia-04-1280x662.jpg",1280,662,true],"newsup-featured":["https:\/\/imagazine.it\/wp-content\/uploads\/2024\/05\/parete-di-roccia-04-1024x496.jpg",1024,496,true],"newsup-medium":["https:\/\/imagazine.it\/wp-content\/uploads\/2024\/05\/parete-di-roccia-04-720x380.jpg",720,380,true],"tptn_thumbnail":["https:\/\/imagazine.it\/wp-content\/uploads\/2024\/05\/parete-di-roccia-04-250x210.jpg",250,210,true],"sow-carousel-default":["https:\/\/imagazine.it\/wp-content\/uploads\/2024\/05\/parete-di-roccia-04-272x182.jpg",272,182,true]},"rttpg_author":{"display_name":"Livio Nonis","author_link":"https:\/\/imagazine.it\/home_desk\/author\/nonis\/"},"rttpg_comment":0,"rttpg_category":"<a href=\"https:\/\/imagazine.it\/home_desk\/category\/sport\/\" rel=\"category tag\">SPORT<\/a>","rttpg_excerpt":"Inaugurata all'interno della palestra. Con una superficie di circa 50 metri quadrati, offre diverse vie di arrampicata di difficolt\u00e0 variabile","_links":{"self":[{"href":"https:\/\/imagazine.it\/home_desk\/wp-json\/wp\/v2\/posts\/55622","targetHints":{"allow":["GET"]}}],"collection":[{"href":"https:\/\/imagazine.it\/home_desk\/wp-json\/wp\/v2\/posts"}],"about":[{"href":"https:\/\/imagazine.it\/home_desk\/wp-json\/wp\/v2\/types\/post"}],"author":[{"embeddable":true,"href":"https:\/\/imagazine.it\/home_desk\/wp-json\/wp\/v2\/users\/22"}],"replies":[{"embeddable":true,"href":"https:\/\/imagazine.it\/home_desk\/wp-json\/wp\/v2\/comments?post=55622"}],"version-history":[{"count":0,"href":"https:\/\/imagazine.it\/home_desk\/wp-json\/wp\/v2\/posts\/55622\/revisions"}],"wp:featuredmedia":[{"embeddable":true,"href":"https:\/\/imagazine.it\/home_desk\/wp-json\/wp\/v2\/media\/55625"}],"wp:attachment":[{"href":"https:\/\/imagazine.it\/home_desk\/wp-json\/wp\/v2\/media?parent=55622"}],"wp:term":[{"taxonomy":"category","embeddable":true,"href":"https:\/\/imagazine.it\/home_desk\/wp-json\/wp\/v2\/categories?post=55622"},{"taxonomy":"post_tag","embeddable":true,"href":"https:\/\/imagazine.it\/home_desk\/wp-json\/wp\/v2\/tags?post=55622"}],"curies":[{"name":"wp","href":"https:\/\/api.w.org\/{rel}","templated":true}]}}