{"id":55475,"date":"2024-05-27T15:57:12","date_gmt":"2024-05-27T13:57:12","guid":{"rendered":"https:\/\/imagazine.it\/home_desk\/?p=55475"},"modified":"2024-05-29T11:52:37","modified_gmt":"2024-05-29T09:52:37","slug":"alta-formazione-e-ricerca-nasce-la-fondazione-attilio-maseri","status":"publish","type":"post","link":"https:\/\/imagazine.it\/home_desk\/alta-formazione-e-ricerca-nasce-la-fondazione-attilio-maseri\/","title":{"rendered":"Alta formazione e ricerca: nasce la Fondazione Attilio Maseri"},"content":{"rendered":"<p><em><span style=\"font-size: 10pt;\">Villa Florio Maseri<\/span><\/em><\/p>\n<p>PAVIA DI UDINE \u2013 Un progetto che svilupper\u00e0 risorse a favore di attivit\u00e0 di studio, ricerca e formazione dei giovani dell\u2019Universit\u00e0 di Udine per sostenere la loro carriera scolastica, scientifica e lavorativa.<\/p>\n<p>\u00c8 l\u2019obiettivo della <strong>Fondazione Attilio Maseri<\/strong>, <strong>costituita dall\u2019Ateneo di Udine<\/strong> per attuare le ultime volont\u00e0 del cardiologo friulano di fama internazionale che assistette anche Papa Wojtyla e la regina Elisabetta II.<\/p>\n<p>\u00c8 la prima volta che l\u2019Ateneo friulano, nato 46 anni fa, d\u00e0 vita a una fondazione.<\/p>\n<p>Il professor Maseri, scomparso a 85 anni il 3 settembre 2021, aveva nominato eredi universali per met\u00e0 l\u2019Universit\u00e0 di Udine e per l\u2019altro 50% le cardiologie delle aziende sanitarie universitarie del Friuli centrale (Asufc) e Giuliano isontina (Asugi).<\/p>\n<p>La <strong>Fondazione<\/strong> ha un <strong>patrimonio del valore complessivo di 5 milioni 874mila euro<\/strong> costituito da beni mobili e immobili. Fra questi ultimi la <strong>Villa Florio Maseri<\/strong>, gi\u00e0 Villa dei Conti Florio, a Persereano di Pavia di Udine, ora sede della Fondazione.<\/p>\n<p><iframe loading=\"lazy\" title=\"L\u2019Universit\u00e0 di Udine ha costituito la Fondazione Attilio Maseri\" width=\"640\" height=\"360\" src=\"https:\/\/www.youtube.com\/embed\/rFThyCp4B9I?feature=oembed\" frameborder=\"0\" allow=\"accelerometer; autoplay; clipboard-write; encrypted-media; gyroscope; picture-in-picture; web-share\" referrerpolicy=\"strict-origin-when-cross-origin\" allowfullscreen><\/iframe><\/p>\n<p>La Fondazione \u00e8 retta da un Consiglio di amministrazione presieduto dalla professoressa <strong>Cristiana Compagno<\/strong>, gi\u00e0 rettrice dell\u2019Ateneo friulano, nominata da Maseri sua esecutrice testamentaria.<\/p>\n<p>L\u2019ente si \u00e8 dotato di un Consiglio scientifico, presieduto dall\u2019accademico dei Lincei, professor <strong>Michele Morgante<\/strong>, ordinario di Genetica agraria dell\u2019Universit\u00e0 di Udine. E anche di un Comitato dei sostenitori, guidato dal diplomatico <strong>Antonio Zanardi Landi<\/strong>, ambasciatore del Sovrano militare Ordine di Malta presso la Santa Sede, gi\u00e0 presidente della Fondazione Aquileia.<\/p>\n<p><strong>La Fondazione Maseri \u00e8 stata presentata oggi a Villa Florio Maseri<\/strong>, a Persereano, dal rettore dell\u2019Ateneo friulano <strong>Roberto Pinton<\/strong> e dalla presidente <strong>Cristiana Compagno<\/strong>. Assieme a loro, i presidenti del Consiglio scientifico <strong>Michele Morgante<\/strong> e del Comitato dei sostenitori <strong>Antonio Zanardi Landi<\/strong>.<\/p>\n<p>\u00c8 intervenuto anche il coordinatore della ricerca cardiologica prevista dal lascito del professor Maseri, professor <strong>Gianfranco Sinagra<\/strong>, ordinario di malattie dell\u2019apparto cardiovascolare dell\u2019Universit\u00e0 di Trieste e direttore del Dipartimento ad attivit\u00e0 integrata cardiotoracovascolare e della Strutura complessa di cardiologia dell\u2019Azienda sanitaria universitaria giuliano isontina (Asugi). Hanno inoltre portato i saluti il <strong>sindaco di Pavia di Udine<\/strong> e l\u2019<strong>assessore regionale al lavoro<\/strong>, formazione, istruzione, ricerca, universit\u00e0 e famiglia.<\/p>\n<h3><strong>Gli scopi <\/strong><\/h3>\n<p>L\u2019Universit\u00e0 di Udine, ente costitutore unico, ha ritenuto che lo strumento della fondazione fosse la soluzione ottimale per realizzare gli scopi testamentari del professor Maseri. In particolare, la Fondazione Maseri istituir\u00e0 borse di studio per studenti meritevoli intitolate al professor Maseri e sosterr\u00e0 la ricerca dei migliori giovani studiosi dell\u2019Ateneo<\/p>\n<h3><strong>Le caratteristiche <\/strong><\/h3>\n<p>La Fondazione \u00e8 una persona giuridica di diritto privato, non ha scopo di lucro e ha durata illimitata. Del suo patrimonio fanno parte, oltre a quello di Maseri, anche i lasciti testamentari di Caterina Bernardinis (Castiglione delle Stiviere, 1908 \u2013 Udine, 2010), Maria Antonietta De Portis (Bellaria-Igea Marina, 1918 \u2013 Udine, 2009) e di un benefattore che ha espresso il desiderio di restare anonimo. Il patrimonio conferito alla costituzione potr\u00e0 venir aumentato con oblazioni, donazioni, legati ed erogazioni. La Fondazione potr\u00e0 avvalersi di collaborazioni con istituti di istruzione, forme di volontariato e di tirocini formativi e di orientamento.<\/p>\n<h3><strong>Il Consiglio di amministrazione<\/strong><\/h3>\n<p>Il Cda \u00e8 costituito da cinque componenti nominati dal Consiglio di amministrazione dell\u2019Universit\u00e0 su proposta del rettore. I consiglieri rimangono in carica per tre anni e possono essere riconfermati. Il Consiglio elegge nel proprio seno il presidente e il suo vice che durano in carica tre anni e sono riconfermabili. Il Consiglio di amministrazione nomina un direttore.<\/p>\n<p>Fino al 31 dicembre 2025, il Cda \u00e8 composto, oltre che dalla presidente, <strong>Cristiana Compagno<\/strong>, ordinaria di Economia e gestione delle imprese, da altri quattro professori dell\u2019Universit\u00e0 di Udine: il vice presidente <strong>Paolo Ceccon<\/strong>, ordinario di agronomia, gi\u00e0 direttore del Dipartimento di Scienze agroalimentari, ambientali e animali; <strong>Linda Borean<\/strong>, ordinaria di Storia dell\u2019arte moderna e direttrice del Dipartimento di Studi umanistici e del patrimonio culturale; <strong>Andrea Cafarelli<\/strong>, ordinario di storia economica e prorettore dell\u2019Ateneo friulano; <strong>Stefano Miani<\/strong>, ordinario di economia degli intermediari finanziari, gi\u00e0 coordinatore dei corsi di laurea in Banca e finanza.<\/p>\n<figure id=\"attachment_55476\" aria-describedby=\"caption-attachment-55476\" style=\"width: 1000px\" class=\"wp-caption aligncenter\"><img loading=\"lazy\" decoding=\"async\" class=\"wp-image-55476 size-full\" src=\"https:\/\/imagazine.it\/wp-content\/uploads\/2024\/05\/11-Da-sinistra-In-bassoAntonio-Zanardi-LandiRoberto-PintonCristiana-CompagnoDaria-de-PretisMichele-Morgante.-In-altoStefano-MianiGianfranco-SinagraAndrea-CafarelliLinda-BoreanPaolo-Ceccon.jpg\" alt=\"Da sinistra, in basso Zanardi Landi, Pinton, Compagno, de Pretis, Morgante. In alto, Miani, Sinagra, Cafarelli, Borean, Ceccon\" width=\"1000\" height=\"667\" title=\"\" srcset=\"https:\/\/imagazine.it\/wp-content\/uploads\/2024\/05\/11-Da-sinistra-In-bassoAntonio-Zanardi-LandiRoberto-PintonCristiana-CompagnoDaria-de-PretisMichele-Morgante.-In-altoStefano-MianiGianfranco-SinagraAndrea-CafarelliLinda-BoreanPaolo-Ceccon.jpg 1000w, https:\/\/imagazine.it\/wp-content\/uploads\/2024\/05\/11-Da-sinistra-In-bassoAntonio-Zanardi-LandiRoberto-PintonCristiana-CompagnoDaria-de-PretisMichele-Morgante.-In-altoStefano-MianiGianfranco-SinagraAndrea-CafarelliLinda-BoreanPaolo-Ceccon-300x200.jpg 300w, https:\/\/imagazine.it\/wp-content\/uploads\/2024\/05\/11-Da-sinistra-In-bassoAntonio-Zanardi-LandiRoberto-PintonCristiana-CompagnoDaria-de-PretisMichele-Morgante.-In-altoStefano-MianiGianfranco-SinagraAndrea-CafarelliLinda-BoreanPaolo-Ceccon-768x512.jpg 768w, https:\/\/imagazine.it\/wp-content\/uploads\/2024\/05\/11-Da-sinistra-In-bassoAntonio-Zanardi-LandiRoberto-PintonCristiana-CompagnoDaria-de-PretisMichele-Morgante.-In-altoStefano-MianiGianfranco-SinagraAndrea-CafarelliLinda-BoreanPaolo-Ceccon-391x260.jpg 391w, https:\/\/imagazine.it\/wp-content\/uploads\/2024\/05\/11-Da-sinistra-In-bassoAntonio-Zanardi-LandiRoberto-PintonCristiana-CompagnoDaria-de-PretisMichele-Morgante.-In-altoStefano-MianiGianfranco-SinagraAndrea-CafarelliLinda-BoreanPaolo-Ceccon-272x182.jpg 272w\" sizes=\"auto, (max-width: 1000px) 100vw, 1000px\" \/><figcaption id=\"caption-attachment-55476\" class=\"wp-caption-text\">Da sinistra, in basso Zanardi Landi, Pinton, Compagno, de Pretis, Morgante. In alto, Miani, Sinagra, Cafarelli, Borean, Ceccon<\/figcaption><\/figure>\n<h3><strong>Il Consiglio scientifico <\/strong><\/h3>\n<p>Organo consultivo della Fondazione, il Consiglio scientifico si occupa degli indirizzi, dei programmi e delle iniziative riguardanti le attivit\u00e0 scientifiche, formative e culturali dell\u2019ente. \u00c8 composto da un minimo di cinque membri, tra cui un consigliere di amministrazione che ne fa parte di diritto. Il Cda nomina i componenti del Consiglio scientifico tra personalit\u00e0 di riconosciuto prestigio e specchiata autorevolezza nelle materie d\u2019interesse della Fondazione e, fra questi, seleziona e designa il presidente.<\/p>\n<p>Oltre a <strong>Michele Morgante<\/strong> che lo presiede, fanno parte del Consiglio: <strong>Linda Borean<\/strong>, delegata dal Consiglio di amministrazione della Fondazione; la professoressa <strong>Daria de Pretis<\/strong>, ordinaria di Diritto amministrativo all\u2019Universit\u00e0 di Trento, della quale \u00e8 stata anche rettrice, e gi\u00e0 vicepresidente della Corte costituzionale; l\u2019accademico dei Lincei, professor <strong>Rosario Rizzuto<\/strong>, ordinario di Patologia generale all\u2019Universit\u00e0 di Padova e gi\u00e0 rettore dello stesso Ateneo; il professor <strong>Gaetano Sabatini<\/strong>, ordinario di storia economica all\u2019Universit\u00e0 Roma Tre e presidente dell\u2019Istituto di Storia dell\u2019Europa mediterranea del Consiglio nazionale delle ricerche.<\/p>\n<h3><strong>Il Comitato dei sostenitori <\/strong><\/h3>\n<p>Lo Statuto ha previsto anche la figura dei sostenitori della Fondazione. Possono essere designati \u201csostenitori\u201d tutti i soggetti, pubblici e privati, persone giuridiche e fisiche, che abbiano contribuito o possano contribuire al raggiungimento degli scopi dell\u2019ente.<\/p>\n<p>Il Cda decide sul riconoscimento della qualifica di \u201csostenitore\u201d e sull\u2019accettazione dei contributi. I sostenitori sono membri di diritto del Comitato dei sostenitori che ha un ruolo consultivo del Consiglio di amministrazione, in particolare sulle attivit\u00e0 di ricerca, didattica e terza missione che la Fondazione si proporr\u00e0 di finanziare.<\/p>\n<h3><strong>Maseri e l\u2019Universit\u00e0 di Udine <\/strong><\/h3>\n<p>Da sempre vicino all\u2019Universit\u00e0 di Udine, anche in momenti cruciali della sua storia, il luminare friulano ha messo a disposizione dell\u2019Ateneo la sua straordinaria capacit\u00e0 ed esperienza in molte occasioni, ricoprendo anche ruoli di primo piano. Come nel 2004 quando entr\u00f2 a far parte del Comitato dei revisori scientifici del Centro interdipartimentale di medicina rigenerativa (Cime) dell\u2019allora Facolt\u00e0 di Medicina.<\/p>\n<p>Nel 2011 venne nominato presidente dell\u2019Organo di indirizzo dell\u2019Azienda ospedaliero universitaria \u2018Santa Maria della Misericordia\u2019 di Udine. Nel 2013 don\u00f2 all\u2019Ateneo friulano la storica Biblioteca Florio, riconosciuta di interesse regionale. Un patrimonio di circa 13 mila volumi, opuscoli, opere a stampa e manoscritti raccolti dalla met\u00e0 del Settecento con alcuni preziosi manoscritti tre-quattrocenteschi. Nel 2018 don\u00f2 all\u2019Universit\u00e0 Palazzo Antonini, gi\u00e0 sede udinese della Banca d&#8217;Italia, edificio di grande pregio ideato da Andrea Palladio a met\u00e0 del 1500. Sempre nel 2018 nel corso della cerimonia di inaugurazione dell\u2019anno accademico Maseri viene dichiarato \u201cbenemerito dell\u2019Universit\u00e0 di Udine\u201d. Nel 2019 l\u2019intitolazione ufficiale Palazzo Antonini-Maseri, diventato sede del rettorato.<\/p>\n<h3><strong>la ricerca cardiologica voluta da Maseri<\/strong><\/h3>\n<p>Come si svilupper\u00e0 la ricerca cardiologica prevista dal lascito del professor Maseri l\u2019ha spiegato <strong>Gianfranco Sinagra<\/strong>. \u00abIn accordo con la volont\u00e0 del professor Maseri \u2013 ha detto \u2013 sono state pianificate dalle strutture cardiologiche delle due delle aziende sanitarie universitarie del Friuli centrale e Giuliano isontina le attivit\u00e0 di ricerca in ambito di cardiologia molecolare, genetica dei disordini cardiovascolari, cardiomiopatie, meccanismi infiammatori molecolari delle malattie del pericardio e miocardio, ipertensione arteriosa sistemica e polmonare, scompenso cardiaco avanzato, i supporti meccanici e trapianto cardiaco.<\/p>\n<p>\u00abLe due unit\u00e0 \u2013 ha sottolineato <strong>Sinagra<\/strong> \u2013 stanno attivamente procedendo al reclutamento di giovani ricercatori meritevoli e dottorandi. Nei prossimi 6-8 anni il progetto dar\u00e0 l\u2019opportunit\u00e0 a una decina di ricercatori selezionati dalle due aziende e dai due atenei su base fortemente meritocratica. Due contratti di dottorati di ricerca sono gi\u00e0 in corso all\u2019Universit\u00e0 di Trieste e due sono in fase di attivazione. Contemporaneamente verranno favoriti soggiorni all&#8217;estero presso qualificate istituzioni funzionali ai vari progetti e una serie di attivit\u00e0 formative in ambito di workshop, congressi e seminari\u00bb.<\/p>\n","protected":false},"excerpt":{"rendered":"<p>Presentata a Villa Maseri a Persereano. Sosterr\u00e0 la carriera scolastica, scientifica e lavorativa degli studenti dell&#8217;Universit\u00e0 di Udine<\/p>\n","protected":false},"author":28,"featured_media":55477,"comment_status":"closed","ping_status":"closed","sticky":false,"template":"","format":"image","meta":{"dwc-title":[""],"dwc-content":[""],"footnotes":""},"categories":[5],"tags":[83,98,128,101,206,388],"class_list":["post-55475","post","type-post","status-publish","format-image","has-post-thumbnail","hentry","category-attualita","tag-giovani","tag-ricerca","tag-studenti","tag-udine","tag-uniud","tag-universita","post_format-post-format-image"],"rttpg_featured_image_url":{"full":["https:\/\/imagazine.it\/wp-content\/uploads\/2024\/05\/2-Villa-Florio-Maseri.jpg",1366,767,false],"landscape":["https:\/\/imagazine.it\/wp-content\/uploads\/2024\/05\/2-Villa-Florio-Maseri.jpg",1366,767,false],"portraits":["https:\/\/imagazine.it\/wp-content\/uploads\/2024\/05\/2-Villa-Florio-Maseri.jpg",1366,767,false],"thumbnail":["https:\/\/imagazine.it\/wp-content\/uploads\/2024\/05\/2-Villa-Florio-Maseri-150x150.jpg",150,150,true],"medium":["https:\/\/imagazine.it\/wp-content\/uploads\/2024\/05\/2-Villa-Florio-Maseri-300x168.jpg",300,168,true],"large":["https:\/\/imagazine.it\/wp-content\/uploads\/2024\/05\/2-Villa-Florio-Maseri-1024x575.jpg",640,359,true],"thumblist":["https:\/\/imagazine.it\/wp-content\/uploads\/2024\/05\/2-Villa-Florio-Maseri-300x300.jpg",300,300,true],"thumbrelated":["https:\/\/imagazine.it\/wp-content\/uploads\/2024\/05\/2-Villa-Florio-Maseri-500x500.jpg",500,500,true],"meccarouselthumb":["https:\/\/imagazine.it\/wp-content\/uploads\/2024\/05\/2-Villa-Florio-Maseri-474x324.jpg",474,324,true],"gridsquare":["https:\/\/imagazine.it\/wp-content\/uploads\/2024\/05\/2-Villa-Florio-Maseri-391x260.jpg",391,260,true],"tileview":["https:\/\/imagazine.it\/wp-content\/uploads\/2024\/05\/2-Villa-Florio-Maseri-300x400.jpg",300,400,true],"1536x1536":["https:\/\/imagazine.it\/wp-content\/uploads\/2024\/05\/2-Villa-Florio-Maseri.jpg",1366,767,false],"2048x2048":["https:\/\/imagazine.it\/wp-content\/uploads\/2024\/05\/2-Villa-Florio-Maseri.jpg",1366,767,false],"newsup-slider-full":["https:\/\/imagazine.it\/wp-content\/uploads\/2024\/05\/2-Villa-Florio-Maseri-1280x720.jpg",1280,720,true],"newsup-featured":["https:\/\/imagazine.it\/wp-content\/uploads\/2024\/05\/2-Villa-Florio-Maseri-1024x575.jpg",1024,575,true],"newsup-medium":["https:\/\/imagazine.it\/wp-content\/uploads\/2024\/05\/2-Villa-Florio-Maseri-720x380.jpg",720,380,true],"tptn_thumbnail":["https:\/\/imagazine.it\/wp-content\/uploads\/2024\/05\/2-Villa-Florio-Maseri-250x210.jpg",250,210,true],"sow-carousel-default":["https:\/\/imagazine.it\/wp-content\/uploads\/2024\/05\/2-Villa-Florio-Maseri-272x182.jpg",272,182,true]},"rttpg_author":{"display_name":"redazione","author_link":"https:\/\/imagazine.it\/home_desk\/author\/redazione\/"},"rttpg_comment":0,"rttpg_category":"<a href=\"https:\/\/imagazine.it\/home_desk\/category\/attualita\/\" rel=\"category tag\">ATTUALIT\u00c0<\/a>","rttpg_excerpt":"Presentata a Villa Maseri a Persereano. Sosterr\u00e0 la carriera scolastica, scientifica e lavorativa degli studenti dell'Universit\u00e0 di Udine","_links":{"self":[{"href":"https:\/\/imagazine.it\/home_desk\/wp-json\/wp\/v2\/posts\/55475","targetHints":{"allow":["GET"]}}],"collection":[{"href":"https:\/\/imagazine.it\/home_desk\/wp-json\/wp\/v2\/posts"}],"about":[{"href":"https:\/\/imagazine.it\/home_desk\/wp-json\/wp\/v2\/types\/post"}],"author":[{"embeddable":true,"href":"https:\/\/imagazine.it\/home_desk\/wp-json\/wp\/v2\/users\/28"}],"replies":[{"embeddable":true,"href":"https:\/\/imagazine.it\/home_desk\/wp-json\/wp\/v2\/comments?post=55475"}],"version-history":[{"count":0,"href":"https:\/\/imagazine.it\/home_desk\/wp-json\/wp\/v2\/posts\/55475\/revisions"}],"wp:featuredmedia":[{"embeddable":true,"href":"https:\/\/imagazine.it\/home_desk\/wp-json\/wp\/v2\/media\/55477"}],"wp:attachment":[{"href":"https:\/\/imagazine.it\/home_desk\/wp-json\/wp\/v2\/media?parent=55475"}],"wp:term":[{"taxonomy":"category","embeddable":true,"href":"https:\/\/imagazine.it\/home_desk\/wp-json\/wp\/v2\/categories?post=55475"},{"taxonomy":"post_tag","embeddable":true,"href":"https:\/\/imagazine.it\/home_desk\/wp-json\/wp\/v2\/tags?post=55475"}],"curies":[{"name":"wp","href":"https:\/\/api.w.org\/{rel}","templated":true}]}}