{"id":55452,"date":"2024-05-27T11:37:53","date_gmt":"2024-05-27T09:37:53","guid":{"rendered":"https:\/\/imagazine.it\/home_desk\/?p=55452"},"modified":"2024-05-28T12:13:22","modified_gmt":"2024-05-28T10:13:22","slug":"frecce-di-futuro","status":"publish","type":"post","link":"https:\/\/imagazine.it\/home_desk\/frecce-di-futuro\/","title":{"rendered":"Frecce di futuro"},"content":{"rendered":"<p><span style=\"font-size: 10pt;\"><em>La Compagnia Arcieri Isonzo sul gradino pi\u00f9 alto del podio<\/em><\/span><\/p>\n<p>La <strong>Compagnia Arcieri Isonzo <\/strong>\u00e8 una societ\u00e0 vibrante e ricca di storia. Fondata nel 1979, \u00e8 una realt\u00e0 fortemente presente per questo sport dalla Bassa friulana fino all\u2019Isontino.<\/p>\n<p>Grazie a impianti adeguati all\u2019accoglimento anche di persone disabili, svolge l\u2019attivit\u00e0 durante tutto l\u2019arco dell\u2019anno: nel periodo estivo a <strong>Gorizia<\/strong>, nel campo della sede in via delle Grappate 63, e a <strong>Terzo di Aquileia<\/strong>, presso il campo di tiro di via Mezana; nel periodo invernale, invece, l\u2019attivit\u00e0 viene svolta presso la struttura coperta del campo sociale e presso la palestra comunale di Terzo di Aquileia.<\/p>\n<figure id=\"attachment_55455\" aria-describedby=\"caption-attachment-55455\" style=\"width: 1000px\" class=\"wp-caption aligncenter\"><img loading=\"lazy\" decoding=\"async\" class=\"wp-image-55455 size-full\" src=\"https:\/\/imagazine.it\/wp-content\/uploads\/2024\/05\/arcieri05.jpg\" alt=\"Una fase di allenamento\" width=\"1000\" height=\"551\" title=\"\" srcset=\"https:\/\/imagazine.it\/wp-content\/uploads\/2024\/05\/arcieri05.jpg 1000w, https:\/\/imagazine.it\/wp-content\/uploads\/2024\/05\/arcieri05-300x165.jpg 300w, https:\/\/imagazine.it\/wp-content\/uploads\/2024\/05\/arcieri05-768x423.jpg 768w\" sizes=\"auto, (max-width: 1000px) 100vw, 1000px\" \/><figcaption id=\"caption-attachment-55455\" class=\"wp-caption-text\">Una fase di allenamento<\/figcaption><\/figure>\n<p>Il campo di Gorizia \u00e8 stato arricchito con una struttura in muratura che funge da sede e il campo indoor per le distanze 18\/25 metri, attrezzato per il tiro e la messa a punto del materiale, oltre alle attrezzature di sicurezza per l\u2019attivit\u00e0; il campo esterno \u00e8 attrezzato con battifreccia in legno, paglioni e linea di tiro regolamentari e omologato per allenamenti e gare federali fino a 70 metri.<\/p>\n<p>Il campo di Terzo di Aquileia, grazie alla sinergia tra soci e Comune degli ultimi anni, \u00e8 stato ampliato fino a 6.000 mq, dando cos\u00ec la possibilit\u00e0 di arricchire la linea di tiro di una notevole disponibilit\u00e0 di piazzole e un battifreccia. Migliorie che hanno consentito di ottenere l\u2019omologazione per allenamenti e gare federali fino a 70 metri. Inoltre il campo di Terzo di Aquileia \u00e8 di notevole interesse regionale in quanto al centro del territorio arcieristico del Friuli Venezia Giulia.<\/p>\n<p>\u00abProprio per questo infatti \u2013 spiega la presidente del sodalizio, <strong>Francesca Quartetti <\/strong>\u2013 \u00e8 stato scelto quest\u2019anno dal Comitato Fitarco FVG per i primi raduni della squadra regionale per ospitare nel mese di aprile i tecnici della Nazionale italiana in un progetto di crescita di nuovi talenti\u00bb.<\/p>\n<p>Tra i convocati anche tre atleti locali: <strong>Giulia Bisiani<\/strong>, <strong>Loreley Centore <\/strong>e <strong>Riccardo Roman<\/strong>.<\/p>\n<figure id=\"attachment_55453\" aria-describedby=\"caption-attachment-55453\" style=\"width: 1000px\" class=\"wp-caption aligncenter\"><img loading=\"lazy\" decoding=\"async\" class=\"wp-image-55453 size-full\" src=\"https:\/\/imagazine.it\/wp-content\/uploads\/2024\/05\/Giulia-Bisiani-e-Loreley-Centore.jpg\" alt=\"Giulia Bisiani e Loreley Centore\" width=\"1000\" height=\"1000\" title=\"\" srcset=\"https:\/\/imagazine.it\/wp-content\/uploads\/2024\/05\/Giulia-Bisiani-e-Loreley-Centore.jpg 1000w, https:\/\/imagazine.it\/wp-content\/uploads\/2024\/05\/Giulia-Bisiani-e-Loreley-Centore-300x300.jpg 300w, https:\/\/imagazine.it\/wp-content\/uploads\/2024\/05\/Giulia-Bisiani-e-Loreley-Centore-150x150.jpg 150w, https:\/\/imagazine.it\/wp-content\/uploads\/2024\/05\/Giulia-Bisiani-e-Loreley-Centore-768x768.jpg 768w, https:\/\/imagazine.it\/wp-content\/uploads\/2024\/05\/Giulia-Bisiani-e-Loreley-Centore-500x500.jpg 500w\" sizes=\"auto, (max-width: 1000px) 100vw, 1000px\" \/><figcaption id=\"caption-attachment-55453\" class=\"wp-caption-text\">Giulia Bisiani e Loreley Centore<\/figcaption><\/figure>\n<p>Questa disciplina consente di essere praticata a tutte le et\u00e0 e da ambo i sessi. Gli atleti della Compagnia Arcieri Isonzo hanno et\u00e0 che variano dagli 8 anni agli over 50. Vengono tenuti corsi di tiro durante tutto l\u2019anno, con una prima lezione gratuita, con istruttori federali in entrambi i campi.<\/p>\n<p>Attualmente la societ\u00e0 consta di un centinaio di iscritti, tre istruttori e un allenatore nazionale: <strong>Matteo Bisiani<\/strong>.<\/p>\n<p>Proprio Bisiani, tecnico delle squadre nazionali dal 2008, in passato ha ricoperto il ruolo di allenatore della squadra seniores femminile classificatasi quinta alle Olimpiadi di Pechino nel 2008, bronzo e argento a Tokyo 2020 rispettivamente con Lucilla Boari e con Mauro Nespoli.<\/p>\n<p>Nella sua carriera di atleta ha preso parte a due edizioni dei giochi Olimpici (Atlanta 1996 e Sydney 2000), conquistando rispettivamente la medaglia di bronzo e quella d\u2019argento. Vanta anche diversi titoli mondiali nonch\u00e9 record italiani, europei e mondiali. \u00c8 inoltre docente per la Federazione Italiana di Tiro con l\u2019Arco.<\/p>\n<p>La sua figura come Responsabile dei tecnici nel rinnovato direttivo della societ\u00e0 d\u00e0 nuova spinta e professionalit\u00e0, punto di forza per offrire il meglio a tutti gli arcieri e a chi si avvicina a questa disciplina.<\/p>\n<p>Lo scopo della Societ\u00e0 Arcieri Isonzo \u00e8 infatti quello di divulgare la disciplina del tiro con l\u2019arco a tutti\u00a0i livelli per le tipologie di Arco Olimpico, Compound, Nudo e Istintivo.<\/p>\n<p>Il lavoro tecnico didattico svolto negli anni precedenti ha portato i suoi frutti: diversi giovani hanno raggiunto un grado di preparazione che li ha portati ai <strong>vertici regionali, nazionali e internazionali<\/strong>. Da qui\u00a0parte per esempio <strong>Sara Ret<\/strong>, campionessa italiana, europea e mondiale prima con l\u2019arco olimpico e poi con l\u2019arco compound.<\/p>\n<p>I giovani atleti, sia in passato che negli ultimi anni, hanno rappresentato il punto cardine di tutta l\u2019attivit\u00e0. Nel 2019 <strong>Emma Tomasini <\/strong>ha vinto il Trofeo giovanile nazionale di Venaria Reale. Nel 2023, nell\u2019edizione\u00a0di Atri, la medaglia d\u2019oro \u00e8 andata a <strong>Kimberly Centore<\/strong>.<\/p>\n<p>La societ\u00e0 collabora durante tutto l\u2019anno con le scuole di Terzo di Aquileia e di Aquileia, mentre nel periodo estivo con varie associazioni giovanili. Durante l\u2019anno vengono inoltre organizzate tre gare inserite nel Calendario interregionale federale: una indoor a Terzo di Aquileia nel mese di gennaio, con la partecipazione di circa 120 arcieri; una gara all\u2019aperto presso il campo di tiro di Gorizia nel mese di maggio alla quale partecipano circa 100 arcieri; un evento indoor nel mese di novembre al quale partecipano circa 140 arcieri. L\u2019impegno futuro \u00e8 quello di ampliare le gare all\u2019aperto anche sul campo di Terzo di Aquileia.<\/p>\n<p>Il consiglio direttivo del sodalizio ha recentemente rinnovato il suo organico con <strong>Francesca Quartetti\u00a0<\/strong>(presidente), <strong>Manuel Quattrocchi <\/strong>(vicepresidente), <strong>Matteo Bisiani <\/strong>(segretario e responsabile tecnico),\u00a0<strong>Alessandra Ingenito <\/strong>(tesoriere), <strong>Bruno Bolzicco<\/strong>, <strong>Tiziano Caggiula<\/strong>, <strong>Massimo Centore <\/strong>e <strong>Luca Roman <\/strong>(consiglieri).<\/p>\n<figure id=\"attachment_55454\" aria-describedby=\"caption-attachment-55454\" style=\"width: 1000px\" class=\"wp-caption aligncenter\"><img loading=\"lazy\" decoding=\"async\" class=\"wp-image-55454 size-full\" src=\"https:\/\/imagazine.it\/wp-content\/uploads\/2024\/05\/a_arcieri03.jpg\" alt=\"Alcuni componenti della Compagnia Arcieri Isonzo\" width=\"1000\" height=\"747\" title=\"\" srcset=\"https:\/\/imagazine.it\/wp-content\/uploads\/2024\/05\/a_arcieri03.jpg 1000w, https:\/\/imagazine.it\/wp-content\/uploads\/2024\/05\/a_arcieri03-300x224.jpg 300w, https:\/\/imagazine.it\/wp-content\/uploads\/2024\/05\/a_arcieri03-768x574.jpg 768w\" sizes=\"auto, (max-width: 1000px) 100vw, 1000px\" \/><figcaption id=\"caption-attachment-55454\" class=\"wp-caption-text\">Alcuni componenti della Compagnia Arcieri Isonzo<\/figcaption><\/figure>\n<p>Un gruppo di lavoro che si pone come obiettivo il rinnovamento della visibilit\u00e0 e della disciplina sul territorio, portando avanti una Compagnia in continua crescita e sviluppo, soprattutto tra i pi\u00f9 giovani.<\/p>\n<p>Uno dei progetti pi\u00f9 proficui del periodo in tal senso \u00e8 stato \u201c<em>A scuola con l\u2019Arco<\/em>\u201d, coordinato dalla Federazione Fitarco Italia e in societ\u00e0 dal tecnico Francesca Quartetti.<\/p>\n<p>Questo progetto ha dato la possibilit\u00e0 di avvicinare molti giovani alla disciplina, insieme a fratelli e genitori che hanno potuto provare per otto mesi questo sport con incontri on line e sul campo, anche tenuti da psicologi e nutrizionisti.<\/p>\n<p>I tecnici in societ\u00e0 hanno invece potuto aggiornarsi grazie a corsi dedicati tenuti da psicologi, nutrizionisti,\u00a0oltre a esperti sulla gestione di una societ\u00e0 e sulla preparazione atletica giovanile.<\/p>\n<p>Info: <span style=\"text-decoration: underline;\"><strong><a href=\"http:\/\/www.arcieriisonzo.it\" target=\"_blank\" rel=\"noopener\">www.arcieriisonzo.it <\/a><\/strong><\/span><\/p>\n","protected":false},"excerpt":{"rendered":"<p>Tra Gorizia e Terzo di Aquileia la Compagnia Arcieri Isonzo prosegue nella sua attivit\u00e0 sportiva ed educativa rivolta in particolare alle giovani generazioni. Con nuove ambizioni e la collaborazione della Federazione nazionale<\/p>\n","protected":false},"author":22,"featured_media":55456,"comment_status":"closed","ping_status":"closed","sticky":false,"template":"","format":"image","meta":{"dwc-title":[""],"dwc-content":[""],"footnotes":""},"categories":[38],"tags":[1892,1891,43,1175],"class_list":["post-55452","post","type-post","status-publish","format-image","has-post-thumbnail","hentry","category-sport","tag-arcieri","tag-frecce","tag-gorizia","tag-terzo","post_format-post-format-image"],"rttpg_featured_image_url":{"full":["https:\/\/imagazine.it\/wp-content\/uploads\/2024\/05\/asd-arcieri-isonzo.jpg",1366,571,false],"landscape":["https:\/\/imagazine.it\/wp-content\/uploads\/2024\/05\/asd-arcieri-isonzo.jpg",1366,571,false],"portraits":["https:\/\/imagazine.it\/wp-content\/uploads\/2024\/05\/asd-arcieri-isonzo.jpg",1366,571,false],"thumbnail":["https:\/\/imagazine.it\/wp-content\/uploads\/2024\/05\/asd-arcieri-isonzo-150x150.jpg",150,150,true],"medium":["https:\/\/imagazine.it\/wp-content\/uploads\/2024\/05\/asd-arcieri-isonzo-300x125.jpg",300,125,true],"large":["https:\/\/imagazine.it\/wp-content\/uploads\/2024\/05\/asd-arcieri-isonzo-1024x428.jpg",640,268,true],"thumblist":["https:\/\/imagazine.it\/wp-content\/uploads\/2024\/05\/asd-arcieri-isonzo-300x300.jpg",300,300,true],"thumbrelated":["https:\/\/imagazine.it\/wp-content\/uploads\/2024\/05\/asd-arcieri-isonzo-500x500.jpg",500,500,true],"meccarouselthumb":["https:\/\/imagazine.it\/wp-content\/uploads\/2024\/05\/asd-arcieri-isonzo-474x324.jpg",474,324,true],"gridsquare":["https:\/\/imagazine.it\/wp-content\/uploads\/2024\/05\/asd-arcieri-isonzo-391x260.jpg",391,260,true],"tileview":["https:\/\/imagazine.it\/wp-content\/uploads\/2024\/05\/asd-arcieri-isonzo-300x400.jpg",300,400,true],"1536x1536":["https:\/\/imagazine.it\/wp-content\/uploads\/2024\/05\/asd-arcieri-isonzo.jpg",1366,571,false],"2048x2048":["https:\/\/imagazine.it\/wp-content\/uploads\/2024\/05\/asd-arcieri-isonzo.jpg",1366,571,false],"newsup-slider-full":["https:\/\/imagazine.it\/wp-content\/uploads\/2024\/05\/asd-arcieri-isonzo-1280x571.jpg",1280,571,true],"newsup-featured":["https:\/\/imagazine.it\/wp-content\/uploads\/2024\/05\/asd-arcieri-isonzo-1024x428.jpg",1024,428,true],"newsup-medium":["https:\/\/imagazine.it\/wp-content\/uploads\/2024\/05\/asd-arcieri-isonzo-720x380.jpg",720,380,true],"tptn_thumbnail":["https:\/\/imagazine.it\/wp-content\/uploads\/2024\/05\/asd-arcieri-isonzo-250x210.jpg",250,210,true],"sow-carousel-default":["https:\/\/imagazine.it\/wp-content\/uploads\/2024\/05\/asd-arcieri-isonzo-272x182.jpg",272,182,true]},"rttpg_author":{"display_name":"Livio Nonis","author_link":"https:\/\/imagazine.it\/home_desk\/author\/nonis\/"},"rttpg_comment":0,"rttpg_category":"<a href=\"https:\/\/imagazine.it\/home_desk\/category\/sport\/\" rel=\"category tag\">SPORT<\/a>","rttpg_excerpt":"Tra Gorizia e Terzo di Aquileia la Compagnia Arcieri Isonzo prosegue nella sua attivit\u00e0 sportiva ed educativa rivolta in particolare alle giovani generazioni. Con nuove ambizioni e la collaborazione della Federazione nazionale","_links":{"self":[{"href":"https:\/\/imagazine.it\/home_desk\/wp-json\/wp\/v2\/posts\/55452","targetHints":{"allow":["GET"]}}],"collection":[{"href":"https:\/\/imagazine.it\/home_desk\/wp-json\/wp\/v2\/posts"}],"about":[{"href":"https:\/\/imagazine.it\/home_desk\/wp-json\/wp\/v2\/types\/post"}],"author":[{"embeddable":true,"href":"https:\/\/imagazine.it\/home_desk\/wp-json\/wp\/v2\/users\/22"}],"replies":[{"embeddable":true,"href":"https:\/\/imagazine.it\/home_desk\/wp-json\/wp\/v2\/comments?post=55452"}],"version-history":[{"count":0,"href":"https:\/\/imagazine.it\/home_desk\/wp-json\/wp\/v2\/posts\/55452\/revisions"}],"wp:featuredmedia":[{"embeddable":true,"href":"https:\/\/imagazine.it\/home_desk\/wp-json\/wp\/v2\/media\/55456"}],"wp:attachment":[{"href":"https:\/\/imagazine.it\/home_desk\/wp-json\/wp\/v2\/media?parent=55452"}],"wp:term":[{"taxonomy":"category","embeddable":true,"href":"https:\/\/imagazine.it\/home_desk\/wp-json\/wp\/v2\/categories?post=55452"},{"taxonomy":"post_tag","embeddable":true,"href":"https:\/\/imagazine.it\/home_desk\/wp-json\/wp\/v2\/tags?post=55452"}],"curies":[{"name":"wp","href":"https:\/\/api.w.org\/{rel}","templated":true}]}}