{"id":55236,"date":"2024-05-22T15:35:04","date_gmt":"2024-05-22T13:35:04","guid":{"rendered":"https:\/\/imagazine.it\/home_desk\/?p=55236"},"modified":"2024-05-22T15:36:02","modified_gmt":"2024-05-22T13:36:02","slug":"matilde-cartolari-vince-il-premio-spadolini","status":"publish","type":"post","link":"https:\/\/imagazine.it\/home_desk\/matilde-cartolari-vince-il-premio-spadolini\/","title":{"rendered":"Matilde Cartolari vince il Premio Spadolini"},"content":{"rendered":"<p><span style=\"font-size: 10pt;\"><em>Matilde Cartolari (ph. Christian Kielmann)<\/em><\/span><\/p>\n<p>UDINE \u2013 <strong>Matilde Cartolari<\/strong>, neo dottoressa di ricerca dell\u2019<strong>Universit\u00e0 di Udine<\/strong>, ha ricevuto la <strong>Medaglia del Presidente del Senato<\/strong> nell\u2019ambito della 27\u00aa edizione del<strong> Premio Spadolini Nuova Antologia<\/strong>.<\/p>\n<p>Il riconoscimento le \u00e8 stato conferito per la sua tesi di dottorato dedicata alla diplomazia culturale fascista tra il 1930 e il 1940.<\/p>\n<p>Cartolari ha svolto il percorso dottorale in cotutela tra la Technische Universit\u00e4t di Berlino e il dottorato in Storia dell\u2019arte, cinema, media audiovisivi e musica del Dipartimento di Studi umanistici e del patrimonio culturale dell\u2019Ateneo friulano. La tesi, intitolata \u201c<em>Ambassadors of Beauty. Italian Old Masters and Fascist Cultural Diplomacy (1930-1940)<\/em>\u201d, in corso di pubblicazione, ha avuto come relatrici <strong>Donata Levi<\/strong> per l\u2019Universit\u00e0 di Udine e <strong>B\u00e9n\u00e9dicte Savoy<\/strong> per l\u2019Ateneo berlinese.<\/p>\n<p>Attualmente Matilde Cartolari, veronese, \u00e8 assistente post-doc presso la cattedra di Cultural Heritage Studies all\u2019Universit\u00e0 di Vienna. Al suo attivo vanta diverse pubblicazioni tre le quali \u201c<em>Il restauro per immagini. Fotografia e restauro dall\u2019Ottocento ad oggi<\/em>\u201d (Forum, 2022) che ha curato con <strong>Martina Visentin<\/strong>.<\/p>\n<p>La cerimonia del premio si \u00e8 svolta all\u2019Universit\u00e0 di Firenze alla presenza della rettrice, <strong>Alessandra Petrucci<\/strong>, e del presidente della Fondazione, <strong>Cosimo Ceccuti<\/strong>.<\/p>\n","protected":false},"excerpt":{"rendered":"<p>Per la sua tesi di dottorato dedicata alla diplomazia culturale fascista tra il 1930 e il 1940. Alla neo dottoressa di ricerca dell\u2019Universit\u00e0 di Udine la Medaglia del Presidente del Senato<\/p>\n","protected":false},"author":28,"featured_media":55237,"comment_status":"closed","ping_status":"closed","sticky":false,"template":"","format":"image","meta":{"dwc-title":[""],"dwc-content":[""],"footnotes":""},"categories":[37],"tags":[540,101,206,388],"class_list":["post-55236","post","type-post","status-publish","format-image","has-post-thumbnail","hentry","category-cultura-e-spettacolo","tag-premi","tag-udine","tag-uniud","tag-universita","post_format-post-format-image"],"rttpg_featured_image_url":{"full":["https:\/\/imagazine.it\/wp-content\/uploads\/2024\/05\/Matilde-Cartolari-foto-Christian-Kielmann.jpg",1366,807,false],"landscape":["https:\/\/imagazine.it\/wp-content\/uploads\/2024\/05\/Matilde-Cartolari-foto-Christian-Kielmann.jpg",1366,807,false],"portraits":["https:\/\/imagazine.it\/wp-content\/uploads\/2024\/05\/Matilde-Cartolari-foto-Christian-Kielmann.jpg",1366,807,false],"thumbnail":["https:\/\/imagazine.it\/wp-content\/uploads\/2024\/05\/Matilde-Cartolari-foto-Christian-Kielmann-150x150.jpg",150,150,true],"medium":["https:\/\/imagazine.it\/wp-content\/uploads\/2024\/05\/Matilde-Cartolari-foto-Christian-Kielmann-300x177.jpg",300,177,true],"large":["https:\/\/imagazine.it\/wp-content\/uploads\/2024\/05\/Matilde-Cartolari-foto-Christian-Kielmann-1024x605.jpg",640,378,true],"thumblist":["https:\/\/imagazine.it\/wp-content\/uploads\/2024\/05\/Matilde-Cartolari-foto-Christian-Kielmann-300x300.jpg",300,300,true],"thumbrelated":["https:\/\/imagazine.it\/wp-content\/uploads\/2024\/05\/Matilde-Cartolari-foto-Christian-Kielmann-500x500.jpg",500,500,true],"meccarouselthumb":["https:\/\/imagazine.it\/wp-content\/uploads\/2024\/05\/Matilde-Cartolari-foto-Christian-Kielmann-474x324.jpg",474,324,true],"gridsquare":["https:\/\/imagazine.it\/wp-content\/uploads\/2024\/05\/Matilde-Cartolari-foto-Christian-Kielmann-391x260.jpg",391,260,true],"tileview":["https:\/\/imagazine.it\/wp-content\/uploads\/2024\/05\/Matilde-Cartolari-foto-Christian-Kielmann-300x400.jpg",300,400,true],"1536x1536":["https:\/\/imagazine.it\/wp-content\/uploads\/2024\/05\/Matilde-Cartolari-foto-Christian-Kielmann.jpg",1366,807,false],"2048x2048":["https:\/\/imagazine.it\/wp-content\/uploads\/2024\/05\/Matilde-Cartolari-foto-Christian-Kielmann.jpg",1366,807,false],"newsup-slider-full":["https:\/\/imagazine.it\/wp-content\/uploads\/2024\/05\/Matilde-Cartolari-foto-Christian-Kielmann-1280x720.jpg",1280,720,true],"newsup-featured":["https:\/\/imagazine.it\/wp-content\/uploads\/2024\/05\/Matilde-Cartolari-foto-Christian-Kielmann-1024x605.jpg",1024,605,true],"newsup-medium":["https:\/\/imagazine.it\/wp-content\/uploads\/2024\/05\/Matilde-Cartolari-foto-Christian-Kielmann-720x380.jpg",720,380,true],"tptn_thumbnail":["https:\/\/imagazine.it\/wp-content\/uploads\/2024\/05\/Matilde-Cartolari-foto-Christian-Kielmann-250x210.jpg",250,210,true],"sow-carousel-default":["https:\/\/imagazine.it\/wp-content\/uploads\/2024\/05\/Matilde-Cartolari-foto-Christian-Kielmann.jpg",272,161,false]},"rttpg_author":{"display_name":"redazione","author_link":"https:\/\/imagazine.it\/home_desk\/author\/redazione\/"},"rttpg_comment":0,"rttpg_category":"<a href=\"https:\/\/imagazine.it\/home_desk\/category\/cultura-e-spettacolo\/\" rel=\"category tag\">CULTURA&amp;SPETTACOLO<\/a>","rttpg_excerpt":"Per la sua tesi di dottorato dedicata alla diplomazia culturale fascista tra il 1930 e il 1940. Alla neo dottoressa di ricerca dell\u2019Universit\u00e0 di Udine la Medaglia del Presidente del Senato","_links":{"self":[{"href":"https:\/\/imagazine.it\/home_desk\/wp-json\/wp\/v2\/posts\/55236","targetHints":{"allow":["GET"]}}],"collection":[{"href":"https:\/\/imagazine.it\/home_desk\/wp-json\/wp\/v2\/posts"}],"about":[{"href":"https:\/\/imagazine.it\/home_desk\/wp-json\/wp\/v2\/types\/post"}],"author":[{"embeddable":true,"href":"https:\/\/imagazine.it\/home_desk\/wp-json\/wp\/v2\/users\/28"}],"replies":[{"embeddable":true,"href":"https:\/\/imagazine.it\/home_desk\/wp-json\/wp\/v2\/comments?post=55236"}],"version-history":[{"count":0,"href":"https:\/\/imagazine.it\/home_desk\/wp-json\/wp\/v2\/posts\/55236\/revisions"}],"wp:featuredmedia":[{"embeddable":true,"href":"https:\/\/imagazine.it\/home_desk\/wp-json\/wp\/v2\/media\/55237"}],"wp:attachment":[{"href":"https:\/\/imagazine.it\/home_desk\/wp-json\/wp\/v2\/media?parent=55236"}],"wp:term":[{"taxonomy":"category","embeddable":true,"href":"https:\/\/imagazine.it\/home_desk\/wp-json\/wp\/v2\/categories?post=55236"},{"taxonomy":"post_tag","embeddable":true,"href":"https:\/\/imagazine.it\/home_desk\/wp-json\/wp\/v2\/tags?post=55236"}],"curies":[{"name":"wp","href":"https:\/\/api.w.org\/{rel}","templated":true}]}}