{"id":55202,"date":"2024-05-21T18:48:29","date_gmt":"2024-05-21T16:48:29","guid":{"rendered":"https:\/\/imagazine.it\/home_desk\/?p=55202"},"modified":"2024-05-21T18:48:29","modified_gmt":"2024-05-21T16:48:29","slug":"essiccatoi-fvg-carlo-feruglio-nominato-presidente","status":"publish","type":"post","link":"https:\/\/imagazine.it\/home_desk\/essiccatoi-fvg-carlo-feruglio-nominato-presidente\/","title":{"rendered":"Essiccatoi Fvg: Carlo Feruglio nominato presidente"},"content":{"rendered":"<p><em><span style=\"font-size: 10pt;\">Da sinistra Fabris, Castagnaviz, Zannier, Feruglio e Thurn Valsassina<\/span><\/em><\/p>\n<p>UDINE \u2013 \u00c8 <strong>Carlo Feruglio<\/strong>, imprenditore agricolo di Staranzano, il presidente di <strong>Essiccatoi Fvg<\/strong>, il nuovo gruppo della cerealicoltura friulana targato Confcooperative Fvg.<\/p>\n<p>Feruglio, tra l\u2019altro, \u00e8 anche presidente della Bcc Venezia Giulia.<\/p>\n<p>Essiccatoi Fvg, che sar\u00e0 operativo dall\u20191 giugno, mette insieme, in un\u2019unica impresa cooperativa, 4 strutture della regione: \u201cEssiccatoio Bozzoli\u201d, di Palmanova (costituitosi nel 1920 e attualmente presieduta da Feruglio); \u201cEssiccatoio Torricella\u201d, di San Vito al Tagliamento (costituito nel 1975 e presieduto da <strong>Tomaso Pietro Fabris<\/strong>); \u201cEssiccatoio Torre Natisone\u201d, di Remanzacco (nato nel 1976 e presieduto da <strong>Philip Thurn Valsassina<\/strong>) e \u201cGranaio Friulano\u201d, di Fagagna (del 2022, figlio della fusione tra la cooperativa \u201cVieris\u201d di Castions di Strada e la \u201cMorenica Cereali\u201d di Fagagna).<\/p>\n<p>\u00abL\u2019operazione \u00e8 stata indubbiamente complessa \u2013 ha spiegato Feruglio presentando alla stampa la nuova cooperativa \u2013, ma siamo consapevoli di aver contribuito a creare un fatto storico per l\u2019agricoltura e la cooperazione di questa regione. Siamo e rimarremo molto presenti sul territorio per favorire, razionalizzare e potenziare, per quanto possibile, le attivit\u00e0 dei soci. La nuova campagna di raccolta dei cereali, che inizier\u00e0 tra poche settimane, la vivremo da protagonisti con la nuova veste e con la voglia di essere attori di primo piano all\u2019interno delle filiere agricole che ci vedono coinvolti\u00bb.<\/p>\n<p>\u00abCon Essiccatoi Fvg \u2013 ha aggiunto <strong>Daniele Castagnaviz<\/strong>, presidente di Confcooperative Fvg e di \u201cGranaio Friulano\u201d \u2013 mettiamo in rete oltre 2.100 soci conferitori che operano su un territorio di 60.000 ettari distribuiti in 90 Comuni compresi tra le provincie di Pordenone, Udine e Gorizia, un fatturato complessivo di oltre 60 milioni di euro e un patrimonio aggregato di 19 milioni di euro. Gli obiettivi della fusione sono chiari: dotare la nuova cooperativa di un\u2019amministrazione unica per tutti i centri di raccolta e conservazione; rafforzare la struttura produttiva e commerciale per sostenere le filiere; favorire gli investimenti strategici; consolidare il patrimonio e l\u2019attivit\u00e0 finanziaria della struttura del gruppo\u00bb.<\/p>\n<p>\u00abDal punto di vista della Regione, si tratta di una operazione strategica \u2013 \u00e8 stato il commento dell\u2019assessore alle Risorse agroalimentari del Friuli VG, <strong>Stefano Zannier<\/strong> \u2013 e, come tale, ha tutto il nostro sostegno. Guardando al benessere economico degli agricoltori, le aggregazioni sono indispensabili, soprattutto nel settore dei seminativi, per valorizzare i prodotti, ridurre i costi di gestione e progettare nuovi investimenti a favore dello sviluppo delle filiere\u00bb.<\/p>\n<p>A partire dal mese di giugno, dunque, Essiccatoi Fvg potr\u00e0 contare su <strong>8 impianti di essiccazione<\/strong> per granaglie e semi oleosi; <strong>9 centri di raccolta<\/strong>; <strong>22 colonne essiccanti<\/strong> con una <strong>produzione potenziale di 113.000 quintali giornalieri<\/strong>; 2.030.000 quintali di capacit\u00e0 complessiva di stoccaggio; una produzione di 2.912 kWh di energia da fonti rinnovabili (fotovoltaico e biogas) e 11milioni di kW prodotti ogni anno, equivalenti al consumo energetico di 4.000 famiglie.<\/p>\n","protected":false},"excerpt":{"rendered":"<p>Aggregazione tra 4 realt\u00e0 regionali per un gruppo di 2.100 soci, un fatturato di oltre 60 milioni di euro, una produttivit\u00e0 potenziale di lavorazione di 113.000 quintali giornalieri e una capacit\u00e0 di stoccaggio di oltre 2 milioni di quintali<\/p>\n","protected":false},"author":28,"featured_media":55203,"comment_status":"closed","ping_status":"closed","sticky":false,"template":"","format":"image","meta":{"dwc-title":[""],"dwc-content":[""],"footnotes":""},"categories":[5],"tags":[1373,336,472,101],"class_list":["post-55202","post","type-post","status-publish","format-image","has-post-thumbnail","hentry","category-attualita","tag-agricoltura","tag-economia","tag-lavoro","tag-udine","post_format-post-format-image"],"rttpg_featured_image_url":{"full":["https:\/\/imagazine.it\/wp-content\/uploads\/2024\/05\/essiccatoi_Da-sx_Fabris_Castagnaviz_Zannier_Feruglio_Thurn-Valsassina.jpg",1366,755,false],"landscape":["https:\/\/imagazine.it\/wp-content\/uploads\/2024\/05\/essiccatoi_Da-sx_Fabris_Castagnaviz_Zannier_Feruglio_Thurn-Valsassina.jpg",1366,755,false],"portraits":["https:\/\/imagazine.it\/wp-content\/uploads\/2024\/05\/essiccatoi_Da-sx_Fabris_Castagnaviz_Zannier_Feruglio_Thurn-Valsassina.jpg",1366,755,false],"thumbnail":["https:\/\/imagazine.it\/wp-content\/uploads\/2024\/05\/essiccatoi_Da-sx_Fabris_Castagnaviz_Zannier_Feruglio_Thurn-Valsassina-150x150.jpg",150,150,true],"medium":["https:\/\/imagazine.it\/wp-content\/uploads\/2024\/05\/essiccatoi_Da-sx_Fabris_Castagnaviz_Zannier_Feruglio_Thurn-Valsassina-300x166.jpg",300,166,true],"large":["https:\/\/imagazine.it\/wp-content\/uploads\/2024\/05\/essiccatoi_Da-sx_Fabris_Castagnaviz_Zannier_Feruglio_Thurn-Valsassina-1024x566.jpg",640,354,true],"thumblist":["https:\/\/imagazine.it\/wp-content\/uploads\/2024\/05\/essiccatoi_Da-sx_Fabris_Castagnaviz_Zannier_Feruglio_Thurn-Valsassina-300x300.jpg",300,300,true],"thumbrelated":["https:\/\/imagazine.it\/wp-content\/uploads\/2024\/05\/essiccatoi_Da-sx_Fabris_Castagnaviz_Zannier_Feruglio_Thurn-Valsassina-500x500.jpg",500,500,true],"meccarouselthumb":["https:\/\/imagazine.it\/wp-content\/uploads\/2024\/05\/essiccatoi_Da-sx_Fabris_Castagnaviz_Zannier_Feruglio_Thurn-Valsassina-474x324.jpg",474,324,true],"gridsquare":["https:\/\/imagazine.it\/wp-content\/uploads\/2024\/05\/essiccatoi_Da-sx_Fabris_Castagnaviz_Zannier_Feruglio_Thurn-Valsassina-391x260.jpg",391,260,true],"tileview":["https:\/\/imagazine.it\/wp-content\/uploads\/2024\/05\/essiccatoi_Da-sx_Fabris_Castagnaviz_Zannier_Feruglio_Thurn-Valsassina-300x400.jpg",300,400,true],"1536x1536":["https:\/\/imagazine.it\/wp-content\/uploads\/2024\/05\/essiccatoi_Da-sx_Fabris_Castagnaviz_Zannier_Feruglio_Thurn-Valsassina.jpg",1366,755,false],"2048x2048":["https:\/\/imagazine.it\/wp-content\/uploads\/2024\/05\/essiccatoi_Da-sx_Fabris_Castagnaviz_Zannier_Feruglio_Thurn-Valsassina.jpg",1366,755,false],"newsup-slider-full":["https:\/\/imagazine.it\/wp-content\/uploads\/2024\/05\/essiccatoi_Da-sx_Fabris_Castagnaviz_Zannier_Feruglio_Thurn-Valsassina-1280x720.jpg",1280,720,true],"newsup-featured":["https:\/\/imagazine.it\/wp-content\/uploads\/2024\/05\/essiccatoi_Da-sx_Fabris_Castagnaviz_Zannier_Feruglio_Thurn-Valsassina-1024x566.jpg",1024,566,true],"newsup-medium":["https:\/\/imagazine.it\/wp-content\/uploads\/2024\/05\/essiccatoi_Da-sx_Fabris_Castagnaviz_Zannier_Feruglio_Thurn-Valsassina-720x380.jpg",720,380,true],"tptn_thumbnail":["https:\/\/imagazine.it\/wp-content\/uploads\/2024\/05\/essiccatoi_Da-sx_Fabris_Castagnaviz_Zannier_Feruglio_Thurn-Valsassina-250x210.jpg",250,210,true],"sow-carousel-default":["https:\/\/imagazine.it\/wp-content\/uploads\/2024\/05\/essiccatoi_Da-sx_Fabris_Castagnaviz_Zannier_Feruglio_Thurn-Valsassina.jpg",272,150,false]},"rttpg_author":{"display_name":"redazione","author_link":"https:\/\/imagazine.it\/home_desk\/author\/redazione\/"},"rttpg_comment":0,"rttpg_category":"<a href=\"https:\/\/imagazine.it\/home_desk\/category\/attualita\/\" rel=\"category tag\">ATTUALIT\u00c0<\/a>","rttpg_excerpt":"Aggregazione tra 4 realt\u00e0 regionali per un gruppo di 2.100 soci, un fatturato di oltre 60 milioni di euro, una produttivit\u00e0 potenziale di lavorazione di 113.000 quintali giornalieri e una capacit\u00e0 di stoccaggio di oltre 2 milioni di quintali","_links":{"self":[{"href":"https:\/\/imagazine.it\/home_desk\/wp-json\/wp\/v2\/posts\/55202","targetHints":{"allow":["GET"]}}],"collection":[{"href":"https:\/\/imagazine.it\/home_desk\/wp-json\/wp\/v2\/posts"}],"about":[{"href":"https:\/\/imagazine.it\/home_desk\/wp-json\/wp\/v2\/types\/post"}],"author":[{"embeddable":true,"href":"https:\/\/imagazine.it\/home_desk\/wp-json\/wp\/v2\/users\/28"}],"replies":[{"embeddable":true,"href":"https:\/\/imagazine.it\/home_desk\/wp-json\/wp\/v2\/comments?post=55202"}],"version-history":[{"count":0,"href":"https:\/\/imagazine.it\/home_desk\/wp-json\/wp\/v2\/posts\/55202\/revisions"}],"wp:featuredmedia":[{"embeddable":true,"href":"https:\/\/imagazine.it\/home_desk\/wp-json\/wp\/v2\/media\/55203"}],"wp:attachment":[{"href":"https:\/\/imagazine.it\/home_desk\/wp-json\/wp\/v2\/media?parent=55202"}],"wp:term":[{"taxonomy":"category","embeddable":true,"href":"https:\/\/imagazine.it\/home_desk\/wp-json\/wp\/v2\/categories?post=55202"},{"taxonomy":"post_tag","embeddable":true,"href":"https:\/\/imagazine.it\/home_desk\/wp-json\/wp\/v2\/tags?post=55202"}],"curies":[{"name":"wp","href":"https:\/\/api.w.org\/{rel}","templated":true}]}}