{"id":55186,"date":"2024-05-21T16:35:07","date_gmt":"2024-05-21T14:35:07","guid":{"rendered":"https:\/\/imagazine.it\/home_desk\/?p=55186"},"modified":"2024-05-22T18:30:08","modified_gmt":"2024-05-22T16:30:08","slug":"trieste-torna-faro-della-musica","status":"publish","type":"post","link":"https:\/\/imagazine.it\/home_desk\/trieste-torna-faro-della-musica\/","title":{"rendered":"Trieste torna Faro della Musica"},"content":{"rendered":"<p><span style=\"font-size: 10pt;\"><em>Orchestra LaFil<\/em><\/span><\/p>\n<p>TRIESTE <strong>\u2013 <\/strong>Presentata la seconda edizione del &#8220;<em>Festival di Trieste &#8211; Il Faro della Musica<\/em>\u201d, ideato e organizzato dalla\u00a0<strong>Societ\u00e0 dei Concerti Trieste<\/strong>, con la co-organizzazione del\u00a0<strong>Comune di Trieste<\/strong>, la collaborazione della\u00a0<strong>Fondazione Teatro Lirico G. Verdi di Trieste<\/strong>, del\u00a0<strong>Teatro Stabile del Friuli Venezia Giulia Il Rossetti,<\/strong>\u00a0del\u00a0<strong>Conservatorio G. Tartini di Trieste,\u00a0<\/strong>della<strong>\u00a0Scuola di Musica 55-Casa della Musica<\/strong>\u00a0e della\u00a0<strong>Direzione Marittima Friuli Venezia Giulia \u2013 Capitaneria di Porto di Trieste<\/strong>, e grazie al contributo del\u00a0<strong>Ministero della Cultura \u2013 Progetti Speciali FNSV 2024<\/strong>.<\/p>\n<p>Dal<strong>\u00a07 al 18 settembre, con un\u2019anteprima il 5 settembre<\/strong>\u00a0in Piazza dell\u2019Unit\u00e0 d\u2019Italia, \u00abil Festival &#8211; spiega il direttore artistico, M\u00b0 <strong>Marco Seco<\/strong> &#8211; rispecchia l\u2019approccio con il quale costruiamo tutti i progetti della Societ\u00e0 dei Concerti: \u00e8 un crogiuolo di stimoli, suoni ed emozioni\u00bb.<\/p>\n<p>Il Festival quest\u2019anno raddoppia la sua offerta con <strong>ventinove appuntamenti<\/strong> che coinvolgeranno ogni angolo della citt\u00e0, toccando <strong>oltre venti sedi diverse<\/strong> tra le quali una piattaforma galleggiante posizionata in mare davanti a Piazza dell\u2019Unit\u00e0 d\u2019Italia (Scala Reale) sulla quale, in un appuntamento gratuito, <a href=\"https:\/\/imagazine.it\/home_desk\/sensibilita-ribelle\/\">il violoncellista M\u00b0\u00a0<strong>Giovanni Sollima<\/strong><\/a>\u00a0si esibir\u00e0 con un programma a sorpresa, tutto da scoprire dedicato a Bach e a sue composizioni (<strong>14 settembre, ore 20<\/strong>).<\/p>\n<figure id=\"attachment_55187\" aria-describedby=\"caption-attachment-55187\" style=\"width: 1000px\" class=\"wp-caption aligncenter\"><img loading=\"lazy\" decoding=\"async\" class=\"wp-image-55187 size-full\" src=\"https:\/\/imagazine.it\/wp-content\/uploads\/2024\/05\/SOLLIMA-Milano-novembre-2023-@Alberto-Panzani-1-1500x1000-1.jpg\" alt=\"Giovanni Sollima (\u00a9 Alberto Panzani)\" width=\"1000\" height=\"667\" title=\"\" srcset=\"https:\/\/imagazine.it\/wp-content\/uploads\/2024\/05\/SOLLIMA-Milano-novembre-2023-@Alberto-Panzani-1-1500x1000-1.jpg 1000w, https:\/\/imagazine.it\/wp-content\/uploads\/2024\/05\/SOLLIMA-Milano-novembre-2023-@Alberto-Panzani-1-1500x1000-1-300x200.jpg 300w, https:\/\/imagazine.it\/wp-content\/uploads\/2024\/05\/SOLLIMA-Milano-novembre-2023-@Alberto-Panzani-1-1500x1000-1-768x512.jpg 768w, https:\/\/imagazine.it\/wp-content\/uploads\/2024\/05\/SOLLIMA-Milano-novembre-2023-@Alberto-Panzani-1-1500x1000-1-391x260.jpg 391w\" sizes=\"auto, (max-width: 1000px) 100vw, 1000px\" \/><figcaption id=\"caption-attachment-55187\" class=\"wp-caption-text\">Giovanni Sollima (\u00a9 Alberto Panzani)<\/figcaption><\/figure>\n<p>Anteprima il <strong>5 settembre, alle 18.30<\/strong>, con l\u2019apertura del Festival Music Center, uno spazio che sar\u00e0 creato\u00a0<em>ad hoc<\/em>\u00a0per questa edizione e posizionato in Piazza dell\u2019Unit\u00e0 d\u2019Italia fino al 18 settembre, con un concerto di un ensemble dell\u2019<strong>Orchestra<\/strong> <strong>LaFil<\/strong> di Milano che proporr\u00e0 per l\u2019occasione musiche di Mozart, Vivaldi e Piazzolla.<\/p>\n<p>Quattro gli appuntamenti sinfonici che si terranno al\u00a0<strong>Teatro Verdi<\/strong>\u00a0insieme a nomi di richiamo internazionale come il pianista\u00a0<strong>Alexander Melnikov<\/strong>\u00a0che suoner\u00e0 con LaFil di Milano diretta proprio dal\u00a0<strong>M\u00b0 Marco Seco,<\/strong>\u00a0musiche di Mozart, di cui Alexander \u00e8 considerato tra gli esecutori pi\u00f9 autorevoli (<strong>7 settembre, ore 20.30<\/strong>).<\/p>\n<p>A<strong>ndreas Ottensamer,\u00a0<\/strong>primo clarinetto della Filarmonica di Berlino, si esibir\u00e0 per la prima volta in Italia insieme all\u2019orchestra LaFil di Milano in veste di direttore (<strong>9 settembre, ore 20.30<\/strong>), e nuovamente\u00a0<strong>Giovanni Sollima<\/strong>, qui nella doppia veste di direttore e solista, che diriger\u00e0 e suoner\u00e0 assieme all\u2019Orchestra della Fondazione Teatro Lirico G. Verdi di Trieste (<strong>15 settembre, ore 19.30<\/strong>). In chiusura del Festival arriver\u00e0 <strong>Nikolai Lugansky\u00a0<\/strong>al pianoforte assieme all\u2019Orchestra della Fondazione Teatro Lirico G. Verdi di Trieste diretti da\u00a0<strong>Han-Na Chang\u00a0<\/strong>&#8211; violoncellista che a soli undici anni ha vinto il primo premio al \u201cV\u00b0Rostropovi\u010d International Cello Competition\u201d di Parigi &#8211; oggi chiamata a dirigere le migliori Orchestre del mondo (<strong>18 settembre, ore 19.30<\/strong>).<\/p>\n<figure id=\"attachment_55188\" aria-describedby=\"caption-attachment-55188\" style=\"width: 1000px\" class=\"wp-caption aligncenter\"><img loading=\"lazy\" decoding=\"async\" class=\"wp-image-55188 size-full\" src=\"https:\/\/imagazine.it\/wp-content\/uploads\/2024\/05\/FOTO-_Lugansky\u00a9Jean-Baptiste-Millot.jpeg\" alt=\"Nikolai Lugansky (\u00a9 Jean-Baptiste Millot)\" width=\"1000\" height=\"666\" title=\"\" srcset=\"https:\/\/imagazine.it\/wp-content\/uploads\/2024\/05\/FOTO-_Lugansky\u00a9Jean-Baptiste-Millot.jpeg 1000w, https:\/\/imagazine.it\/wp-content\/uploads\/2024\/05\/FOTO-_Lugansky\u00a9Jean-Baptiste-Millot-300x200.jpeg 300w, https:\/\/imagazine.it\/wp-content\/uploads\/2024\/05\/FOTO-_Lugansky\u00a9Jean-Baptiste-Millot-768x511.jpeg 768w, https:\/\/imagazine.it\/wp-content\/uploads\/2024\/05\/FOTO-_Lugansky\u00a9Jean-Baptiste-Millot-391x260.jpeg 391w\" sizes=\"auto, (max-width: 1000px) 100vw, 1000px\" \/><figcaption id=\"caption-attachment-55188\" class=\"wp-caption-text\">Nikolai Lugansky (\u00a9 Jean-Baptiste Millot)<\/figcaption><\/figure>\n<p>A impreziosire il Festival uno speciale percorso, ospitato in alcuni dei luoghi pi\u00f9 affascinanti di Trieste e dedicato alle danze di tutti i periodi e di vari stili che hanno rappresentato diversi popoli e culture (dal periodo Rinascimentale al Flamenco) dal titolo \u201c<em>Danze e Contraddanze<\/em>\u201d.<\/p>\n<p>Lo spettacolo principale \u00e8 dedicato a Chopin ed \u00e8 realizzato dalla Societ\u00e0 dei Concerti Trieste in coproduzione con ORSOLINA28 Art Foundation, una\u00a0prima assoluta\u00a0con il coreografo\u00a0<strong>Andrea Bolognino\u00a0<\/strong>e<strong>\u00a0Gabriele Strata\u00a0<\/strong>al pianoforte, che si terr\u00e0 al Teatro Politeama Il Rossetti di Trieste (<strong>10 settembre, ore 20.30<\/strong>). Seguiranno altri tre appuntamenti: il\u00a0<strong>Sonoro Quartet<\/strong>\u00a0assieme al ballerino\u00a0<strong>Giacomo Calabrese<\/strong>\u00a0nella Sala del Ridotto \u201cVictor de Sabata\u201d presso il Teatro Lirico G. Verdi (<strong>13 settembre, ore 20.30<\/strong>), poi, in duo, il liutista\u00a0<strong>Rolf Lislevand<\/strong>\u00a0con\u00a0<strong>Paola Erdas\u00a0<\/strong>al clavicembalo nell\u2019Auditorium del Salone degli Incanti di Trieste (<strong>16 settembre, ore 20.30<\/strong>) e infine il pianista\u00a0<strong>Axel Trolese<\/strong>\u00a0in dialogo con la danzatrice\u00a0<strong>Marta Roverato<\/strong>\u00a0in un programma dedicato al Flamenco nella Sala Luttazzi del Magazzino 26 in Porto Vecchio (<strong>17 settembre, ore 20.30<\/strong>).<\/p>\n<p>Altro evento di rilievo sar\u00e0 il concerto che festeggia due importanti ricorrenze ovvero i 100 anni dalla morte di Puccini e 150 anni dalla nascita di Sch\u00f6nberg, compositori ai quali \u00e8 interamente dedicato il programma del\u00a0<strong>Quartetto Goldberg<\/strong>\u00a0insieme a\u00a0<strong>Simone Gramaglia<\/strong>, viola\u00a0del Quartetto di Cremona e\u00a0<strong>Kyril Zlotnikov<\/strong>, violoncello del Jerusalem Quartet al Castello di Miramare (<strong>12 settembre, ore 20.30<\/strong>).<\/p>\n<p>Tutti questi concerti, compresi quelli al Teatro Verdi, un\u2019ora e mezza prima delle esibizioni prevedono un incontro insieme agli artisti e al direttore artistico della Societ\u00e0 dei Concerti, per introdurne l&#8217;ascolto.<\/p>\n<p>Il\u00a0<em>Festival di Trieste<\/em>\u00a0propone anche quest\u2019anno la sezione \u201cFestival in Citt\u00e0\u201d che si sdoppia in due giornate: la prima domenica la rassegna sar\u00e0 dedicata alle piazze e ai parchi della citt\u00e0 con la partecipazione in concerto delle bande del territorio che sfileranno e invaderanno le vie del centro contemporaneamente a partire da Piazza Ponterosso, da Piazza Cavana, dal Molo Audace con un concerto conclusivo in Piazza Verdi (<strong>8 settembre, a partire dalle ore 11<\/strong>).<\/p>\n<p>Nel pomeriggio si terranno in due diverse sedi l\u2019esibizione de I Piccoli di Podrecca accompagnanti da alcuni musicisti dell\u2019Orchestra LaFil di Milano, in Piazza Verdi,\u00a0<strong>ore 16\u00a0<\/strong>e in Piazza Hortis<strong>\u00a0alle ore 18,\u00a0<\/strong>inframmezzati da un concerto presso la Direzione Marittima FVG &#8211; Capitaneria di Porto di Trieste,\u00a0<strong>ore 17<\/strong>.<\/p>\n<p>In chiusura due appuntamenti, il primo con\u00a0<strong>Matteo Firmi<\/strong>, che diriger\u00e0 la\u00a0<strong>Civica Orchestra di Fiati Citt\u00e0 di Trieste\u00a0<\/strong>con un programma di musiche di Nino Rota composte per \u201c<em>Il Padrino<\/em>\u201d, e nel Parco del Museo Civico Sartorio,\u00a0<strong>alle ore 18.30<\/strong>, con il\u00a0<strong>Quartetto Eos\u00a0<\/strong>su musiche di \u0160hostac\u00f3vi\u010d e Mozart,\u00a0<strong>alle ore 20.30<\/strong>.<\/p>\n<p>Mercoled\u00ec\u00a0<strong>11 settembre\u00a0<\/strong>sempre per il \u201cFestival in Citt\u00e0\u201d\u00a0<strong>dalle ore 17<\/strong>\u00a0riecco i concerti nelle dimore private dei triestini nella tradizione della Hausmusik e in alcuni dei luoghi pi\u00f9 significativi della vita cittadina come l\u2019Auditorium della sede della RAI regionale per il FVG, la Sala del Consiglio Comunale (anche in diretta streaming), il Conservatorio G. Tartini che sar\u00e0 collegato a Vilnius e Vienna tramite il progetto Lola per formare una sola Jazz Band e l\u2019Antico Caff\u00e8 San Marco; una rassegna realizzata in collaborazione con il Conservatorio G. Tartini di Trieste.<\/p>\n<p>Non mancheranno anche in questa edizione un laboratorio per le famiglie e per i pi\u00f9 piccoli alla Casa della Musica insieme a Vincenzo Stera due spettacoli che oltre la musica dal vivo coinvolgono arte e recitazione per bambini di tutte le et\u00e0.<\/p>\n","protected":false},"excerpt":{"rendered":"<p>In arrivo 29 concerti sinfonici con prestigiosi solisti di fama internazionale, musica da camera e coreografie nei luoghi pi\u00f9 affascinanti della citt\u00e0 <\/p>\n","protected":false},"author":28,"featured_media":55189,"comment_status":"closed","ping_status":"closed","sticky":false,"template":"","format":"image","meta":{"dwc-title":[""],"dwc-content":[""],"footnotes":""},"categories":[37],"tags":[861,261,826,55,65],"class_list":["post-55186","post","type-post","status-publish","format-image","has-post-thumbnail","hentry","category-cultura-e-spettacolo","tag-concerti","tag-eventi","tag-eventi-fvg","tag-musica","tag-trieste","post_format-post-format-image"],"rttpg_featured_image_url":{"full":["https:\/\/imagazine.it\/wp-content\/uploads\/2024\/05\/LaFil-Parma-export-veloce-5-1.jpg",1366,698,false],"landscape":["https:\/\/imagazine.it\/wp-content\/uploads\/2024\/05\/LaFil-Parma-export-veloce-5-1.jpg",1366,698,false],"portraits":["https:\/\/imagazine.it\/wp-content\/uploads\/2024\/05\/LaFil-Parma-export-veloce-5-1.jpg",1366,698,false],"thumbnail":["https:\/\/imagazine.it\/wp-content\/uploads\/2024\/05\/LaFil-Parma-export-veloce-5-1-150x150.jpg",150,150,true],"medium":["https:\/\/imagazine.it\/wp-content\/uploads\/2024\/05\/LaFil-Parma-export-veloce-5-1-300x153.jpg",300,153,true],"large":["https:\/\/imagazine.it\/wp-content\/uploads\/2024\/05\/LaFil-Parma-export-veloce-5-1-1024x523.jpg",640,327,true],"thumblist":["https:\/\/imagazine.it\/wp-content\/uploads\/2024\/05\/LaFil-Parma-export-veloce-5-1-300x300.jpg",300,300,true],"thumbrelated":["https:\/\/imagazine.it\/wp-content\/uploads\/2024\/05\/LaFil-Parma-export-veloce-5-1-500x500.jpg",500,500,true],"meccarouselthumb":["https:\/\/imagazine.it\/wp-content\/uploads\/2024\/05\/LaFil-Parma-export-veloce-5-1-474x324.jpg",474,324,true],"gridsquare":["https:\/\/imagazine.it\/wp-content\/uploads\/2024\/05\/LaFil-Parma-export-veloce-5-1-391x260.jpg",391,260,true],"tileview":["https:\/\/imagazine.it\/wp-content\/uploads\/2024\/05\/LaFil-Parma-export-veloce-5-1-300x400.jpg",300,400,true],"1536x1536":["https:\/\/imagazine.it\/wp-content\/uploads\/2024\/05\/LaFil-Parma-export-veloce-5-1.jpg",1366,698,false],"2048x2048":["https:\/\/imagazine.it\/wp-content\/uploads\/2024\/05\/LaFil-Parma-export-veloce-5-1.jpg",1366,698,false],"newsup-slider-full":["https:\/\/imagazine.it\/wp-content\/uploads\/2024\/05\/LaFil-Parma-export-veloce-5-1-1280x698.jpg",1280,698,true],"newsup-featured":["https:\/\/imagazine.it\/wp-content\/uploads\/2024\/05\/LaFil-Parma-export-veloce-5-1-1024x523.jpg",1024,523,true],"newsup-medium":["https:\/\/imagazine.it\/wp-content\/uploads\/2024\/05\/LaFil-Parma-export-veloce-5-1-720x380.jpg",720,380,true],"tptn_thumbnail":["https:\/\/imagazine.it\/wp-content\/uploads\/2024\/05\/LaFil-Parma-export-veloce-5-1-250x210.jpg",250,210,true],"sow-carousel-default":["https:\/\/imagazine.it\/wp-content\/uploads\/2024\/05\/LaFil-Parma-export-veloce-5-1.jpg",272,139,false]},"rttpg_author":{"display_name":"redazione","author_link":"https:\/\/imagazine.it\/home_desk\/author\/redazione\/"},"rttpg_comment":0,"rttpg_category":"<a href=\"https:\/\/imagazine.it\/home_desk\/category\/cultura-e-spettacolo\/\" rel=\"category tag\">CULTURA&amp;SPETTACOLO<\/a>","rttpg_excerpt":"In arrivo 29 concerti sinfonici con prestigiosi solisti di fama internazionale, musica da camera e coreografie nei luoghi pi\u00f9 affascinanti della citt\u00e0","_links":{"self":[{"href":"https:\/\/imagazine.it\/home_desk\/wp-json\/wp\/v2\/posts\/55186","targetHints":{"allow":["GET"]}}],"collection":[{"href":"https:\/\/imagazine.it\/home_desk\/wp-json\/wp\/v2\/posts"}],"about":[{"href":"https:\/\/imagazine.it\/home_desk\/wp-json\/wp\/v2\/types\/post"}],"author":[{"embeddable":true,"href":"https:\/\/imagazine.it\/home_desk\/wp-json\/wp\/v2\/users\/28"}],"replies":[{"embeddable":true,"href":"https:\/\/imagazine.it\/home_desk\/wp-json\/wp\/v2\/comments?post=55186"}],"version-history":[{"count":0,"href":"https:\/\/imagazine.it\/home_desk\/wp-json\/wp\/v2\/posts\/55186\/revisions"}],"wp:featuredmedia":[{"embeddable":true,"href":"https:\/\/imagazine.it\/home_desk\/wp-json\/wp\/v2\/media\/55189"}],"wp:attachment":[{"href":"https:\/\/imagazine.it\/home_desk\/wp-json\/wp\/v2\/media?parent=55186"}],"wp:term":[{"taxonomy":"category","embeddable":true,"href":"https:\/\/imagazine.it\/home_desk\/wp-json\/wp\/v2\/categories?post=55186"},{"taxonomy":"post_tag","embeddable":true,"href":"https:\/\/imagazine.it\/home_desk\/wp-json\/wp\/v2\/tags?post=55186"}],"curies":[{"name":"wp","href":"https:\/\/api.w.org\/{rel}","templated":true}]}}