{"id":55146,"date":"2024-05-20T16:35:51","date_gmt":"2024-05-20T14:35:51","guid":{"rendered":"https:\/\/imagazine.it\/home_desk\/?p=55146"},"modified":"2024-05-21T16:35:31","modified_gmt":"2024-05-21T14:35:31","slug":"udine-nuova-sede-per-scienze-giuridiche","status":"publish","type":"post","link":"https:\/\/imagazine.it\/home_desk\/udine-nuova-sede-per-scienze-giuridiche\/","title":{"rendered":"Udine: nuova sede per Scienze Giuridiche"},"content":{"rendered":"<p><span style=\"font-size: 10pt;\"><em>Il rettore Pinton e la direttrice D&#8217;Orlando<\/em><\/span><\/p>\n<p>UDINE \u2013 Taglio del nastro per la nuova sede del <strong>dipartimento di Scienze giuridiche dell\u2019Universit\u00e0 di Udine<\/strong>, che si trova in via Tomadini 3, nell\u2019edificio restaurato che in passato ospitava la sezione femminile dell\u2019Istituto Renati.<\/p>\n<p>La nuova sede rappresenta un tassello per il consolidamento del polo economico giuridico dell\u2019universit\u00e0, situato da molti anni in via Tomadini 30.<\/p>\n<h3><strong>L\u2019edificio<\/strong><\/h3>\n<p>L\u2019edificio della nuova sede del dipartimento \u00e8 il palazzo in cui un tempo aveva sede la sezione femminile dell\u2019istituto Renati, fondato nel 1761 per garantire assistenza agli orfani della citt\u00e0 e che l\u2019ateneo ha acquisito nel 2007.<\/p>\n<p>L\u2019intervento, coordinato dalla Direzione Servizi operativi dell\u2019ateneo, ha previsto il restauro conservativo dell\u2019edificio per circa 2000 metri quadrati con interventi di consolidamento delle fondazioni, rinforzo delle murature e dei solai in legno e di miglioramento sismico in generale.<\/p>\n<h3><strong>Gli spazi<\/strong><\/h3>\n<p>Gli spazi destinati alla didattica sono un auditorium della capienza di circa 60 posti e due aule da circa 30 e 60 posti al piano terra, mentre al primo piano c\u2019\u00e8 un\u2019aula da circa 70 posti. Al piano terra sono presenti anche gli uffici del personale tecnico e amministrativo del dipartimento. Ai piani primo e secondo trovano spazio infine 33 locali destinati ad uffici per il personale docente e ricercatore, due sale riunioni e alcuni spazi collettivi.<\/p>\n<p>\u201cLa nuova sede del dipartimento \u2013 ha sottolineato il rettore <strong>Roberto Pinton<\/strong> \u2013 rientra nel piano edilizio generale dell\u2019ateneo che mira a ottimizzare la operativit\u00e0 e la caratterizzazione dei quattro diversi poli universitari presenti in citt\u00e0 (medico, scientifico, umanistico ed economico-giuridico), dotandoli di strutture funzionali e autonome, nonch\u00e9 strettamente collegate all\u2019insieme del sistema dei servizi. La prossima realizzazione di due nuove aule da 150 posti, a supporto della didattica del dipartimento, arricchiranno ulteriormente gli spazi a beneficio di studenti e docenti. Sia con nuovi edifici sia con ristrutturazioni di vecchi e pregiati edifici resi sostenibili \u2013 ha evidenziato il rettore -, oggi l\u2019ateneo si arricchisce di un nuovo tassello importante: la sede del dipartimento di scienze giuridiche diventa sempre pi\u00f9 autonoma e consolidata, sposando il concetto di UniverCity. L\u2019ateneo \u00e8 radicato nella citt\u00e0, partecipa a progetti di rigenerazione urbana, conta 15mila giovani che guardano al futuro, sia all\u2019interno della citt\u00e0 sia nel contesto europeo\u201d.<\/p>\n<h3><strong>I lavori<\/strong><\/h3>\n<p>Il costo complessivo dell\u2019intervento \u00e8 stato di circa <strong>5 milioni 614mila euro<\/strong>. Il lavoro \u00e8 stato sostenuto da fondi dell\u2019ateneo, ministeriali e regionali. Dal 2020 la direzione dei lavori \u00e8 stata svolta dal raggruppamento costituito dallo Studio Associato Architetti Mingotti e dallo Studio di Ingegneria Suraci di Udine.<\/p>\n<p>I lavori sono stati eseguiti dall\u2019associazione temporanea d\u2019imprese costituta dall\u2019Impresa Cardazzo Cav. Ermenegildo di Fontanafredda in provincia di Pordenone e dall\u2019Impresa Friulana Costruzioni di Sedegliano in provincia di Udine. Di recente sono stati completati i lavori di sistemazione dell\u2019area esterna a cura dell\u2019impresa Prataviera Omar di Dignano (Udine) e il restauro del portone d\u2019ingresso su via Caneva a cura dell\u2019impresa Lizzi Restauri s.n.c. di Artegna (Udine).<\/p>\n<figure id=\"attachment_55147\" aria-describedby=\"caption-attachment-55147\" style=\"width: 1000px\" class=\"wp-caption aligncenter\"><img loading=\"lazy\" decoding=\"async\" class=\"wp-image-55147 size-full\" src=\"https:\/\/imagazine.it\/wp-content\/uploads\/2024\/05\/Il-taglio-del-nastro.jpg\" alt=\"Il taglio del nastro\" width=\"1000\" height=\"667\" title=\"\" srcset=\"https:\/\/imagazine.it\/wp-content\/uploads\/2024\/05\/Il-taglio-del-nastro.jpg 1000w, https:\/\/imagazine.it\/wp-content\/uploads\/2024\/05\/Il-taglio-del-nastro-300x200.jpg 300w, https:\/\/imagazine.it\/wp-content\/uploads\/2024\/05\/Il-taglio-del-nastro-768x512.jpg 768w, https:\/\/imagazine.it\/wp-content\/uploads\/2024\/05\/Il-taglio-del-nastro-391x260.jpg 391w\" sizes=\"auto, (max-width: 1000px) 100vw, 1000px\" \/><figcaption id=\"caption-attachment-55147\" class=\"wp-caption-text\">Il taglio del nastro<\/figcaption><\/figure>\n<h3><strong>L\u2019intitolazione<\/strong><\/h3>\n<p>La nuova sede del dipartimento \u00e8 stata intitolata all\u2019illustre costituzionalista Livio Paladin, ad oggi l\u2019unico giudice costituzionale e presidente della Corte costituzionale originario del Friuli Venezia Giulia.<\/p>\n<p>La figura dell&#8217;uomo e dello studioso, tra l\u2019altro \u00abpadre\u00bb dello Statuto regionale, \u00e8 stata tratteggiata dal professor <strong>Ludovico Mazzarolli<\/strong>, suo allievo e costituzionalista all\u2019ateneo friulano sin dalla nascita dell&#8217;allora facolt\u00e0 di Giurisprudenza nel 2001, anno successivo a quello della morte del maestro.<\/p>\n<h3><strong>Il dipartimento<\/strong><\/h3>\n<p>La direttrice del dipartimento <strong>Elena D\u2019Orlando<\/strong>, ordinaria di Istituzioni di Diritto pubblico, ha illustrato le radici friulane e la proiezione europea del dipartimento di Scienze giuridiche<strong>. <\/strong>\u201cL\u2019obiettivo \u2013 ha detto \u2013 \u00e8 quello di contribuire alla formazione di una coscienza civica informata, dialettica e costruttiva sul processo di integrazione europea, a partire dai giovani.<\/p>\n<p>L\u2019esistenza e la consistenza di una identit\u00e0 europea composita e plurale, l\u2019europeizzazione dell\u2019alta formazione e del mercato del lavoro sono oggi temi cruciali per comprende appieno il significato degli studi universitari, che non sono solo un percorso di alta formazione professionale, ma anche il veicolo per entrare all\u2019interno di un sistema a rete di istruzione superiore esteso a tutta l\u2019Europa\u201d.<\/p>\n","protected":false},"excerpt":{"rendered":"<p>Il dipartimento dell\u2019ateneo nell\u2019edificio restaurato di via Tomadini che ha ospitato la sezione femminile dell\u2019Istituto Renati<\/p>\n","protected":false},"author":28,"featured_media":55148,"comment_status":"closed","ping_status":"closed","sticky":false,"template":"","format":"image","meta":{"dwc-title":[""],"dwc-content":[""],"footnotes":""},"categories":[5],"tags":[101,206,388],"class_list":["post-55146","post","type-post","status-publish","format-image","has-post-thumbnail","hentry","category-attualita","tag-udine","tag-uniud","tag-universita","post_format-post-format-image"],"rttpg_featured_image_url":{"full":["https:\/\/imagazine.it\/wp-content\/uploads\/2024\/05\/Lo-scoprimento-della-targa-il-rettore-Pinton-e-la-direttrice-DOrlando.jpg",1366,551,false],"landscape":["https:\/\/imagazine.it\/wp-content\/uploads\/2024\/05\/Lo-scoprimento-della-targa-il-rettore-Pinton-e-la-direttrice-DOrlando.jpg",1366,551,false],"portraits":["https:\/\/imagazine.it\/wp-content\/uploads\/2024\/05\/Lo-scoprimento-della-targa-il-rettore-Pinton-e-la-direttrice-DOrlando.jpg",1366,551,false],"thumbnail":["https:\/\/imagazine.it\/wp-content\/uploads\/2024\/05\/Lo-scoprimento-della-targa-il-rettore-Pinton-e-la-direttrice-DOrlando-150x150.jpg",150,150,true],"medium":["https:\/\/imagazine.it\/wp-content\/uploads\/2024\/05\/Lo-scoprimento-della-targa-il-rettore-Pinton-e-la-direttrice-DOrlando-300x121.jpg",300,121,true],"large":["https:\/\/imagazine.it\/wp-content\/uploads\/2024\/05\/Lo-scoprimento-della-targa-il-rettore-Pinton-e-la-direttrice-DOrlando-1024x413.jpg",640,258,true],"thumblist":["https:\/\/imagazine.it\/wp-content\/uploads\/2024\/05\/Lo-scoprimento-della-targa-il-rettore-Pinton-e-la-direttrice-DOrlando-300x300.jpg",300,300,true],"thumbrelated":["https:\/\/imagazine.it\/wp-content\/uploads\/2024\/05\/Lo-scoprimento-della-targa-il-rettore-Pinton-e-la-direttrice-DOrlando-500x500.jpg",500,500,true],"meccarouselthumb":["https:\/\/imagazine.it\/wp-content\/uploads\/2024\/05\/Lo-scoprimento-della-targa-il-rettore-Pinton-e-la-direttrice-DOrlando-474x324.jpg",474,324,true],"gridsquare":["https:\/\/imagazine.it\/wp-content\/uploads\/2024\/05\/Lo-scoprimento-della-targa-il-rettore-Pinton-e-la-direttrice-DOrlando-391x260.jpg",391,260,true],"tileview":["https:\/\/imagazine.it\/wp-content\/uploads\/2024\/05\/Lo-scoprimento-della-targa-il-rettore-Pinton-e-la-direttrice-DOrlando-300x400.jpg",300,400,true],"1536x1536":["https:\/\/imagazine.it\/wp-content\/uploads\/2024\/05\/Lo-scoprimento-della-targa-il-rettore-Pinton-e-la-direttrice-DOrlando.jpg",1366,551,false],"2048x2048":["https:\/\/imagazine.it\/wp-content\/uploads\/2024\/05\/Lo-scoprimento-della-targa-il-rettore-Pinton-e-la-direttrice-DOrlando.jpg",1366,551,false],"newsup-slider-full":["https:\/\/imagazine.it\/wp-content\/uploads\/2024\/05\/Lo-scoprimento-della-targa-il-rettore-Pinton-e-la-direttrice-DOrlando-1280x551.jpg",1280,551,true],"newsup-featured":["https:\/\/imagazine.it\/wp-content\/uploads\/2024\/05\/Lo-scoprimento-della-targa-il-rettore-Pinton-e-la-direttrice-DOrlando-1024x413.jpg",1024,413,true],"newsup-medium":["https:\/\/imagazine.it\/wp-content\/uploads\/2024\/05\/Lo-scoprimento-della-targa-il-rettore-Pinton-e-la-direttrice-DOrlando-720x380.jpg",720,380,true],"tptn_thumbnail":["https:\/\/imagazine.it\/wp-content\/uploads\/2024\/05\/Lo-scoprimento-della-targa-il-rettore-Pinton-e-la-direttrice-DOrlando-250x210.jpg",250,210,true],"sow-carousel-default":["https:\/\/imagazine.it\/wp-content\/uploads\/2024\/05\/Lo-scoprimento-della-targa-il-rettore-Pinton-e-la-direttrice-DOrlando.jpg",272,110,false]},"rttpg_author":{"display_name":"redazione","author_link":"https:\/\/imagazine.it\/home_desk\/author\/redazione\/"},"rttpg_comment":0,"rttpg_category":"<a href=\"https:\/\/imagazine.it\/home_desk\/category\/attualita\/\" rel=\"category tag\">ATTUALIT\u00c0<\/a>","rttpg_excerpt":"Il dipartimento dell\u2019ateneo nell\u2019edificio restaurato di via Tomadini che ha ospitato la sezione femminile dell\u2019Istituto Renati","_links":{"self":[{"href":"https:\/\/imagazine.it\/home_desk\/wp-json\/wp\/v2\/posts\/55146","targetHints":{"allow":["GET"]}}],"collection":[{"href":"https:\/\/imagazine.it\/home_desk\/wp-json\/wp\/v2\/posts"}],"about":[{"href":"https:\/\/imagazine.it\/home_desk\/wp-json\/wp\/v2\/types\/post"}],"author":[{"embeddable":true,"href":"https:\/\/imagazine.it\/home_desk\/wp-json\/wp\/v2\/users\/28"}],"replies":[{"embeddable":true,"href":"https:\/\/imagazine.it\/home_desk\/wp-json\/wp\/v2\/comments?post=55146"}],"version-history":[{"count":0,"href":"https:\/\/imagazine.it\/home_desk\/wp-json\/wp\/v2\/posts\/55146\/revisions"}],"wp:featuredmedia":[{"embeddable":true,"href":"https:\/\/imagazine.it\/home_desk\/wp-json\/wp\/v2\/media\/55148"}],"wp:attachment":[{"href":"https:\/\/imagazine.it\/home_desk\/wp-json\/wp\/v2\/media?parent=55146"}],"wp:term":[{"taxonomy":"category","embeddable":true,"href":"https:\/\/imagazine.it\/home_desk\/wp-json\/wp\/v2\/categories?post=55146"},{"taxonomy":"post_tag","embeddable":true,"href":"https:\/\/imagazine.it\/home_desk\/wp-json\/wp\/v2\/tags?post=55146"}],"curies":[{"name":"wp","href":"https:\/\/api.w.org\/{rel}","templated":true}]}}