{"id":55072,"date":"2024-05-19T22:18:46","date_gmt":"2024-05-19T20:18:46","guid":{"rendered":"https:\/\/imagazine.it\/home_desk\/?p=55072"},"modified":"2024-05-21T12:10:42","modified_gmt":"2024-05-21T10:10:42","slug":"la-meridiana-a-forma-di-rana-conquista-aiello","status":"publish","type":"post","link":"https:\/\/imagazine.it\/home_desk\/la-meridiana-a-forma-di-rana-conquista-aiello\/","title":{"rendered":"La meridiana a forma di rana conquista Aiello"},"content":{"rendered":"<p><em><span style=\"font-size: 10pt; font-family: georgia, palatino, serif;\">La meridiana a forma di rana<\/span><\/em><\/p>\n<p>AIELLO DEL FRIULI &#8211; Si \u00e8 conclusa la 21esima edizione della <strong>Festa delle Meridiane<\/strong>.<\/p>\n<p>La manifestazione, organizzata dal <strong>Circolo Culturale Navarca<\/strong> in collaborazione con la <strong>Pro Loco Aiello<\/strong> e il patrocinio del <strong>Comune<\/strong>, ha richiamato un numeroso pubblico proveniente da tutto il Friuli Venezia Giulia.<\/p>\n<p>Sono state allestite mostre fotografiche e di decori artistici, concerti, passeggiate tra natura e antichi mulini, conferenze, giochi per bambini e tanto altro ancora, con la possibilit\u00e0 di ammirare le oltre 120 meridiane presenti nel paese.<\/p>\n<p>Aiello del Friuli \u00e8 infatti conosciuto come &#8220;il paese delle meridiane&#8221; per la sua straordinaria collezione di orologi solari, che spaziano dai pi\u00f9 antichi e semplici ai pi\u00f9 elaborati e artistici.<\/p>\n<p>Infine molta curiosit\u00e0 per sapere quale delle quattro nuove meridiane si \u00e8 assicurata il premio della pi\u00f9 bella.<\/p>\n<p>La votazione ha coinvolto una commissione di sette persone &#8211; composta da due architetti (<strong>Miriam Causer\u00f2<\/strong> e <strong>Rodolfo Lepre<\/strong>), una pittrice (<strong>Anna Degenhardt<\/strong>), un fotografo (<strong>Igino Durisotti<\/strong>), un astrofilo (<strong>Claudio Cecotti<\/strong>) e due insegnanti (<strong>Eva Visintin<\/strong> e <strong>Vincenzo Rivelli<\/strong>) -, il voto online (i votanti sono stati 298) e il voto popolare alla inaugurazione delle meridiane (157 votanti).<\/p>\n<p>Il risultato finale ha premiato la <strong>meridiana a \u201cforma di Rana\u201d<\/strong> collocata nel parco della Scuola d&#8217;infanzia di Aiello, degli autori <strong>Fabio Savian<\/strong> di Paderno Dugnano, progettista, e <strong>Marco Zuzzi<\/strong> di Teor, incisore.<\/p>\n<p>La meridiana a forma di rana \u00e8 un doppio orologio solare bifronte molto particolare e unico. L\u2019orologio a forma di rana \u00e8 adatto in un contesto come una scuola o un asilo poich\u00e9 la rana ha un aspetto giocoso, soprattutto per i bambini, e ha riferimenti didattici sulla lunghezza delle giornate di luce.<\/p>\n<p>I due occhi sporgenti della rana proiettano sempre due ombre, una indica sul quadrante le ore dall\u2019alba e l\u2019altra indica le ore mancanti al tramonto.<\/p>\n","protected":false},"excerpt":{"rendered":"<p>Collocata nel parco della Scuola d&#8217;infanzia di Aiello, \u00e8 stata realizzata dal lombardo Fabio Saviandi e dal friulana Marco Zuzzi <\/p>\n","protected":false},"author":22,"featured_media":55073,"comment_status":"closed","ping_status":"closed","sticky":false,"template":"","format":"image","meta":{"dwc-title":[""],"dwc-content":[""],"footnotes":""},"categories":[5],"tags":[126,261,826,1781],"class_list":["post-55072","post","type-post","status-publish","format-image","has-post-thumbnail","hentry","category-attualita","tag-aiello","tag-eventi","tag-eventi-fvg","tag-meridiane","post_format-post-format-image"],"rttpg_featured_image_url":{"full":["https:\/\/imagazine.it\/wp-content\/uploads\/2024\/05\/rana-meriadiana.jpeg",1366,872,false],"landscape":["https:\/\/imagazine.it\/wp-content\/uploads\/2024\/05\/rana-meriadiana.jpeg",1366,872,false],"portraits":["https:\/\/imagazine.it\/wp-content\/uploads\/2024\/05\/rana-meriadiana.jpeg",1366,872,false],"thumbnail":["https:\/\/imagazine.it\/wp-content\/uploads\/2024\/05\/rana-meriadiana-150x150.jpeg",150,150,true],"medium":["https:\/\/imagazine.it\/wp-content\/uploads\/2024\/05\/rana-meriadiana-300x192.jpeg",300,192,true],"large":["https:\/\/imagazine.it\/wp-content\/uploads\/2024\/05\/rana-meriadiana-1024x654.jpeg",640,409,true],"thumblist":["https:\/\/imagazine.it\/wp-content\/uploads\/2024\/05\/rana-meriadiana-300x300.jpeg",300,300,true],"thumbrelated":["https:\/\/imagazine.it\/wp-content\/uploads\/2024\/05\/rana-meriadiana-500x500.jpeg",500,500,true],"meccarouselthumb":["https:\/\/imagazine.it\/wp-content\/uploads\/2024\/05\/rana-meriadiana-474x324.jpeg",474,324,true],"gridsquare":["https:\/\/imagazine.it\/wp-content\/uploads\/2024\/05\/rana-meriadiana-391x260.jpeg",391,260,true],"tileview":["https:\/\/imagazine.it\/wp-content\/uploads\/2024\/05\/rana-meriadiana-300x400.jpeg",300,400,true],"1536x1536":["https:\/\/imagazine.it\/wp-content\/uploads\/2024\/05\/rana-meriadiana.jpeg",1366,872,false],"2048x2048":["https:\/\/imagazine.it\/wp-content\/uploads\/2024\/05\/rana-meriadiana.jpeg",1366,872,false],"newsup-slider-full":["https:\/\/imagazine.it\/wp-content\/uploads\/2024\/05\/rana-meriadiana-1280x720.jpeg",1280,720,true],"newsup-featured":["https:\/\/imagazine.it\/wp-content\/uploads\/2024\/05\/rana-meriadiana-1024x654.jpeg",1024,654,true],"newsup-medium":["https:\/\/imagazine.it\/wp-content\/uploads\/2024\/05\/rana-meriadiana-720x380.jpeg",720,380,true],"tptn_thumbnail":["https:\/\/imagazine.it\/wp-content\/uploads\/2024\/05\/rana-meriadiana-250x210.jpeg",250,210,true],"sow-carousel-default":["https:\/\/imagazine.it\/wp-content\/uploads\/2024\/05\/rana-meriadiana.jpeg",272,174,false]},"rttpg_author":{"display_name":"Livio Nonis","author_link":"https:\/\/imagazine.it\/home_desk\/author\/nonis\/"},"rttpg_comment":0,"rttpg_category":"<a href=\"https:\/\/imagazine.it\/home_desk\/category\/attualita\/\" rel=\"category tag\">ATTUALIT\u00c0<\/a>","rttpg_excerpt":"Collocata nel parco della Scuola d'infanzia di Aiello, \u00e8 stata realizzata dal lombardo Fabio Saviandi e dal friulana Marco Zuzzi","_links":{"self":[{"href":"https:\/\/imagazine.it\/home_desk\/wp-json\/wp\/v2\/posts\/55072","targetHints":{"allow":["GET"]}}],"collection":[{"href":"https:\/\/imagazine.it\/home_desk\/wp-json\/wp\/v2\/posts"}],"about":[{"href":"https:\/\/imagazine.it\/home_desk\/wp-json\/wp\/v2\/types\/post"}],"author":[{"embeddable":true,"href":"https:\/\/imagazine.it\/home_desk\/wp-json\/wp\/v2\/users\/22"}],"replies":[{"embeddable":true,"href":"https:\/\/imagazine.it\/home_desk\/wp-json\/wp\/v2\/comments?post=55072"}],"version-history":[{"count":0,"href":"https:\/\/imagazine.it\/home_desk\/wp-json\/wp\/v2\/posts\/55072\/revisions"}],"wp:featuredmedia":[{"embeddable":true,"href":"https:\/\/imagazine.it\/home_desk\/wp-json\/wp\/v2\/media\/55073"}],"wp:attachment":[{"href":"https:\/\/imagazine.it\/home_desk\/wp-json\/wp\/v2\/media?parent=55072"}],"wp:term":[{"taxonomy":"category","embeddable":true,"href":"https:\/\/imagazine.it\/home_desk\/wp-json\/wp\/v2\/categories?post=55072"},{"taxonomy":"post_tag","embeddable":true,"href":"https:\/\/imagazine.it\/home_desk\/wp-json\/wp\/v2\/tags?post=55072"}],"curies":[{"name":"wp","href":"https:\/\/api.w.org\/{rel}","templated":true}]}}