{"id":55063,"date":"2024-05-17T18:47:33","date_gmt":"2024-05-17T16:47:33","guid":{"rendered":"https:\/\/imagazine.it\/home_desk\/?p=55063"},"modified":"2024-05-20T16:39:00","modified_gmt":"2024-05-20T14:39:00","slug":"lessenza-delle-donne","status":"publish","type":"post","link":"https:\/\/imagazine.it\/home_desk\/lessenza-delle-donne\/","title":{"rendered":"L&#8217;essenza delle donne"},"content":{"rendered":"<p><span style=\"font-size: 10pt;\"><em>Lucrezia Armano<\/em><\/span><\/p>\n<p>Il Comitato friulano <strong>DARS &#8211; Donna Arte Ricerca Sperimentazione <\/strong>con sede a Udine ha una lunga e importante storia alle spalle, motore di attivit\u00e0 culturali e artistiche, di ricerca e formazione ma anche editore di cataloghi e libri d\u2019arte.<\/p>\n<p>Con la presidente <strong>Lucrezia Armano <\/strong>lavorano otto artiste e scrittrici artefici di un pensiero \u201cdi parte\u201d delle donne, lontano da un astratto femminile, frutto di esperienza di vita e menti sensibili. Si muovono sul terreno accidentato della storia, delle relazioni interpersonali, delle dinamiche sociali.<\/p>\n<p><strong>Presidente Armano, un\u2019associazione di donne nata quando il femminismo era battaglie per diritti\u00a0<\/strong><strong>da conquistare?<\/strong><\/p>\n<p>\u00abNon un\u2019associazione, ma un gruppo di donne friulane che si ritrovano alla fine degli anni \u201870, diventato \u201ccomitato\u201d nel 1984, rifondato nel 1987 con l\u2019acronimo attuale. In una regione ai margini rispetto ai fermenti delle grandi citt\u00e0 d\u2019Italia, la differenza la fece l\u2019impegno iniziale e di sempre di Dora Bassi, pittrice, scultrice, scrittrice, docente di scultura all\u2019Accademia di Brera, voluta da Dino Basaldella. Ora sarebbe \u201cnormalit\u00e0\u201d ma ai tempi la cattedra di scultura era solo prerogativa maschile. Un\u2019attivit\u00e0 che sul territorio regionale e nazionale incontr\u00f2 altri cammini di ricerca di un linguaggio delle donne nell\u2019ambito della letteratura e delle arti visive non necessariamente legate al femminismo. Un laboratorio interdisciplinare sul linguaggio di genere che ancora oggi ci rappresenta\u00bb.<\/p>\n<p><strong>Quante presidenti si sono avvicendate e che cosa ha caratterizzato la loro guida?<\/strong><\/p>\n<p>\u00abIo sono la quarta presidente. La prima, fino al 1990, fu Dora, seguita da Isabella Deganis fino al 2011, quindi la parentesi di Giuditta Dessy, mia madre. La indico come \u201cparentesi\u201d perch\u00e9 fu eletta in quanto fondatrice ma, per la sua natura schiva e timida, era lontanissima da ruoli pubblici. Fino al 2018 le furono accanto Marina Giovannelli e Gina Morandini. Sono quattro periodi ben diversi con un obiettivo condiviso: tenere viva la memoria storica delle conquiste di genere, sentendo da un lato la responsabilit\u00e0 culturale nel proseguire l\u2019attivit\u00e0, dando spazio al confronto di genere su temi e attualit\u00e0. Le giovani generazioni percepiscono molti aspetti della \u201cparit\u00e0\u201d come assodati e scontati. Quello che temono di pi\u00f9 \u00e8 la violenza di genere, ma poco conoscono del passato e delle donne che hanno permesso di iniziare le agitazioni sociali\u00bb.<\/p>\n<figure id=\"attachment_55064\" aria-describedby=\"caption-attachment-55064\" style=\"width: 1000px\" class=\"wp-caption aligncenter\"><img loading=\"lazy\" decoding=\"async\" class=\"wp-image-55064 size-full\" src=\"https:\/\/imagazine.it\/wp-content\/uploads\/2024\/05\/DARS-1988_-CONFERENZA_-Dora-e-Giuditta.jpg\" alt=\"Dora Bassi e Giuditta Dessy, prime presidenti del DARS, in una conferenza del 1980\" width=\"1000\" height=\"677\" title=\"\" srcset=\"https:\/\/imagazine.it\/wp-content\/uploads\/2024\/05\/DARS-1988_-CONFERENZA_-Dora-e-Giuditta.jpg 1000w, https:\/\/imagazine.it\/wp-content\/uploads\/2024\/05\/DARS-1988_-CONFERENZA_-Dora-e-Giuditta-300x203.jpg 300w, https:\/\/imagazine.it\/wp-content\/uploads\/2024\/05\/DARS-1988_-CONFERENZA_-Dora-e-Giuditta-768x520.jpg 768w\" sizes=\"auto, (max-width: 1000px) 100vw, 1000px\" \/><figcaption id=\"caption-attachment-55064\" class=\"wp-caption-text\">Dora Bassi e Giuditta Dessy, prime presidenti del DARS, in una conferenza del 1980<\/figcaption><\/figure>\n<p><strong>Come riassumere i mandati delle singole presidenti?<\/strong><\/p>\n<p>\u00abDora ha gettato le basi. Trovo queste sue parole significative: \u201c<em>In realt\u00e0 noi (DARS) tentiamo di capire se \u00e8, se sar\u00e0 possibile calare esperienze di vita, di cultura e di sensibilit\u00e0 che portano il segno del femminile nei linguaggi d\u2019arte corrente, visto che sono stati inventati dal segno opposto e ad esso destinati<\/em>\u201d. Questo periodo \u00e8 servito per capire che non era possibile \u201ccodificare\u201d una voce comune tante erano le visioni nella differenza di genere. Isabella Deganis fu un ponte tra gli anni \u201970 e oggi, attenta alle giovani generazioni e per questo a\u00a0lei abbiamo dedicato la Rassegna del Libro d\u2019Artista\u00bb.<\/p>\n<p><strong>Quale rapporto con le istituzioni politiche?<\/strong><\/p>\n<p>\u00abNei 45 anni di attivit\u00e0 c\u2019\u00e8 stata un\u2019evoluzione legata ai tempi e alle generazioni diverse, con la coerente caratteristica di essere un gruppo legato alla cultura e non alla politica\u00bb.<\/p>\n<p><strong>Con gli uomini un rapporto possibile?<\/strong><\/p>\n<p>\u00abIl maschile ha avuto millenni e ancora ha tutto il mondo per esprimersi. Noi siamo impegnate sul rispetto\u00a0della diversit\u00e0 per arrivare alla parit\u00e0, coinvolgendo le giovani generazioni senza distinzione di genere. Importantissima nel nostro percorso \u00e8 la parte didattica nelle scuole e accademie perch\u00e9 la memoria non vada\u00a0perduta. Le conquiste sono costate lunghe lotte e si sta molto poco a fare veloci e pericolosi passi indietro. Basta guardare cosa succede intorno a noi, in Europa e nel mondo\u00bb.<\/p>\n<p><strong>Quale cammino l\u2019ha portata al DARS?<\/strong><\/p>\n<p>\u00abUfficialmente sono sei anni che ricopro il ruolo di presidente, ma in realt\u00e0 ho affiancato la mamma dal\u00a02011 tenendo tutti i contatti istituzionali e occupandomi della parte organizzativa. Il mio cammino con il DARS inizia nel 1984, da adolescente, partecipando a riunioni e mostre. Poi \u00e8 arrivato il mio turno in un momento molto difficile, a causa della scomparsa delle amiche fondatrici e quindi del necessario rinnovamento con l\u2019ingresso di nuove forze. Anno di svolta fu il 2019 con la mostra \u201c<em>Metamorfosi<\/em>\u201d, allestita nelle Gallerie di Palazzo Morpurgo. Da l\u00ec abbiamo dato nuova linfa alla sezione arti visive, oggi sono decine le artiste regionali, nazionali e internazionali che partecipano alla nostra attivit\u00e0 e stiamo lavorando per implementare la sezione ricerca. Per me l\u2019importanza dei rapporti e la creazione di una rete di conoscenze sempre pi\u00f9 estesa sono la base del successo del proprio fare, in ogni ambito\u00bb.<\/p>\n<figure id=\"attachment_55065\" aria-describedby=\"caption-attachment-55065\" style=\"width: 1000px\" class=\"wp-caption aligncenter\"><img loading=\"lazy\" decoding=\"async\" class=\"wp-image-55065 size-full\" src=\"https:\/\/imagazine.it\/wp-content\/uploads\/2024\/05\/DARS-2005_III-PREMIO-BUIESE-Isabella-Deganis.jpg\" alt=\"Isabella Deganis\" width=\"1000\" height=\"619\" title=\"\" srcset=\"https:\/\/imagazine.it\/wp-content\/uploads\/2024\/05\/DARS-2005_III-PREMIO-BUIESE-Isabella-Deganis.jpg 1000w, https:\/\/imagazine.it\/wp-content\/uploads\/2024\/05\/DARS-2005_III-PREMIO-BUIESE-Isabella-Deganis-300x186.jpg 300w, https:\/\/imagazine.it\/wp-content\/uploads\/2024\/05\/DARS-2005_III-PREMIO-BUIESE-Isabella-Deganis-768x475.jpg 768w\" sizes=\"auto, (max-width: 1000px) 100vw, 1000px\" \/><figcaption id=\"caption-attachment-55065\" class=\"wp-caption-text\">Isabella Deganis<\/figcaption><\/figure>\n<p><strong>Quali le priorit\u00e0 del DARS oggi?<\/strong><\/p>\n<p>\u00abLa promozione della soggettivit\u00e0 femminile in un dialogo intergenerazionale, la conoscenza delle voci nuove e lo sviluppo della rete di scambi culturali, anche internazionali, attraverso le nostre iniziative e i progetti <em>Erasmus+ <\/em>di cui siamo partner\u00bb.<\/p>\n<p><strong>Oltre 40 anni di attivit\u00e0: quale il segreto della longevit\u00e0 che smentisce la litigiosit\u00e0 delle donne che non saprebbero far squadra?<\/strong><\/p>\n<p>\u00abA quanti litigi ho assistito! Il segreto sono lo spessore culturale e artistico basato sulla stima di fondo, vero collante nei rapporti, assieme all\u2019amicizia e responsabilit\u00e0 del percorso assieme. Non \u00e8 facile, ma le ultime mostre ci hanno dato molte soddisfazioni in termini di commenti e profondit\u00e0 di vedute\u00bb.<\/p>\n<p><strong>Quali i settori culturali di attivit\u00e0?<\/strong><\/p>\n<p>\u00abArte \u2013 letteratura \u2013 poesia \u2013 storia, mancano il teatro e la musica ma mai dire mai. La mia conoscenza e percorso sono pi\u00f9 spostati sulle arti visive ma c\u2019\u00e8 spazio per la poesia e la letteratura. Siamo sempre alla ricerca di voci nuove. Non siamo un\u2019associazione generica, poggiamo su un\u2019affinit\u00e0 culturale e un sentire incentrato sul femminile\u00bb.<\/p>\n<p><strong>Progetti per la seconda parte del 2024?<\/strong><\/p>\n<p>\u00abTanti. Il 18 maggio si aprir\u00e0 una grande mostra a Cividale del Friuli, dal titolo \u201c<em>I confini della seduzione<\/em>\u201d, che concluder\u00e0 il percorso artistico del progetto \u201c<em>Etica ed estetica del femminile<\/em>\u201d. La mostra offrir\u00e0 le riflessioni di 15 artiste invitate a partecipare con un\u2019opera e di 40 artiste che saranno protagoniste dell\u2019esplosione di un \u201cconfine\u201d in un\u2019opera collettiva. A settembre uscir\u00e0 il terzo volume della collana Archivio, \u201c<em>Madri insieme<\/em>\u201d di Barbara Vuano, un percorso nell\u2019evoluzione del nascere in regione, intervistando levatrici e ostetriche carniche prima dell\u2019apertura del reparto dedicato all\u2019ospedale di Tolmezzo. A luglio avremo la Rassegna internazionale biennale del Libro d\u2019Artista \u201c<em>Come un racconto<\/em>\u201d, unica in Italia, rivolta alle giovani generazioni 14-35 anni. Saremo anche presenti sul territorio con manifestazioni a Prato Carnico, a Maniago e a Udine. Tanto lavoro anche in divenire\u00bb.<\/p>\n<p><strong>Che colore e che fiore sono ideali simboli del DARS?<\/strong><\/p>\n<p>\u00abNel logo compare la rosa, personalmente amo la zagara dal profumo forte e dai frutti potenti. Gli agrumi hanno scorze spesse che li proteggono, i colori del sole, della gioia e del calore, giallo, arancione e rosso, l\u2019interno nutriente e gusto sia dolce che aspro\u00bb.<\/p>\n","protected":false},"excerpt":{"rendered":"<p>Lucrezia Armano presiede da 6 anni il Comitato friulano DARS, una realt\u00e0 che promuove soggettivit\u00e0 femminile in un dialogo intergenerazionale tra arte, letteratura, poesia e storia<\/p>\n","protected":false},"author":23,"featured_media":55066,"comment_status":"closed","ping_status":"closed","sticky":false,"template":"","format":"image","meta":{"dwc-title":[""],"dwc-content":[""],"footnotes":""},"categories":[37],"tags":[165,387,1851,453,568,101],"class_list":["post-55063","post","type-post","status-publish","format-image","has-post-thumbnail","hentry","category-cultura-e-spettacolo","tag-arte","tag-donne","tag-letteratura","tag-poesia","tag-storia","tag-udine","post_format-post-format-image"],"rttpg_featured_image_url":{"full":["https:\/\/imagazine.it\/wp-content\/uploads\/2024\/05\/a_DARS-2018_Lucrezia-al-Libro-dArtista-Udine.jpg",1366,910,false],"landscape":["https:\/\/imagazine.it\/wp-content\/uploads\/2024\/05\/a_DARS-2018_Lucrezia-al-Libro-dArtista-Udine.jpg",1366,910,false],"portraits":["https:\/\/imagazine.it\/wp-content\/uploads\/2024\/05\/a_DARS-2018_Lucrezia-al-Libro-dArtista-Udine.jpg",1366,910,false],"thumbnail":["https:\/\/imagazine.it\/wp-content\/uploads\/2024\/05\/a_DARS-2018_Lucrezia-al-Libro-dArtista-Udine-150x150.jpg",150,150,true],"medium":["https:\/\/imagazine.it\/wp-content\/uploads\/2024\/05\/a_DARS-2018_Lucrezia-al-Libro-dArtista-Udine-300x200.jpg",300,200,true],"large":["https:\/\/imagazine.it\/wp-content\/uploads\/2024\/05\/a_DARS-2018_Lucrezia-al-Libro-dArtista-Udine-1024x682.jpg",640,426,true],"thumblist":["https:\/\/imagazine.it\/wp-content\/uploads\/2024\/05\/a_DARS-2018_Lucrezia-al-Libro-dArtista-Udine-300x300.jpg",300,300,true],"thumbrelated":["https:\/\/imagazine.it\/wp-content\/uploads\/2024\/05\/a_DARS-2018_Lucrezia-al-Libro-dArtista-Udine-500x500.jpg",500,500,true],"meccarouselthumb":["https:\/\/imagazine.it\/wp-content\/uploads\/2024\/05\/a_DARS-2018_Lucrezia-al-Libro-dArtista-Udine-474x324.jpg",474,324,true],"gridsquare":["https:\/\/imagazine.it\/wp-content\/uploads\/2024\/05\/a_DARS-2018_Lucrezia-al-Libro-dArtista-Udine-391x260.jpg",391,260,true],"tileview":["https:\/\/imagazine.it\/wp-content\/uploads\/2024\/05\/a_DARS-2018_Lucrezia-al-Libro-dArtista-Udine-300x400.jpg",300,400,true],"1536x1536":["https:\/\/imagazine.it\/wp-content\/uploads\/2024\/05\/a_DARS-2018_Lucrezia-al-Libro-dArtista-Udine.jpg",1366,910,false],"2048x2048":["https:\/\/imagazine.it\/wp-content\/uploads\/2024\/05\/a_DARS-2018_Lucrezia-al-Libro-dArtista-Udine.jpg",1366,910,false],"newsup-slider-full":["https:\/\/imagazine.it\/wp-content\/uploads\/2024\/05\/a_DARS-2018_Lucrezia-al-Libro-dArtista-Udine-1280x720.jpg",1280,720,true],"newsup-featured":["https:\/\/imagazine.it\/wp-content\/uploads\/2024\/05\/a_DARS-2018_Lucrezia-al-Libro-dArtista-Udine-1024x682.jpg",1024,682,true],"newsup-medium":["https:\/\/imagazine.it\/wp-content\/uploads\/2024\/05\/a_DARS-2018_Lucrezia-al-Libro-dArtista-Udine-720x380.jpg",720,380,true],"tptn_thumbnail":["https:\/\/imagazine.it\/wp-content\/uploads\/2024\/05\/a_DARS-2018_Lucrezia-al-Libro-dArtista-Udine-250x210.jpg",250,210,true],"sow-carousel-default":["https:\/\/imagazine.it\/wp-content\/uploads\/2024\/05\/a_DARS-2018_Lucrezia-al-Libro-dArtista-Udine.jpg",272,182,false]},"rttpg_author":{"display_name":"Margherita Reguitti","author_link":"https:\/\/imagazine.it\/home_desk\/author\/reguitti\/"},"rttpg_comment":0,"rttpg_category":"<a href=\"https:\/\/imagazine.it\/home_desk\/category\/cultura-e-spettacolo\/\" rel=\"category tag\">CULTURA&amp;SPETTACOLO<\/a>","rttpg_excerpt":"Lucrezia Armano presiede da 6 anni il Comitato friulano DARS, una realt\u00e0 che promuove soggettivit\u00e0 femminile in un dialogo intergenerazionale tra arte, letteratura, poesia e storia","_links":{"self":[{"href":"https:\/\/imagazine.it\/home_desk\/wp-json\/wp\/v2\/posts\/55063","targetHints":{"allow":["GET"]}}],"collection":[{"href":"https:\/\/imagazine.it\/home_desk\/wp-json\/wp\/v2\/posts"}],"about":[{"href":"https:\/\/imagazine.it\/home_desk\/wp-json\/wp\/v2\/types\/post"}],"author":[{"embeddable":true,"href":"https:\/\/imagazine.it\/home_desk\/wp-json\/wp\/v2\/users\/23"}],"replies":[{"embeddable":true,"href":"https:\/\/imagazine.it\/home_desk\/wp-json\/wp\/v2\/comments?post=55063"}],"version-history":[{"count":0,"href":"https:\/\/imagazine.it\/home_desk\/wp-json\/wp\/v2\/posts\/55063\/revisions"}],"wp:featuredmedia":[{"embeddable":true,"href":"https:\/\/imagazine.it\/home_desk\/wp-json\/wp\/v2\/media\/55066"}],"wp:attachment":[{"href":"https:\/\/imagazine.it\/home_desk\/wp-json\/wp\/v2\/media?parent=55063"}],"wp:term":[{"taxonomy":"category","embeddable":true,"href":"https:\/\/imagazine.it\/home_desk\/wp-json\/wp\/v2\/categories?post=55063"},{"taxonomy":"post_tag","embeddable":true,"href":"https:\/\/imagazine.it\/home_desk\/wp-json\/wp\/v2\/tags?post=55063"}],"curies":[{"name":"wp","href":"https:\/\/api.w.org\/{rel}","templated":true}]}}