{"id":55019,"date":"2024-05-16T17:11:44","date_gmt":"2024-05-16T15:11:44","guid":{"rendered":"https:\/\/imagazine.it\/home_desk\/?p=55019"},"modified":"2024-05-16T17:11:44","modified_gmt":"2024-05-16T15:11:44","slug":"gorizia-centri-estivi-nel-riqualificato-lenassi","status":"publish","type":"post","link":"https:\/\/imagazine.it\/home_desk\/gorizia-centri-estivi-nel-riqualificato-lenassi\/","title":{"rendered":"Gorizia: centri estivi nel riqualificato Lenassi"},"content":{"rendered":"<p><span style=\"font-size: 10pt;\"><em>In ultimazione i lavori al Centro Lenassi<\/em><\/span><\/p>\n<p>GORIZIA \u2013 Dopo la riqualificazione, il <strong>Centro Lenassi<\/strong> si prepara a ospitare nuovamente i centri estivi comunali.<\/p>\n<p>I lavori di straordinaria manutenzione a cui \u00e8 stato sottoposto l\u2019edificio sono infatti in dirittura: lo stabile di via Vittorio Veneto potr\u00e0 quindi a breve tornare a essere un punto di riferimento per i servizi educativi nelle varie declinazioni, a cominciare dalle attivit\u00e0 estive.<\/p>\n<p>Il Servizio delle attivit\u00e0 educative e scolastiche aprir\u00e0 la <strong>raccolta delle adesioni per i centri estivi<\/strong> <strong>dalle 9 di luned\u00ec 3 giugno alle 9 di gioved\u00ec 6 giugno<\/strong>, attraverso il portale istituzionale e il link dedicato, utilizzando lo SPID.<\/p>\n<h3>I lavori<\/h3>\n<p>L\u2019intervento sul Lenassi \u00e8 stato finanziato per un totale di <strong>due milioni 754mila euro<\/strong>, di cui 800mila provenienti da fondi regionali e un milione 954mila euro di fondi PNRR.<\/p>\n<p>La riqualificazione ha incluso il rifacimento di tutti gli intonaci esterni con puntuali rinforzi strutturali e successiva tinteggiatura, il rifacimento della copertura con annessi interventi di miglioramento strutturale e la sostituzione di quasi tutti i serramenti.<\/p>\n<p>Ad aggiudicarsi l\u2019appalto \u00e8 stata la Friulana Costruzioni srl di Sedegliano. Da completare restano le finiture del basamento, il vialetto principale e i marciapiedi perimetrali. Dopo la conclusione anche degli ultimi lavori si proceder\u00e0 all\u2019inaugurazione.<\/p>\n<h3>Le iscrizioni ai centri estivi<\/h3>\n<p>Per la <strong>fascia d\u2019et\u00e0 3-6 anni<\/strong> le sedi individuate sono le <strong>Scuole dell\u2019infanzia comunali in Corte Sant\u2019Ilario e\u00a0via Romagna<\/strong>,\u00a0con turni bisettimanali a tema: \u201c<em>Lorax, i guardiani della foresta<\/em>\u201d, giochi, esperienze e scoperte sugli elementi naturali.<\/p>\n<p>Inoltre proseguono gli appuntamenti estivi con il <strong>Progetto Nati per Leggere<\/strong>, attraverso una dotazione di libri selezionati e incontri tenuti da una lettrice volontaria.<\/p>\n<p>Dal 1\u00b0 luglio sino al 9 agosto sar\u00e0 attiva la sede di Corte Sant\u2019Ilario, dal 1\u00b0 luglio al 23 agosto quella di Via Romagna. Sar\u00e0 possibile scegliere tra diverse fasce orarie: dalle 7.30 (entrata fino alle 9) alle 13 senza pranzo (merenda compresa), dalle 7.30 alle 14.30 e dalle 7.30 alle 16 compreso il pranzo.<\/p>\n<p>Per la tipologia dei servizi resi, i bambini nati nel 2021 potranno essere iscritti solo a condizione che abbiano frequentato la scuola dell\u2019infanzia come anticipatari.<\/p>\n<p>Per la <strong>fascia d\u2019et\u00e0 6-12 anni <\/strong>la sede sar\u00e0 il Centro Lenassi. La novit\u00e0 sar\u00e0 il <strong>prolungamento sino al 6 settembre<\/strong>: il centro estivo sar\u00e0 avviato luned\u00ec 1\u00b0 luglio, per 5 turni bisettimanali.<\/p>\n<p>Sono previste <strong>tre fasce orarie<\/strong>: dalle 7.30 (entrata fino alle 9) alle 13 senza pranzo (con sola merenda), dalle 7.30 alle 14.30 compreso il pranzo, dalle 7.30 alle 16 compreso il pranzo. Per la tipologia delle attivit\u00e0 proposte, i bambini nati nel 2018 potranno essere accolti solo a condizione che abbiano frequentato la prima classe della scuola primaria.<\/p>\n<p>\u201c<em>GiochiAMO<\/em>\u201d sar\u00e0 il titolo e filo conduttore, con attivit\u00e0 volte a esplorare il gioco in tutte le sue declinazioni: di societ\u00e0, di movimento, di costruzione, cooperativo e da tavolo, insieme a letture e attivit\u00e0 creative utilizzando materiali naturali e di recupero.<\/p>\n<p>Diverse collaborazioni sono gi\u00e0 in programma: la prima con l\u2019<strong>Associazione<\/strong> <strong>Sergio Amidei<\/strong>, che permetter\u00e0 gioved\u00ec 4 luglio a bambini e bambine di assistere a una selezione di cortometraggi di qualit\u00e0 nell\u2019ambito di <em>ShorTS<\/em>, mentre gioved\u00ec 11 luglio la mattinata sar\u00e0 dedicata alla visione di cortometraggi e di un film di animazione proprio in apertura del Festival Internazionale alla migliore sceneggiatura Sergio Amidei.<\/p>\n<p>Gioved\u00ec 25 luglio bambini e bambine saranno coinvolti nel progetto <em>Alfabeto \u2018900<\/em> a cura di Damatr\u00e0, ovvero nell\u2019esplorazione storica e fotografica di un luogo cittadino che racconta una particolare storia novecentesca.<\/p>\n<p>Il pomeriggio le impressioni, emozioni e le immagini diverranno narrazione, attraverso l\u2019abile conduzione del laboratorio di scrittura creativa da parte di <strong>Chiara Carminati<\/strong>.<\/p>\n<p>&nbsp;<\/p>\n<p>Per informazioni: Centro Lenassi Servizio delle Attivit\u00e0 Educative e Scolastiche<\/p>\n<p>0481-383500 per i centri estivi 3-6 anni \/ 0481 383521 per i centri estivi 6-12 anni <a href=\"mailto:educativi@comune.gorizia.it\">educativi@comune.gorizia.it<\/a><\/p>\n","protected":false},"excerpt":{"rendered":"<p>Dal 3 giugno la raccolta delle adesioni. In fase di completamento i lavori di ristrutturazione dell&#8217;edificio di via Vittorio Veneto<\/p>\n","protected":false},"author":28,"featured_media":55020,"comment_status":"closed","ping_status":"closed","sticky":false,"template":"","format":"image","meta":{"dwc-title":[""],"dwc-content":[""],"footnotes":""},"categories":[5],"tags":[546,330,43,1723,820],"class_list":["post-55019","post","type-post","status-publish","format-image","has-post-thumbnail","hentry","category-attualita","tag-bambini","tag-famiglie","tag-gorizia","tag-servizi","tag-sociale","post_format-post-format-image"],"rttpg_featured_image_url":{"full":["https:\/\/imagazine.it\/wp-content\/uploads\/2024\/05\/Lenassi-3.jpg",1366,683,false],"landscape":["https:\/\/imagazine.it\/wp-content\/uploads\/2024\/05\/Lenassi-3.jpg",1366,683,false],"portraits":["https:\/\/imagazine.it\/wp-content\/uploads\/2024\/05\/Lenassi-3.jpg",1366,683,false],"thumbnail":["https:\/\/imagazine.it\/wp-content\/uploads\/2024\/05\/Lenassi-3-150x150.jpg",150,150,true],"medium":["https:\/\/imagazine.it\/wp-content\/uploads\/2024\/05\/Lenassi-3-300x150.jpg",300,150,true],"large":["https:\/\/imagazine.it\/wp-content\/uploads\/2024\/05\/Lenassi-3-1024x512.jpg",640,320,true],"thumblist":["https:\/\/imagazine.it\/wp-content\/uploads\/2024\/05\/Lenassi-3-300x300.jpg",300,300,true],"thumbrelated":["https:\/\/imagazine.it\/wp-content\/uploads\/2024\/05\/Lenassi-3-500x500.jpg",500,500,true],"meccarouselthumb":["https:\/\/imagazine.it\/wp-content\/uploads\/2024\/05\/Lenassi-3-474x324.jpg",474,324,true],"gridsquare":["https:\/\/imagazine.it\/wp-content\/uploads\/2024\/05\/Lenassi-3-391x260.jpg",391,260,true],"tileview":["https:\/\/imagazine.it\/wp-content\/uploads\/2024\/05\/Lenassi-3-300x400.jpg",300,400,true],"1536x1536":["https:\/\/imagazine.it\/wp-content\/uploads\/2024\/05\/Lenassi-3.jpg",1366,683,false],"2048x2048":["https:\/\/imagazine.it\/wp-content\/uploads\/2024\/05\/Lenassi-3.jpg",1366,683,false],"newsup-slider-full":["https:\/\/imagazine.it\/wp-content\/uploads\/2024\/05\/Lenassi-3-1280x683.jpg",1280,683,true],"newsup-featured":["https:\/\/imagazine.it\/wp-content\/uploads\/2024\/05\/Lenassi-3-1024x512.jpg",1024,512,true],"newsup-medium":["https:\/\/imagazine.it\/wp-content\/uploads\/2024\/05\/Lenassi-3-720x380.jpg",720,380,true],"tptn_thumbnail":["https:\/\/imagazine.it\/wp-content\/uploads\/2024\/05\/Lenassi-3-250x210.jpg",250,210,true],"sow-carousel-default":["https:\/\/imagazine.it\/wp-content\/uploads\/2024\/05\/Lenassi-3.jpg",272,136,false]},"rttpg_author":{"display_name":"redazione","author_link":"https:\/\/imagazine.it\/home_desk\/author\/redazione\/"},"rttpg_comment":0,"rttpg_category":"<a href=\"https:\/\/imagazine.it\/home_desk\/category\/attualita\/\" rel=\"category tag\">ATTUALIT\u00c0<\/a>","rttpg_excerpt":"Dal 3 giugno la raccolta delle adesioni. In fase di completamento i lavori di ristrutturazione dell'edificio di via Vittorio Veneto","_links":{"self":[{"href":"https:\/\/imagazine.it\/home_desk\/wp-json\/wp\/v2\/posts\/55019","targetHints":{"allow":["GET"]}}],"collection":[{"href":"https:\/\/imagazine.it\/home_desk\/wp-json\/wp\/v2\/posts"}],"about":[{"href":"https:\/\/imagazine.it\/home_desk\/wp-json\/wp\/v2\/types\/post"}],"author":[{"embeddable":true,"href":"https:\/\/imagazine.it\/home_desk\/wp-json\/wp\/v2\/users\/28"}],"replies":[{"embeddable":true,"href":"https:\/\/imagazine.it\/home_desk\/wp-json\/wp\/v2\/comments?post=55019"}],"version-history":[{"count":0,"href":"https:\/\/imagazine.it\/home_desk\/wp-json\/wp\/v2\/posts\/55019\/revisions"}],"wp:featuredmedia":[{"embeddable":true,"href":"https:\/\/imagazine.it\/home_desk\/wp-json\/wp\/v2\/media\/55020"}],"wp:attachment":[{"href":"https:\/\/imagazine.it\/home_desk\/wp-json\/wp\/v2\/media?parent=55019"}],"wp:term":[{"taxonomy":"category","embeddable":true,"href":"https:\/\/imagazine.it\/home_desk\/wp-json\/wp\/v2\/categories?post=55019"},{"taxonomy":"post_tag","embeddable":true,"href":"https:\/\/imagazine.it\/home_desk\/wp-json\/wp\/v2\/tags?post=55019"}],"curies":[{"name":"wp","href":"https:\/\/api.w.org\/{rel}","templated":true}]}}