{"id":54991,"date":"2024-05-15T16:00:46","date_gmt":"2024-05-15T14:00:46","guid":{"rendered":"https:\/\/imagazine.it\/home_desk\/?p=54991"},"modified":"2024-05-16T15:23:55","modified_gmt":"2024-05-16T13:23:55","slug":"al-burlo-prima-aula-natura-ditalia-in-struttura-ospedaliera","status":"publish","type":"post","link":"https:\/\/imagazine.it\/home_desk\/al-burlo-prima-aula-natura-ditalia-in-struttura-ospedaliera\/","title":{"rendered":"Al Burlo prima Aula Natura d&#8217;Italia in struttura ospedaliera"},"content":{"rendered":"<p><span style=\"font-size: 10pt;\"><em>L&#8217;inaugurazione di Aula Natura al Burlo<\/em><\/span><\/p>\n<p>TRIESTE \u2013 Spazi verdi dove imparare dalla natura ed educare bambini e ragazzi al rispetto dell\u2019ambiente, nelle scuole italiane e, da oggi, anche all\u2019interno di un ospedale pediatrico per offrire spunti formativi e anche terapeutici per i suoi piccoli pazienti.<\/p>\n<p>Mette radici anche a Trieste il <strong>progetto Aule Natura del WWF<\/strong> sostenuto dal 2021 da <strong>Procter &amp; Gamble<\/strong>. Obiettivo della partnership \u00e8 realizzare, <strong>entro il 2024, oltre 60 Aule Natura nelle scuole di tutta Italia<\/strong>.<\/p>\n<p>Questo percorso per trasformare i tradizionali giardini scolastici in vere e proprie aule a cielo aperto \u00e8 approdato anche all\u2019<strong>IRRCS<\/strong> <strong>Burlo Garofolo<\/strong> di Trieste, dove \u00e8 stata <strong>inaugurata oggi<\/strong> <strong>la 74\u00aa Aula Natura <\/strong>realizzata in Italia, <strong>la prima all\u2019interno di un Ospedale Pediatrico<\/strong>.<\/p>\n<h3>Coinvolte le scuole<\/h3>\n<p>Una novit\u00e0 sviluppata all\u2019interno di un pi\u00f9 ampio progetto di riqualificazione degli spazi esterni della struttura e nell\u2019ambito del rapporto convenzionale con l\u2019<strong>Istituto<\/strong> <strong>Comprensivo \u201cDante Alighieri\u201d<\/strong> e il <strong>Liceo Classico e Linguistico \u201cFrancesco Petrarca\u201d<\/strong> per lo svolgimento dell\u2019attivit\u00e0 didattica rivolta ai minori ricoverati presso l\u2019Istituto, denominata \u201c<em>La Scuola in Ospedale<\/em>\u201d e promossa dall\u2019IRRCS Burlo Garofolo.<\/p>\n<p>Introdotto dal benvenuto di <strong>Stefano Dorbol\u00f2<\/strong>, direttore generale del Burlo, e da <strong>Alessia Rosolen<\/strong>, assessore regionale al lavoro, formazione, istruzione, ricerca, universit\u00e0 e famiglia, l\u2019evento inaugurale odierno \u00e8 stato occasione per presentare il progetto dell\u2019Aula Natura, con gli interventi di <strong>Sabrina Pricl Fermeglia<\/strong>, delegato WWF Friuli Venezia Giulia, <strong>Romana Ka\u010di\u010d Lid\u00e9n<\/strong>, <em>Landscape Architect<\/em>, <strong>Chiara Chirico Pisacane<\/strong>, <em>Corporate Communication Account<\/em> WWF Italia, e <strong>Riccardo Calvi<\/strong>, <em>Senior Director Comunicazione<\/em> P&amp;G Italia.<\/p>\n<p>Presentato anche il progetto della \u201cScuola in Ospedale\u201d, con gli interventi di <strong>Giovanna Berizzi<\/strong>, referente regionale <em>Scuola in Ospedale<\/em>, istruzione domiciliare, inclusione e disabilit\u00e0 dell\u2019Ufficio Scolastico Regionale,<strong> Fabia Dell\u2019Antonia<\/strong>, dirigente scolastico dell\u2019Istituto Comprensivo \u201cDante Alighieri\u201d, <strong>Cesira Militello<\/strong>, dirigente scolastico del Liceo Classico e Linguistico \u201cFrancesco Petrarca\u201d.<\/p>\n<p>L\u2019inaugurazione ha visto anche l\u2019intervento di<strong> Serena Tonel<\/strong>, vicesindaco di Trieste, e la partecipazione di <strong>Carmen Matera<\/strong>, referente per l\u2019Inclusione dell\u2019Ufficio scolastico ambito territoriale di Trieste, e <strong>Patrizia Pavatti<\/strong>, direttore del Servizio istruzione, orientamento e diritto allo studio della Direzione centrale lavoro, formazione, istruzione e famiglia, nonch\u00e9 di una rappresentanza degli alunni e dei docenti dell\u2019Istituto Comprensivo \u201cDante Alighieri\u201d e del Liceo Classico e Linguistico \u201cFrancesco Petrarca\u201d.<\/p>\n<h3>Stagno artificiale e giardino delle farfalle<\/h3>\n<p>Realizzata su una <strong>superficie di circa 500 mq<\/strong> all\u2019interno del giardino dell\u2019ospedale, l\u2019<strong>Aula Natura di Trieste<\/strong> si sviluppa su uno spazio sinuoso, con un percorso, arricchito da vegetazione e alberi da frutto, pensato per facilitare ai bambini degenti e ai loro accompagnatori la fruizione di tutti gli elementi tipici dell\u2019Aula Natura. Il sentiero centrale divide gli spazi in un ambiente umido, con lo <strong>stagno artificiale<\/strong> e il <strong>giardino delle farfalle<\/strong> realizzato con fiori nettarini e piante nutrici, e in un ambiente secco, con <strong>piante aromatiche<\/strong> e succulente.<\/p>\n<p>Le <strong>bat box<\/strong>, l\u2019<strong>hotel per gli insetti<\/strong>, le <strong>cassette nido<\/strong> e le <strong>mangiatoie <\/strong>per gli uccelli installate nell\u2019Aula aumentano la biodiversit\u00e0 sostenendo la presenza di insetti e di avifauna, mentre le <strong>sedute di tronchetti in legno<\/strong> e le panchine, unitamente ad una <strong>lavagna<\/strong> e ai <strong>pannelli didattici<\/strong>, consentono agli operatori di organizzare momenti di apprendimento all\u2019aperto per un maggiore coinvolgimento dei bambini, che avranno cos\u00ec modo di conoscere, vedere e toccare con mano fiori, frutti e animali, di osservare il cambio delle stagioni, di vivere il concetto di biodiversit\u00e0 e di diventare anche custodi di tutto questo.<\/p>\n<p>L\u2019Aula Natura permetter\u00e0 ai piccoli degenti \u2013 fino a 136 i posti letto della struttura \u2013 di recuperare il contatto con la natura, un aspetto di vita quotidiana che spesso perdono completamente durante il periodo di ricovero.<\/p>\n<p>Un contributo che si somma a quello del <strong>progetto de \u201c<em>La Scuola in Ospedale<\/em><\/strong><strong>\u201d<\/strong>. Un servizio gratuito, statale, valido ai fini legali, effettuato durante l&#8217;anno scolastico, secondo i calendari scolastici degli istituti che lo gestiscono: l\u2019Istituto Comprensivo \u201cDante Alighieri\u201d, per le sezioni primaria e secondaria di primo grado, e il Liceo Classico e Linguistico \u201cFrancesco Petrarca\u201d di Trieste, per la sezione secondaria di secondo grado.<\/p>\n<p>I docenti collaborano con le <em>equipe<\/em> dei reparti, le famiglie e le scuole territoriali di appartenenza, predisponendo attivit\u00e0 didattiche personalizzate, adatte alle condizioni psicofisiche degli allievi. L&#8217;obiettivo \u00e8 garantire il diritto all&#8217;istruzione anche in una situazione cos\u00ec particolare come quella della malattia-ospedalizzazione e dare modo di continuare le abituali attivit\u00e0.<\/p>\n","protected":false},"excerpt":{"rendered":"<p>In sinergia col progetto \u201cLa Scuola in Ospedale\u201d, per permettere ai bambini degenti di vivere a contatto con il verde<\/p>\n","protected":false},"author":28,"featured_media":54992,"comment_status":"closed","ping_status":"closed","sticky":false,"template":"","format":"image","meta":{"dwc-title":[""],"dwc-content":[""],"footnotes":""},"categories":[6],"tags":[66,546,160,72,95,65,1835],"class_list":["post-54991","post","type-post","status-publish","format-image","has-post-thumbnail","hentry","category-societa","tag-ambiente","tag-bambini","tag-burlo","tag-natura","tag-sanita","tag-trieste","tag-wwf","post_format-post-format-image"],"rttpg_featured_image_url":{"full":["https:\/\/imagazine.it\/wp-content\/uploads\/2024\/05\/aulaNatura.jpg",1366,911,false],"landscape":["https:\/\/imagazine.it\/wp-content\/uploads\/2024\/05\/aulaNatura.jpg",1366,911,false],"portraits":["https:\/\/imagazine.it\/wp-content\/uploads\/2024\/05\/aulaNatura.jpg",1366,911,false],"thumbnail":["https:\/\/imagazine.it\/wp-content\/uploads\/2024\/05\/aulaNatura-150x150.jpg",150,150,true],"medium":["https:\/\/imagazine.it\/wp-content\/uploads\/2024\/05\/aulaNatura-300x200.jpg",300,200,true],"large":["https:\/\/imagazine.it\/wp-content\/uploads\/2024\/05\/aulaNatura-1024x683.jpg",640,427,true],"thumblist":["https:\/\/imagazine.it\/wp-content\/uploads\/2024\/05\/aulaNatura-300x300.jpg",300,300,true],"thumbrelated":["https:\/\/imagazine.it\/wp-content\/uploads\/2024\/05\/aulaNatura-500x500.jpg",500,500,true],"meccarouselthumb":["https:\/\/imagazine.it\/wp-content\/uploads\/2024\/05\/aulaNatura-474x324.jpg",474,324,true],"gridsquare":["https:\/\/imagazine.it\/wp-content\/uploads\/2024\/05\/aulaNatura-391x260.jpg",391,260,true],"tileview":["https:\/\/imagazine.it\/wp-content\/uploads\/2024\/05\/aulaNatura-300x400.jpg",300,400,true],"1536x1536":["https:\/\/imagazine.it\/wp-content\/uploads\/2024\/05\/aulaNatura.jpg",1366,911,false],"2048x2048":["https:\/\/imagazine.it\/wp-content\/uploads\/2024\/05\/aulaNatura.jpg",1366,911,false],"newsup-slider-full":["https:\/\/imagazine.it\/wp-content\/uploads\/2024\/05\/aulaNatura-1280x720.jpg",1280,720,true],"newsup-featured":["https:\/\/imagazine.it\/wp-content\/uploads\/2024\/05\/aulaNatura-1024x683.jpg",1024,683,true],"newsup-medium":["https:\/\/imagazine.it\/wp-content\/uploads\/2024\/05\/aulaNatura-720x380.jpg",720,380,true],"tptn_thumbnail":["https:\/\/imagazine.it\/wp-content\/uploads\/2024\/05\/aulaNatura-250x210.jpg",250,210,true],"sow-carousel-default":["https:\/\/imagazine.it\/wp-content\/uploads\/2024\/05\/aulaNatura.jpg",272,182,false]},"rttpg_author":{"display_name":"redazione","author_link":"https:\/\/imagazine.it\/home_desk\/author\/redazione\/"},"rttpg_comment":0,"rttpg_category":"<a href=\"https:\/\/imagazine.it\/home_desk\/category\/societa\/\" rel=\"category tag\">SOCIET\u00c0<\/a>","rttpg_excerpt":"In sinergia col progetto \u201cLa Scuola in Ospedale\u201d, per permettere ai bambini degenti di vivere a contatto con il verde","_links":{"self":[{"href":"https:\/\/imagazine.it\/home_desk\/wp-json\/wp\/v2\/posts\/54991","targetHints":{"allow":["GET"]}}],"collection":[{"href":"https:\/\/imagazine.it\/home_desk\/wp-json\/wp\/v2\/posts"}],"about":[{"href":"https:\/\/imagazine.it\/home_desk\/wp-json\/wp\/v2\/types\/post"}],"author":[{"embeddable":true,"href":"https:\/\/imagazine.it\/home_desk\/wp-json\/wp\/v2\/users\/28"}],"replies":[{"embeddable":true,"href":"https:\/\/imagazine.it\/home_desk\/wp-json\/wp\/v2\/comments?post=54991"}],"version-history":[{"count":0,"href":"https:\/\/imagazine.it\/home_desk\/wp-json\/wp\/v2\/posts\/54991\/revisions"}],"wp:featuredmedia":[{"embeddable":true,"href":"https:\/\/imagazine.it\/home_desk\/wp-json\/wp\/v2\/media\/54992"}],"wp:attachment":[{"href":"https:\/\/imagazine.it\/home_desk\/wp-json\/wp\/v2\/media?parent=54991"}],"wp:term":[{"taxonomy":"category","embeddable":true,"href":"https:\/\/imagazine.it\/home_desk\/wp-json\/wp\/v2\/categories?post=54991"},{"taxonomy":"post_tag","embeddable":true,"href":"https:\/\/imagazine.it\/home_desk\/wp-json\/wp\/v2\/tags?post=54991"}],"curies":[{"name":"wp","href":"https:\/\/api.w.org\/{rel}","templated":true}]}}