{"id":54974,"date":"2024-05-15T12:08:55","date_gmt":"2024-05-15T10:08:55","guid":{"rendered":"https:\/\/imagazine.it\/home_desk\/?p=54974"},"modified":"2024-05-15T18:03:36","modified_gmt":"2024-05-15T16:03:36","slug":"cybersecurity-udine-vince-il-bando-pnrr","status":"publish","type":"post","link":"https:\/\/imagazine.it\/home_desk\/cybersecurity-udine-vince-il-bando-pnrr\/","title":{"rendered":"Cybersecurity: Udine vince il bando PNRR"},"content":{"rendered":"<p><em><span style=\"font-size: 10pt;\">Gian Luca Foresti<\/span><\/em><\/p>\n<p>UDINE \u2013 Prevenire e contrastare attacchi informatici e monitorare possibili vulnerabilit\u00e0 della rete e dei dispositivi.<\/p>\n<p>\u00c8 il focus del <strong>progetto di ricerca nazionale Covert<\/strong> <strong>coordinato <\/strong>dall\u2019<strong>Universit\u00e0 di Udine<\/strong> che ha vinto un bando del Piano nazionale di ripresa e resilienza (Pnrr) del <strong>valore di 1 milione 500mila euro<\/strong>.<\/p>\n<p>La ricerca \u00e8 coordinata da <strong>Gian Luca Foresti<\/strong>, docente di <em>cybersecurity<\/em> e <em>artificial vision<\/em> del Dipartimento di Scienze matematiche, informatiche e fisiche e direttore del master in \u201c<em>Intelligence and emerging technologies<\/em>\u201d.<\/p>\n<p>Il progetto di ricerca \u00e8 sviluppato in partenariato con altri cinque atenei: Politecnico di Milano, Universit\u00e0 di Perugia, Link Campus University, Universit\u00e0 di Trento e Universit\u00e0 di Verona.<\/p>\n<h3><strong>Gli obiettivi specifici<\/strong><\/h3>\n<p>Le attivit\u00e0 che saranno sviluppate riguarderanno lo specifico ambito \u201c<em>Attacks and defences<\/em>\u201d della sicurezza informatica. Il progetto analizzer\u00e0 le tecnologie emergenti per il rilevamento di attacchi informatici alle reti dati che ogni giorno diventano sempre pi\u00f9 subdoli e aggressivi. Gli obiettivi correlati riguarderanno quattro macro aree. In particolare, lo sviluppo di strumenti avanzati per l\u2019analisi di malware e virus informatici, di strumenti di analisi del traffico di rete per identificare e prevenire varie tipologie di attacchi informatici, di sistemi di apprendimento automatico e l\u2019analisi dei fattori umani coinvolti in un attacco.<\/p>\n<h3><strong>Dalla ricerca all\u2019applicazione pratica<\/strong><\/h3>\n<p>\u00abIl gruppo di ricerca dell\u2019Universit\u00e0 di Udine \u2013 spiega il professor <strong>Foresti<\/strong> \u2013 si focalizzer\u00e0 sullo studio e sullo sviluppo di algoritmi di machine\/deep learning di tipo non supervisionato in grado di monitorare gli eventi anomali all\u2019interno di reti complesse con migliaia di dispositivi e di utenti oltre che sull\u2019analisi di possibili vulnerabilit\u00e0 hardware e software. I risultati del progetto potranno essere direttamente utilizzati per aumentare le difese da attacchi informatici di aziende e enti pubblici del territorio\u00bb.<\/p>\n<p>Il progetto, denominato \u201c<em>In search of evidence of stealth cyber threats<\/em>\u201d (Covert), si colloca all\u2019interno del bando a cascata del Pnrr \u2013 Missione 4 \u201cIstruzione e ricerca\u201d su attivit\u00e0 di ricerca nell\u2019ambito del \u201c<em>Security rights in cyber space \u2013 Serics<\/em>\u201d.<\/p>\n","protected":false},"excerpt":{"rendered":"<p>In partenariato con altri cinque atenei italiani, l&#8217;Universit\u00e0 friulana ottiene 1,5 milioni di euro per un progetto di sicurezza informatica e ricerca <\/p>\n","protected":false},"author":28,"featured_media":54975,"comment_status":"closed","ping_status":"closed","sticky":false,"template":"","format":"image","meta":{"dwc-title":[""],"dwc-content":[""],"footnotes":""},"categories":[5],"tags":[1833,1633,98,101,206,388],"class_list":["post-54974","post","type-post","status-publish","format-image","has-post-thumbnail","hentry","category-attualita","tag-cybesecurity","tag-informatica","tag-ricerca","tag-udine","tag-uniud","tag-universita","post_format-post-format-image"],"rttpg_featured_image_url":{"full":["https:\/\/imagazine.it\/wp-content\/uploads\/2024\/05\/Gian-Luca-Foresti.jpg",1366,893,false],"landscape":["https:\/\/imagazine.it\/wp-content\/uploads\/2024\/05\/Gian-Luca-Foresti.jpg",1366,893,false],"portraits":["https:\/\/imagazine.it\/wp-content\/uploads\/2024\/05\/Gian-Luca-Foresti.jpg",1366,893,false],"thumbnail":["https:\/\/imagazine.it\/wp-content\/uploads\/2024\/05\/Gian-Luca-Foresti-150x150.jpg",150,150,true],"medium":["https:\/\/imagazine.it\/wp-content\/uploads\/2024\/05\/Gian-Luca-Foresti-300x196.jpg",300,196,true],"large":["https:\/\/imagazine.it\/wp-content\/uploads\/2024\/05\/Gian-Luca-Foresti-1024x669.jpg",640,418,true],"thumblist":["https:\/\/imagazine.it\/wp-content\/uploads\/2024\/05\/Gian-Luca-Foresti-300x300.jpg",300,300,true],"thumbrelated":["https:\/\/imagazine.it\/wp-content\/uploads\/2024\/05\/Gian-Luca-Foresti-500x500.jpg",500,500,true],"meccarouselthumb":["https:\/\/imagazine.it\/wp-content\/uploads\/2024\/05\/Gian-Luca-Foresti-474x324.jpg",474,324,true],"gridsquare":["https:\/\/imagazine.it\/wp-content\/uploads\/2024\/05\/Gian-Luca-Foresti-391x260.jpg",391,260,true],"tileview":["https:\/\/imagazine.it\/wp-content\/uploads\/2024\/05\/Gian-Luca-Foresti-300x400.jpg",300,400,true],"1536x1536":["https:\/\/imagazine.it\/wp-content\/uploads\/2024\/05\/Gian-Luca-Foresti.jpg",1366,893,false],"2048x2048":["https:\/\/imagazine.it\/wp-content\/uploads\/2024\/05\/Gian-Luca-Foresti.jpg",1366,893,false],"newsup-slider-full":["https:\/\/imagazine.it\/wp-content\/uploads\/2024\/05\/Gian-Luca-Foresti-1280x720.jpg",1280,720,true],"newsup-featured":["https:\/\/imagazine.it\/wp-content\/uploads\/2024\/05\/Gian-Luca-Foresti-1024x669.jpg",1024,669,true],"newsup-medium":["https:\/\/imagazine.it\/wp-content\/uploads\/2024\/05\/Gian-Luca-Foresti-720x380.jpg",720,380,true],"tptn_thumbnail":["https:\/\/imagazine.it\/wp-content\/uploads\/2024\/05\/Gian-Luca-Foresti-250x210.jpg",250,210,true],"sow-carousel-default":["https:\/\/imagazine.it\/wp-content\/uploads\/2024\/05\/Gian-Luca-Foresti.jpg",272,178,false]},"rttpg_author":{"display_name":"redazione","author_link":"https:\/\/imagazine.it\/home_desk\/author\/redazione\/"},"rttpg_comment":0,"rttpg_category":"<a href=\"https:\/\/imagazine.it\/home_desk\/category\/attualita\/\" rel=\"category tag\">ATTUALIT\u00c0<\/a>","rttpg_excerpt":"In partenariato con altri cinque atenei italiani, l'Universit\u00e0 friulana ottiene 1,5 milioni di euro per un progetto di sicurezza informatica e ricerca","_links":{"self":[{"href":"https:\/\/imagazine.it\/home_desk\/wp-json\/wp\/v2\/posts\/54974","targetHints":{"allow":["GET"]}}],"collection":[{"href":"https:\/\/imagazine.it\/home_desk\/wp-json\/wp\/v2\/posts"}],"about":[{"href":"https:\/\/imagazine.it\/home_desk\/wp-json\/wp\/v2\/types\/post"}],"author":[{"embeddable":true,"href":"https:\/\/imagazine.it\/home_desk\/wp-json\/wp\/v2\/users\/28"}],"replies":[{"embeddable":true,"href":"https:\/\/imagazine.it\/home_desk\/wp-json\/wp\/v2\/comments?post=54974"}],"version-history":[{"count":0,"href":"https:\/\/imagazine.it\/home_desk\/wp-json\/wp\/v2\/posts\/54974\/revisions"}],"wp:featuredmedia":[{"embeddable":true,"href":"https:\/\/imagazine.it\/home_desk\/wp-json\/wp\/v2\/media\/54975"}],"wp:attachment":[{"href":"https:\/\/imagazine.it\/home_desk\/wp-json\/wp\/v2\/media?parent=54974"}],"wp:term":[{"taxonomy":"category","embeddable":true,"href":"https:\/\/imagazine.it\/home_desk\/wp-json\/wp\/v2\/categories?post=54974"},{"taxonomy":"post_tag","embeddable":true,"href":"https:\/\/imagazine.it\/home_desk\/wp-json\/wp\/v2\/tags?post=54974"}],"curies":[{"name":"wp","href":"https:\/\/api.w.org\/{rel}","templated":true}]}}