{"id":54838,"date":"2024-05-13T15:27:47","date_gmt":"2024-05-13T13:27:47","guid":{"rendered":"https:\/\/imagazine.it\/home_desk\/?p=54838"},"modified":"2024-05-14T11:53:47","modified_gmt":"2024-05-14T09:53:47","slug":"nasce-la-prima-via-transfrontaliera-europea-delle-api","status":"publish","type":"post","link":"https:\/\/imagazine.it\/home_desk\/nasce-la-prima-via-transfrontaliera-europea-delle-api\/","title":{"rendered":"Nasce la prima Via transfrontaliera europea delle api"},"content":{"rendered":"<p><span style=\"font-size: 10pt;\"><em>La presentazione alla stampa dell&#8217;iniziativa<\/em><\/span><\/p>\n<p>GORIZIA \u2013 Le api diventano protagoniste di Go!2025 con\u00a0<strong><em>Go!Bees<\/em><\/strong>.<\/p>\n<p>Si tratta di un\u2019iniziativa nata dalla collaborazione fra i Comuni di Gorizia e Nova Gorica, il Gect e realt\u00e0 locali come Confcommercio, il Consorzio apicoltori, il museo Comel, l\u2019associazione Mitteldream, il Consorzio apicoltori di Nova Gorica, la Camera per l\u2019artigianato di Nova Gorica e il Centro per la conservazione e valorizzazione delle tradizioni di Borgo San Rocco, a cui si sono aggiunti anche singoli cittadini.<\/p>\n<p>Al centro dell\u2019evento c\u2019\u00e8 la prima <strong>Via transfrontaliera delle api europea<\/strong>, ovvero una <strong>mappa del territorio a cavallo del confine con i siti in cui sono state piantate o implementate piante amiche delle api<\/strong>.<\/p>\n<p>L\u2019inaugurazione \u00e8 prevista per sabato 18 maggio, alle 12, in via Cappella.<\/p>\n<p>Dalla Capitale europea della cultura parte quindi un messaggio per la tutela delle api e la salvaguardia dell\u2019ambiente, tenendo conto che dalla quotidiana attivit\u00e0 di impollinazione dipende circa il 70% delle colture di interesse alimentare e quasi il 90% delle piante selvatiche.<\/p>\n<p><em>Go!Bees<\/em> inizier\u00e0 gi\u00e0 prima dell\u2019inaugurazione della Via delle api: <strong>da gioved\u00ec 16 fino a domenica 26 maggio<\/strong> potranno essere gustati \u201c<em>I piatti dell\u2019alveare<\/em>\u201d, nell\u2019ambito della rassegna gastronomica realizzata da oltre trenta ristoranti e pubblici esercizi di Gorizia e Nova Gorica, che, per la prima volta nella storia delle due citt\u00e0, hanno messo a punto insieme un calendario di proposte.<\/p>\n<p>Si potr\u00e0 spaziare dalle colazioni ai dopo cena, passando per i cocktail e per i menu degustazione completi, tutto a base di prodotti delle api.<\/p>\n<p>Sempre nell\u2019ambito di <em>GO!Bees<\/em>, saranno proposti da studi specializzati anche massaggi e trattamenti di bellezza.<\/p>\n<p>Inoltre per tutto il mese si susseguiranno anche mostre, esposizioni nelle vetrine e altri appuntamenti, dedicati al 20 maggio, giorno in cui ricorre la Giornata internazionale delle api,\u00a0volta a sensibilizzare l&#8217;opinione pubblica sull&#8217;importanza degli impollinatori, sulle minacce che affrontano e sul loro contributo allo sviluppo sostenibile.<\/p>\n<p>L&#8217;esposizione\u00a0<em>Api amiche preziose<\/em>, con foto realizzate dai soci di Mitteldream, sar\u00e0 allestita nelle vetrine di una ventina di attivit\u00e0 commerciali cittadine. Gli scatti dei fotografi del sodalizio saranno esposti anche nelle vetrine dell&#8217;Arte della Sala Dora Bassi di via Garibaldi, con il titolo\u00a0<em>Miele d&#8217;atelier 2024<\/em>.<\/p>\n<p>Al Museo Comel di via Brigata Avellino 4 sar\u00e0 inaugurata marted\u00ec 14 alle 17.30 la mostra sulle api e la biodiversit\u00e0 nel progetto Calvario.<\/p>\n<p>La Casa dell&#8217;Ape parteciper\u00e0 al programma con una visita guidata con degustazione sabato 25 maggio alle 10. Per le prenotazioni:\u00a0<a href=\"mailto:lacasadellapecooperativa@gmail.com\">lacasadellapecooperativa@gmail.com<\/a>\u00a0e 335 6615457.<\/p>\n<p>Nell&#8217;ambito del concorso <em>Giardini e balconi fioriti<\/em>, mercoled\u00ec 15 ci sar\u00e0 una passeggiata guidata dal naturalista Pierpaolo Merluzzi alle 17.30. Per informazioni e iscrizioni:\u00a0<a href=\"mailto:info@borcasanroc.it\">info@borcasanroc.it<\/a>.<\/p>\n","protected":false},"excerpt":{"rendered":"<p>Una mappa del territorio tra Gorizia e Nova Gorica con i siti in cui sono state piantate o implementate piante amiche dei preziosi insetti<\/p>\n","protected":false},"author":28,"featured_media":54839,"comment_status":"closed","ping_status":"closed","sticky":false,"template":"","format":"image","meta":{"dwc-title":[""],"dwc-content":[""],"footnotes":""},"categories":[5],"tags":[66,1600,123,43,72,184],"class_list":["post-54838","post","type-post","status-publish","format-image","has-post-thumbnail","hentry","category-attualita","tag-ambiente","tag-api","tag-go2025","tag-gorizia","tag-natura","tag-nova-gorica","post_format-post-format-image"],"rttpg_featured_image_url":{"full":["https:\/\/imagazine.it\/wp-content\/uploads\/2024\/05\/Go-Bees.jpeg",1366,856,false],"landscape":["https:\/\/imagazine.it\/wp-content\/uploads\/2024\/05\/Go-Bees.jpeg",1366,856,false],"portraits":["https:\/\/imagazine.it\/wp-content\/uploads\/2024\/05\/Go-Bees.jpeg",1366,856,false],"thumbnail":["https:\/\/imagazine.it\/wp-content\/uploads\/2024\/05\/Go-Bees-150x150.jpeg",150,150,true],"medium":["https:\/\/imagazine.it\/wp-content\/uploads\/2024\/05\/Go-Bees-300x188.jpeg",300,188,true],"large":["https:\/\/imagazine.it\/wp-content\/uploads\/2024\/05\/Go-Bees-1024x642.jpeg",640,401,true],"thumblist":["https:\/\/imagazine.it\/wp-content\/uploads\/2024\/05\/Go-Bees-300x300.jpeg",300,300,true],"thumbrelated":["https:\/\/imagazine.it\/wp-content\/uploads\/2024\/05\/Go-Bees-500x500.jpeg",500,500,true],"meccarouselthumb":["https:\/\/imagazine.it\/wp-content\/uploads\/2024\/05\/Go-Bees-474x324.jpeg",474,324,true],"gridsquare":["https:\/\/imagazine.it\/wp-content\/uploads\/2024\/05\/Go-Bees-391x260.jpeg",391,260,true],"tileview":["https:\/\/imagazine.it\/wp-content\/uploads\/2024\/05\/Go-Bees-300x400.jpeg",300,400,true],"1536x1536":["https:\/\/imagazine.it\/wp-content\/uploads\/2024\/05\/Go-Bees.jpeg",1366,856,false],"2048x2048":["https:\/\/imagazine.it\/wp-content\/uploads\/2024\/05\/Go-Bees.jpeg",1366,856,false],"newsup-slider-full":["https:\/\/imagazine.it\/wp-content\/uploads\/2024\/05\/Go-Bees-1280x720.jpeg",1280,720,true],"newsup-featured":["https:\/\/imagazine.it\/wp-content\/uploads\/2024\/05\/Go-Bees-1024x642.jpeg",1024,642,true],"newsup-medium":["https:\/\/imagazine.it\/wp-content\/uploads\/2024\/05\/Go-Bees-720x380.jpeg",720,380,true],"tptn_thumbnail":["https:\/\/imagazine.it\/wp-content\/uploads\/2024\/05\/Go-Bees-250x210.jpeg",250,210,true],"sow-carousel-default":["https:\/\/imagazine.it\/wp-content\/uploads\/2024\/05\/Go-Bees.jpeg",272,170,false]},"rttpg_author":{"display_name":"redazione","author_link":"https:\/\/imagazine.it\/home_desk\/author\/redazione\/"},"rttpg_comment":0,"rttpg_category":"<a href=\"https:\/\/imagazine.it\/home_desk\/category\/attualita\/\" rel=\"category tag\">ATTUALIT\u00c0<\/a>","rttpg_excerpt":"Una mappa del territorio tra Gorizia e Nova Gorica con i siti in cui sono state piantate o implementate piante amiche dei preziosi insetti","_links":{"self":[{"href":"https:\/\/imagazine.it\/home_desk\/wp-json\/wp\/v2\/posts\/54838","targetHints":{"allow":["GET"]}}],"collection":[{"href":"https:\/\/imagazine.it\/home_desk\/wp-json\/wp\/v2\/posts"}],"about":[{"href":"https:\/\/imagazine.it\/home_desk\/wp-json\/wp\/v2\/types\/post"}],"author":[{"embeddable":true,"href":"https:\/\/imagazine.it\/home_desk\/wp-json\/wp\/v2\/users\/28"}],"replies":[{"embeddable":true,"href":"https:\/\/imagazine.it\/home_desk\/wp-json\/wp\/v2\/comments?post=54838"}],"version-history":[{"count":0,"href":"https:\/\/imagazine.it\/home_desk\/wp-json\/wp\/v2\/posts\/54838\/revisions"}],"wp:featuredmedia":[{"embeddable":true,"href":"https:\/\/imagazine.it\/home_desk\/wp-json\/wp\/v2\/media\/54839"}],"wp:attachment":[{"href":"https:\/\/imagazine.it\/home_desk\/wp-json\/wp\/v2\/media?parent=54838"}],"wp:term":[{"taxonomy":"category","embeddable":true,"href":"https:\/\/imagazine.it\/home_desk\/wp-json\/wp\/v2\/categories?post=54838"},{"taxonomy":"post_tag","embeddable":true,"href":"https:\/\/imagazine.it\/home_desk\/wp-json\/wp\/v2\/tags?post=54838"}],"curies":[{"name":"wp","href":"https:\/\/api.w.org\/{rel}","templated":true}]}}