{"id":54821,"date":"2024-05-13T11:32:15","date_gmt":"2024-05-13T09:32:15","guid":{"rendered":"https:\/\/imagazine.it\/home_desk\/?p=54821"},"modified":"2024-05-13T11:32:15","modified_gmt":"2024-05-13T09:32:15","slug":"imprenditore-di-ruda-dona-mele-ai-bisognosi","status":"publish","type":"post","link":"https:\/\/imagazine.it\/home_desk\/imprenditore-di-ruda-dona-mele-ai-bisognosi\/","title":{"rendered":"Imprenditore di Ruda dona mele ai bisognosi"},"content":{"rendered":"<p><span style=\"font-size: 10pt;\"><em>I volontari degli empori della solidariet\u00e0 recuperano le mele donate<\/em><\/span><\/p>\n<p>RUDA \u2013 Il gesto di offrire gratuitamente le mele, destinate ai <strong>negozi degli empori della solidariet\u00e0 dell&#8217;arcidiocesi di Gorizia e a molte parrocchie<\/strong>, ha un significato umano profondo.<\/p>\n<p>\u00c8 quanto fatto da un\u2019<strong>azienda agricola di Ruda<\/strong> \u2013 che desidera rimanere anonima \u2013, in favore delle persone bisognose.<\/p>\n<p><strong>Circa 100 quintali di mele<\/strong> sono infatti stati smistati dai volontari dei diversi empori della solidariet\u00e0 e sono gi\u00e0 a disposizione dell\u2019utenza.<\/p>\n<p>L\u2019auspicio dell\u2019azienda donatrice \u00e8 che anche altre realt\u00e0 seguano questo esempio, creando un effetto domino di generosit\u00e0.<\/p>\n","protected":false},"excerpt":{"rendered":"<p>Un&#8217;azienda agricola ne ha consegnate cento quintali ai volontari degli empori della solidariet\u00e0 dell&#8217;arcidiocesi di Gorizia <\/p>\n","protected":false},"author":22,"featured_media":54822,"comment_status":"closed","ping_status":"closed","sticky":false,"template":"","format":"image","meta":{"dwc-title":[""],"dwc-content":[""],"footnotes":""},"categories":[5],"tags":[1309,212,145],"class_list":["post-54821","post","type-post","status-publish","format-image","has-post-thumbnail","hentry","category-attualita","tag-poverta","tag-ruda","tag-solidarieta","post_format-post-format-image"],"rttpg_featured_image_url":{"full":["https:\/\/imagazine.it\/wp-content\/uploads\/2024\/05\/donazione-mele.jpg",1366,851,false],"landscape":["https:\/\/imagazine.it\/wp-content\/uploads\/2024\/05\/donazione-mele.jpg",1366,851,false],"portraits":["https:\/\/imagazine.it\/wp-content\/uploads\/2024\/05\/donazione-mele.jpg",1366,851,false],"thumbnail":["https:\/\/imagazine.it\/wp-content\/uploads\/2024\/05\/donazione-mele-150x150.jpg",150,150,true],"medium":["https:\/\/imagazine.it\/wp-content\/uploads\/2024\/05\/donazione-mele-300x187.jpg",300,187,true],"large":["https:\/\/imagazine.it\/wp-content\/uploads\/2024\/05\/donazione-mele-1024x638.jpg",640,399,true],"thumblist":["https:\/\/imagazine.it\/wp-content\/uploads\/2024\/05\/donazione-mele-300x300.jpg",300,300,true],"thumbrelated":["https:\/\/imagazine.it\/wp-content\/uploads\/2024\/05\/donazione-mele-500x500.jpg",500,500,true],"meccarouselthumb":["https:\/\/imagazine.it\/wp-content\/uploads\/2024\/05\/donazione-mele-474x324.jpg",474,324,true],"gridsquare":["https:\/\/imagazine.it\/wp-content\/uploads\/2024\/05\/donazione-mele-391x260.jpg",391,260,true],"tileview":["https:\/\/imagazine.it\/wp-content\/uploads\/2024\/05\/donazione-mele-300x400.jpg",300,400,true],"1536x1536":["https:\/\/imagazine.it\/wp-content\/uploads\/2024\/05\/donazione-mele.jpg",1366,851,false],"2048x2048":["https:\/\/imagazine.it\/wp-content\/uploads\/2024\/05\/donazione-mele.jpg",1366,851,false],"newsup-slider-full":["https:\/\/imagazine.it\/wp-content\/uploads\/2024\/05\/donazione-mele-1280x720.jpg",1280,720,true],"newsup-featured":["https:\/\/imagazine.it\/wp-content\/uploads\/2024\/05\/donazione-mele-1024x638.jpg",1024,638,true],"newsup-medium":["https:\/\/imagazine.it\/wp-content\/uploads\/2024\/05\/donazione-mele-720x380.jpg",720,380,true],"tptn_thumbnail":["https:\/\/imagazine.it\/wp-content\/uploads\/2024\/05\/donazione-mele-250x210.jpg",250,210,true],"sow-carousel-default":["https:\/\/imagazine.it\/wp-content\/uploads\/2024\/05\/donazione-mele.jpg",272,169,false]},"rttpg_author":{"display_name":"Livio Nonis","author_link":"https:\/\/imagazine.it\/home_desk\/author\/nonis\/"},"rttpg_comment":0,"rttpg_category":"<a href=\"https:\/\/imagazine.it\/home_desk\/category\/attualita\/\" rel=\"category tag\">ATTUALIT\u00c0<\/a>","rttpg_excerpt":"Un'azienda agricola ne ha consegnate cento quintali ai volontari degli empori della solidariet\u00e0 dell'arcidiocesi di Gorizia","_links":{"self":[{"href":"https:\/\/imagazine.it\/home_desk\/wp-json\/wp\/v2\/posts\/54821","targetHints":{"allow":["GET"]}}],"collection":[{"href":"https:\/\/imagazine.it\/home_desk\/wp-json\/wp\/v2\/posts"}],"about":[{"href":"https:\/\/imagazine.it\/home_desk\/wp-json\/wp\/v2\/types\/post"}],"author":[{"embeddable":true,"href":"https:\/\/imagazine.it\/home_desk\/wp-json\/wp\/v2\/users\/22"}],"replies":[{"embeddable":true,"href":"https:\/\/imagazine.it\/home_desk\/wp-json\/wp\/v2\/comments?post=54821"}],"version-history":[{"count":0,"href":"https:\/\/imagazine.it\/home_desk\/wp-json\/wp\/v2\/posts\/54821\/revisions"}],"wp:featuredmedia":[{"embeddable":true,"href":"https:\/\/imagazine.it\/home_desk\/wp-json\/wp\/v2\/media\/54822"}],"wp:attachment":[{"href":"https:\/\/imagazine.it\/home_desk\/wp-json\/wp\/v2\/media?parent=54821"}],"wp:term":[{"taxonomy":"category","embeddable":true,"href":"https:\/\/imagazine.it\/home_desk\/wp-json\/wp\/v2\/categories?post=54821"},{"taxonomy":"post_tag","embeddable":true,"href":"https:\/\/imagazine.it\/home_desk\/wp-json\/wp\/v2\/tags?post=54821"}],"curies":[{"name":"wp","href":"https:\/\/api.w.org\/{rel}","templated":true}]}}