{"id":54804,"date":"2024-05-10T17:17:21","date_gmt":"2024-05-10T15:17:21","guid":{"rendered":"https:\/\/imagazine.it\/home_desk\/?p=54804"},"modified":"2024-05-10T17:17:21","modified_gmt":"2024-05-10T15:17:21","slug":"il-centro-studi-rizzatti-vince-il-bando-giuseppe-ungaretti","status":"publish","type":"post","link":"https:\/\/imagazine.it\/home_desk\/il-centro-studi-rizzatti-vince-il-bando-giuseppe-ungaretti\/","title":{"rendered":"Il Centro Studi Rizzatti vince il bando Giuseppe Ungaretti"},"content":{"rendered":"<p><em><span style=\"font-size: 10pt;\">Ungaretti ritorna sul Carso: 1966. Da sinistra, don Italo Brandolin, Giuseppe Ungaretti, il sindaco di Gorizia Michele Martina, il giornalista Maurizio Calligaris e Celso Macor, scrittore e giornalista<\/span><\/em><\/p>\n<p>GORIZIA \u2013 Il progetto presentato dal <strong>Centro Studi politici economici e sociali \u201csen. Antonio Rizzatti\u201d<\/strong> di Gorizia nel bando della Regione Friuli Venezia Giulia dedicato alla <strong>figura di Giuseppe Ungaretti<\/strong> \u00e8 risultato primo nella graduatoria dei finanziati. Con 81 punti complessivi, l\u2019idea progettuale intitolata \u201c<em>Ungaretti, ritorno sul Carso: solo in mezzo a uomini soli<\/em>\u201d.<\/p>\n<p>Nel 1966 il Centro ospit\u00f2 il primo Incontro Culturale Mitteleuropeo, avente come oggetto la Poesia Mitteleuropea. Presidente onorario dell\u2019Incontro fu il poeta Giuseppe Ungaretti.<\/p>\n<p>Il Centro intende proporre una progettualit\u00e0 non incentrata sulla figura del soldato-poeta bens\u00ec il poeta-reduce che, a cinquant\u2019anni dalle proprie esperienze, ritorna sui luoghi che lo hanno visto, s\u00ec, soldato ma anche letterato. Un poeta che fu anche viaggiatore e traduttore, lati spesso dimenticati.<\/p>\n<p>Nel 1966 Ungaretti fu ospite del Convegno ma anche protagonista di un viaggio sui luoghi pi\u00f9 noti e che lui stesso vide negli anni del conflitto, dal Monte San Michele a Redipuglia.<\/p>\n<p>Nell\u2019ottica di raccontare l\u2019Ungaretti che \u201critorna\u201d sui luoghi della Grande Guerra, trovando un Carso che \u00abnon \u00e8 pi\u00f9 l\u2019infermo ma il verde della speranza\u00bb, come lo stesso poeta scrisse nella sua dedica a Iniziativa Isontina, rivista ancora esistente e che raccoglie i materiali di quegli anni.<\/p>\n<p>Si tratta di guardare al poeta con uno sguardo contemporaneo, dando spazio anche a poeti tutt\u2019ora viventi o da poco scomparsi del territorio locale e sloveno, portando la valenza europea e gli obiettivi storici del Centro Studi Rizzatti, attivo dal 1958, in un corpo ancor pi\u00f9 attuale per le nuove generazioni, che saranno coinvolte nelle varie fasi di realizzazione non solo intellettuale ma anche fisica, con gruppi di giovani lettori che si immedesimeranno nel poeta e nel suo tempo ma anche uno sguardo culturale e politico diverso per comprendere le motivazioni che portarono in Gorizia le migliori voci della poesia Mitteleuropea \u2013 e, a oggi, si pu\u00f2 ben dire europea \u2013 rendendole viva testimonianza del proprio tempo.<\/p>\n<p>Il progetto vuole dare risalto al servizio culturale della politica incentrata nell\u2019ottica del bene comune.<\/p>\n<p>Nel 1966 Giuseppe Ungaretti partecip\u00f2 all\u2019Incontro Culturale Mitteleuropeo di Poesia organizzato dal Centro Studi sen. Antonio Rizzatti. Il Centro Studi, attraverso le pagine della propria rivista \u201cIniziativa Isontina\u201d, raccolse quella straordinaria testimonianza.<\/p>\n<p>Con la pubblicazione degli atti dell\u2019incontro, del reportage della visita del poeta sui luoghi in cui aveva combattuto e la pubblicazione di una dedica speciale a \u201cIniziativa Isontina\u201d \u2013 intitolata \u201cUn messaggio che si rinnova\u201d e letta da Ungaretti stesso durante il convegno tenutosi nella Sala degli Stati Provinciali di Gorizia \u2013 il Centro Studi sen. Antonio Rizzatti si \u00e8 fatto custode di una testimonianza unica.<\/p>\n<p>Uno degli obiettivi del progetto \u201c<em>Ungaretti, ritorno sul Carso: solo in mezzo ad altri uomini soli<\/em>\u201d \u00e8 far riscoprire a quasi sessant\u2019anni di distanza quella emozionante visita nella nostra Regione, presentando materiali inediti e raccogliendo le ultime testimonianze in vita.<\/p>\n<p>Il racconto della visita \u00e8 lo spunto di partenza per un\u2019analisi del poeta \u2013 il pi\u00f9 famoso e studiato poeta legato alla Prima Guerra Mondiale in Italia \u2013 non solo nella sua giovinezza, ma anche nella sua maturit\u00e0, quando colui che era diventato nel frattempo un personaggio culturale e artistico di fama internazionale, ritorna da reduce e scopre che \u201cil Carso non \u00e8 pi\u00f9 un inferno, \u00e8 il verde della speranza\u201d.<\/p>\n<p>Il progetto guarder\u00e0 non solo alla poesia e alle collaborazioni con la vicina Slovenia ma nell\u2019intero territorio regionale, con uscite in alcuni luoghi significativi tra i quali Chiusaforte.<\/p>\n<p>Partner progettuali l\u2019Universit\u00e0 degli studi di Trieste, l\u2019Ufficio per la tutela della cultura e della memoria della difesa, l\u2019Associazione Amici di Castelnuovo, la Pro Loco Fogliano Redipuglia e il Centro per la Conservazione e valorizzazione delle tradizioni popolari di Borgo San Rocco.<\/p>\n","protected":false},"excerpt":{"rendered":"<p>Il progetto del sodalizio primo in graduatoria. Sar\u00e0 riscoperto il poeta reduce che torna sui campi di battaglia<\/p>\n","protected":false},"author":22,"featured_media":54805,"comment_status":"closed","ping_status":"closed","sticky":false,"template":"","format":"image","meta":{"dwc-title":[""],"dwc-content":[""],"footnotes":""},"categories":[37],"tags":[43,169],"class_list":["post-54804","post","type-post","status-publish","format-image","has-post-thumbnail","hentry","category-cultura-e-spettacolo","tag-gorizia","tag-ungaretti","post_format-post-format-image"],"rttpg_featured_image_url":{"full":["https:\/\/imagazine.it\/wp-content\/uploads\/2024\/05\/Ungaretti-sul-San-Michele_1966.jpg",1366,852,false],"landscape":["https:\/\/imagazine.it\/wp-content\/uploads\/2024\/05\/Ungaretti-sul-San-Michele_1966.jpg",1366,852,false],"portraits":["https:\/\/imagazine.it\/wp-content\/uploads\/2024\/05\/Ungaretti-sul-San-Michele_1966.jpg",1366,852,false],"thumbnail":["https:\/\/imagazine.it\/wp-content\/uploads\/2024\/05\/Ungaretti-sul-San-Michele_1966-150x150.jpg",150,150,true],"medium":["https:\/\/imagazine.it\/wp-content\/uploads\/2024\/05\/Ungaretti-sul-San-Michele_1966-300x187.jpg",300,187,true],"large":["https:\/\/imagazine.it\/wp-content\/uploads\/2024\/05\/Ungaretti-sul-San-Michele_1966-1024x639.jpg",640,399,true],"thumblist":["https:\/\/imagazine.it\/wp-content\/uploads\/2024\/05\/Ungaretti-sul-San-Michele_1966-300x300.jpg",300,300,true],"thumbrelated":["https:\/\/imagazine.it\/wp-content\/uploads\/2024\/05\/Ungaretti-sul-San-Michele_1966-500x500.jpg",500,500,true],"meccarouselthumb":["https:\/\/imagazine.it\/wp-content\/uploads\/2024\/05\/Ungaretti-sul-San-Michele_1966-474x324.jpg",474,324,true],"gridsquare":["https:\/\/imagazine.it\/wp-content\/uploads\/2024\/05\/Ungaretti-sul-San-Michele_1966-391x260.jpg",391,260,true],"tileview":["https:\/\/imagazine.it\/wp-content\/uploads\/2024\/05\/Ungaretti-sul-San-Michele_1966-300x400.jpg",300,400,true],"1536x1536":["https:\/\/imagazine.it\/wp-content\/uploads\/2024\/05\/Ungaretti-sul-San-Michele_1966.jpg",1366,852,false],"2048x2048":["https:\/\/imagazine.it\/wp-content\/uploads\/2024\/05\/Ungaretti-sul-San-Michele_1966.jpg",1366,852,false],"newsup-slider-full":["https:\/\/imagazine.it\/wp-content\/uploads\/2024\/05\/Ungaretti-sul-San-Michele_1966-1280x720.jpg",1280,720,true],"newsup-featured":["https:\/\/imagazine.it\/wp-content\/uploads\/2024\/05\/Ungaretti-sul-San-Michele_1966-1024x639.jpg",1024,639,true],"newsup-medium":["https:\/\/imagazine.it\/wp-content\/uploads\/2024\/05\/Ungaretti-sul-San-Michele_1966-720x380.jpg",720,380,true],"tptn_thumbnail":["https:\/\/imagazine.it\/wp-content\/uploads\/2024\/05\/Ungaretti-sul-San-Michele_1966-250x210.jpg",250,210,true],"sow-carousel-default":["https:\/\/imagazine.it\/wp-content\/uploads\/2024\/05\/Ungaretti-sul-San-Michele_1966.jpg",272,170,false]},"rttpg_author":{"display_name":"Livio Nonis","author_link":"https:\/\/imagazine.it\/home_desk\/author\/nonis\/"},"rttpg_comment":0,"rttpg_category":"<a href=\"https:\/\/imagazine.it\/home_desk\/category\/cultura-e-spettacolo\/\" rel=\"category tag\">CULTURA&amp;SPETTACOLO<\/a>","rttpg_excerpt":"Il progetto del sodalizio primo in graduatoria. Sar\u00e0 riscoperto il poeta reduce che torna sui campi di battaglia","_links":{"self":[{"href":"https:\/\/imagazine.it\/home_desk\/wp-json\/wp\/v2\/posts\/54804","targetHints":{"allow":["GET"]}}],"collection":[{"href":"https:\/\/imagazine.it\/home_desk\/wp-json\/wp\/v2\/posts"}],"about":[{"href":"https:\/\/imagazine.it\/home_desk\/wp-json\/wp\/v2\/types\/post"}],"author":[{"embeddable":true,"href":"https:\/\/imagazine.it\/home_desk\/wp-json\/wp\/v2\/users\/22"}],"replies":[{"embeddable":true,"href":"https:\/\/imagazine.it\/home_desk\/wp-json\/wp\/v2\/comments?post=54804"}],"version-history":[{"count":0,"href":"https:\/\/imagazine.it\/home_desk\/wp-json\/wp\/v2\/posts\/54804\/revisions"}],"wp:featuredmedia":[{"embeddable":true,"href":"https:\/\/imagazine.it\/home_desk\/wp-json\/wp\/v2\/media\/54805"}],"wp:attachment":[{"href":"https:\/\/imagazine.it\/home_desk\/wp-json\/wp\/v2\/media?parent=54804"}],"wp:term":[{"taxonomy":"category","embeddable":true,"href":"https:\/\/imagazine.it\/home_desk\/wp-json\/wp\/v2\/categories?post=54804"},{"taxonomy":"post_tag","embeddable":true,"href":"https:\/\/imagazine.it\/home_desk\/wp-json\/wp\/v2\/tags?post=54804"}],"curies":[{"name":"wp","href":"https:\/\/api.w.org\/{rel}","templated":true}]}}