{"id":54781,"date":"2024-05-10T12:22:55","date_gmt":"2024-05-10T10:22:55","guid":{"rendered":"https:\/\/imagazine.it\/home_desk\/?p=54781"},"modified":"2024-05-13T16:52:18","modified_gmt":"2024-05-13T14:52:18","slug":"doc-friuli-aquileia-marcolini-confermato-presidente","status":"publish","type":"post","link":"https:\/\/imagazine.it\/home_desk\/doc-friuli-aquileia-marcolini-confermato-presidente\/","title":{"rendered":"Doc Friuli Aquileia: Marcolini confermato presidente"},"content":{"rendered":"<p><span style=\"font-size: 10pt;\"><em>Da sinistra Marcolini, Tarlao e Bertossi<\/em><\/span><\/p>\n<p>AQUILEIA \u2013 <strong>Roberto Marcolini<\/strong> riconfermato alla guida del <strong>Consorzio Doc Friuli Aquileia<\/strong>.<\/p>\n<p>\u00c8 quanto deciso al termine dell&#8217;Assemblea del Consorzio nella quale \u00e8 stato rinnovato il consiglio di amministrazione alla scadenza naturale del triennio.<\/p>\n<p>Marcolini, direttore della Tenuta Ca&#8217; Bolani, \u00e8 stato riconfermato all\u2019unanimit\u00e0. Al suo fianco due vicepresidenti, anche loro riconfermati: <strong>Francesco Tarlao<\/strong> dell\u2019azienda Tarlao e <strong>Valentina Bertossi<\/strong> dell\u2019azienda Mulino delle Tolle.<\/p>\n<p>Completano il consiglio di amministrazione il consigliere riconfermato <strong>Dario Puntin<\/strong> dell\u2019azienda Vini Puntin e il nuovo entrato <strong>Antonio Clementin<\/strong> dell\u2019azienda Vini Brojli.<\/p>\n<p>\u201c<em>Sono sicuro \u2013 <\/em>le parole di Marcolini<em> \u2013 che con il nuovo Consiglio continueremo a lavorare con impegno ed entusiasmo per valorizzare la sempre pi\u00f9 alta qualit\u00e0 raggiunta dai nostri vini, dando continuit\u00e0 alle importanti azioni di promozione attuate nei tre anni passati che hanno permesso di far conoscere il nostro territorio e i nostri vini ad un vasto pubblico\u201d.<\/em><\/p>\n<p>Il Consorzio Tutela Vini Doc Friuli Aquileia nasce nel 1976 e attualmente conta un gruppo di circa venti associati.<\/p>\n<p>La superficie di vigneto si aggira attorno ai 450 ettari. Fa parte (ed \u00e8 socio fondatore) di UNI.DOC FVG e di E.VI.Q. &#8211; Ente vini di qualit\u00e0 e collabora con il Consorzio Friuli Colli Orientali e Ramandolo.<\/p>\n","protected":false},"excerpt":{"rendered":"<p>Rinnovato nel segno della continuit\u00e0 il consiglio di amministrazione del consorzio: Tarlao e Bertossi vicepresidenti<\/p>\n","protected":false},"author":28,"featured_media":54782,"comment_status":"closed","ping_status":"closed","sticky":false,"template":"","format":"image","meta":{"dwc-title":[""],"dwc-content":[""],"footnotes":""},"categories":[5],"tags":[349,1801,1802,549],"class_list":["post-54781","post","type-post","status-publish","format-image","has-post-thumbnail","hentry","category-attualita","tag-aquileia","tag-doc","tag-marcolini","tag-vino","post_format-post-format-image"],"rttpg_featured_image_url":{"full":["https:\/\/imagazine.it\/wp-content\/uploads\/2024\/05\/cda.jpg",1366,768,false],"landscape":["https:\/\/imagazine.it\/wp-content\/uploads\/2024\/05\/cda.jpg",1366,768,false],"portraits":["https:\/\/imagazine.it\/wp-content\/uploads\/2024\/05\/cda.jpg",1366,768,false],"thumbnail":["https:\/\/imagazine.it\/wp-content\/uploads\/2024\/05\/cda-150x150.jpg",150,150,true],"medium":["https:\/\/imagazine.it\/wp-content\/uploads\/2024\/05\/cda-300x169.jpg",300,169,true],"large":["https:\/\/imagazine.it\/wp-content\/uploads\/2024\/05\/cda-1024x576.jpg",640,360,true],"thumblist":["https:\/\/imagazine.it\/wp-content\/uploads\/2024\/05\/cda-300x300.jpg",300,300,true],"thumbrelated":["https:\/\/imagazine.it\/wp-content\/uploads\/2024\/05\/cda-500x500.jpg",500,500,true],"meccarouselthumb":["https:\/\/imagazine.it\/wp-content\/uploads\/2024\/05\/cda-474x324.jpg",474,324,true],"gridsquare":["https:\/\/imagazine.it\/wp-content\/uploads\/2024\/05\/cda-391x260.jpg",391,260,true],"tileview":["https:\/\/imagazine.it\/wp-content\/uploads\/2024\/05\/cda-300x400.jpg",300,400,true],"1536x1536":["https:\/\/imagazine.it\/wp-content\/uploads\/2024\/05\/cda.jpg",1366,768,false],"2048x2048":["https:\/\/imagazine.it\/wp-content\/uploads\/2024\/05\/cda.jpg",1366,768,false],"newsup-slider-full":["https:\/\/imagazine.it\/wp-content\/uploads\/2024\/05\/cda-1280x720.jpg",1280,720,true],"newsup-featured":["https:\/\/imagazine.it\/wp-content\/uploads\/2024\/05\/cda-1024x576.jpg",1024,576,true],"newsup-medium":["https:\/\/imagazine.it\/wp-content\/uploads\/2024\/05\/cda-720x380.jpg",720,380,true],"tptn_thumbnail":["https:\/\/imagazine.it\/wp-content\/uploads\/2024\/05\/cda-250x210.jpg",250,210,true],"sow-carousel-default":["https:\/\/imagazine.it\/wp-content\/uploads\/2024\/05\/cda.jpg",272,153,false]},"rttpg_author":{"display_name":"redazione","author_link":"https:\/\/imagazine.it\/home_desk\/author\/redazione\/"},"rttpg_comment":0,"rttpg_category":"<a href=\"https:\/\/imagazine.it\/home_desk\/category\/attualita\/\" rel=\"category tag\">ATTUALIT\u00c0<\/a>","rttpg_excerpt":"Rinnovato nel segno della continuit\u00e0 il consiglio di amministrazione del consorzio: Tarlao e Bertossi vicepresidenti","_links":{"self":[{"href":"https:\/\/imagazine.it\/home_desk\/wp-json\/wp\/v2\/posts\/54781","targetHints":{"allow":["GET"]}}],"collection":[{"href":"https:\/\/imagazine.it\/home_desk\/wp-json\/wp\/v2\/posts"}],"about":[{"href":"https:\/\/imagazine.it\/home_desk\/wp-json\/wp\/v2\/types\/post"}],"author":[{"embeddable":true,"href":"https:\/\/imagazine.it\/home_desk\/wp-json\/wp\/v2\/users\/28"}],"replies":[{"embeddable":true,"href":"https:\/\/imagazine.it\/home_desk\/wp-json\/wp\/v2\/comments?post=54781"}],"version-history":[{"count":0,"href":"https:\/\/imagazine.it\/home_desk\/wp-json\/wp\/v2\/posts\/54781\/revisions"}],"wp:featuredmedia":[{"embeddable":true,"href":"https:\/\/imagazine.it\/home_desk\/wp-json\/wp\/v2\/media\/54782"}],"wp:attachment":[{"href":"https:\/\/imagazine.it\/home_desk\/wp-json\/wp\/v2\/media?parent=54781"}],"wp:term":[{"taxonomy":"category","embeddable":true,"href":"https:\/\/imagazine.it\/home_desk\/wp-json\/wp\/v2\/categories?post=54781"},{"taxonomy":"post_tag","embeddable":true,"href":"https:\/\/imagazine.it\/home_desk\/wp-json\/wp\/v2\/tags?post=54781"}],"curies":[{"name":"wp","href":"https:\/\/api.w.org\/{rel}","templated":true}]}}