{"id":54768,"date":"2024-05-10T11:07:43","date_gmt":"2024-05-10T09:07:43","guid":{"rendered":"https:\/\/imagazine.it\/home_desk\/?p=54768"},"modified":"2024-05-13T11:52:26","modified_gmt":"2024-05-13T09:52:26","slug":"vetro-rivestito-in-friuli-una-struttura-allavanguardia","status":"publish","type":"post","link":"https:\/\/imagazine.it\/home_desk\/vetro-rivestito-in-friuli-una-struttura-allavanguardia\/","title":{"rendered":"Vetro rivestito: in Friuli una struttura all&#8217;avanguardia"},"content":{"rendered":"<p><span style=\"font-size: 10pt;\"><em>Una fase della produzione<\/em><\/span><\/p>\n<p>SAN GIORGIO DI NOGARO \u2013 <strong>Sisecam<\/strong>, azienda internazionale nel settore del vetro e dei prodotti chimici, ha comunicato la decisione di investire <strong>114 milioni di dollari<\/strong> in <strong>tre nuove linee di produzione di vetro rivestito<\/strong>.<\/p>\n<p>Queste strutture all&#8217;avanguardia, che avranno una capacit\u00e0 complessiva di quasi 20 milioni di metri quadrati, saranno situate in <strong>Italia<\/strong>, <strong>Turchia<\/strong> e <strong>Bulgaria<\/strong>.<\/p>\n<p>Con questi investimenti, \u015ei\u015fecam si propone di soddisfare la crescente domanda di vetro rivestito nel settore del vetro piano. La societ\u00e0 intende rafforzare la propria competitivit\u00e0 potenziando l\u2019efficienza operativa e diversificando la sua gamma di prodotti.<\/p>\n<p>Inoltre, Sisecam ha l&#8217;obiettivo di incrementare la percentuale di prodotti a valore aggiunto nella sua produzione complessiva.<\/p>\n<p>Come parte degli investimenti previsti per l&#8217;inizio delle attivit\u00e0 nel 2025, Sisecam <strong>investir\u00e0 in una linea di vetro rivestito con una capacit\u00e0 annua di 6,5 milioni di metri quadrati <\/strong>presso il suo stabilimento di vetro a<strong> San Giorgio di Nogaro<\/strong>.<\/p>\n<p>In aggiunta, la Societ\u00e0 prevede di investire in una linea di vetro rivestito con una capacit\u00e0 annua di 7 milioni di metri quadrati presso il suo impianto di produzione di vetro piano in costruzione a Tarso, in Turchia. Sisecam finanzier\u00e0 anche una linea con una capacit\u00e0 annua di 6 milioni di metri quadrati presso il suo stabilimento di vetro piano in Bulgaria.<\/p>\n<p>A <strong>livello globale<\/strong>, questi investimenti, per un <strong>totale di 114 milioni di dollari<\/strong> (compreso il fabbisogno di capitale circolante), porteranno il numero totale di linee di rivestimento del vetro di \u015ei\u015fecam a sette.<\/p>\n<p>L&#8217;obiettivo \u00e8 quello di aumentare l&#8217;attuale capacit\u00e0 di Sisecam nel settore del vetro rivestito, che attualmente \u00e8 di circa 22 milioni di metri quadrati in base a un mix medio di prodotti su quattro linee diverse, a circa 42 milioni di metri quadrati tramite questi investimenti strategici e strutturali.<\/p>\n<figure id=\"attachment_54769\" aria-describedby=\"caption-attachment-54769\" style=\"width: 1000px\" class=\"wp-caption aligncenter\"><img loading=\"lazy\" decoding=\"async\" class=\"wp-image-54769 size-full\" src=\"https:\/\/imagazine.it\/wp-content\/uploads\/2024\/05\/Sisecam_Prof.-Dr.-Ahmet-Kirman_Visual.jpg\" alt=\"Ahmet Kirman\" width=\"1000\" height=\"875\" title=\"\" srcset=\"https:\/\/imagazine.it\/wp-content\/uploads\/2024\/05\/Sisecam_Prof.-Dr.-Ahmet-Kirman_Visual.jpg 1000w, https:\/\/imagazine.it\/wp-content\/uploads\/2024\/05\/Sisecam_Prof.-Dr.-Ahmet-Kirman_Visual-300x263.jpg 300w, https:\/\/imagazine.it\/wp-content\/uploads\/2024\/05\/Sisecam_Prof.-Dr.-Ahmet-Kirman_Visual-768x672.jpg 768w\" sizes=\"auto, (max-width: 1000px) 100vw, 1000px\" \/><figcaption id=\"caption-attachment-54769\" class=\"wp-caption-text\">Ahmet Kirman<\/figcaption><\/figure>\n<p>&#8220;<em>Con questa iniziativa \u2013 <\/em>afferma <strong>Ahmet Kirman<\/strong>, presidente e membro esecutivo del Consiglio di Amministrazione di Sisecam <em>\u2013 la capacit\u00e0 produttiva di Sisecam per il vetro rivestito raddoppier\u00e0. Oltre a rafforzare la nostra leadership nel mercato del vetro architettonico in Turchia, faciliter\u00e0 il nostro accesso a una pi\u00f9 ampia base di clienti a livello globale, con una maggiore competitivit\u00e0. Questi investimenti aumenteranno la quota di prodotti di alto valore all&#8217;interno del nostro volume di produzione totale e incrementeranno il nostro portafoglio prodotti. Inoltre, gli investimenti permetteranno a Sisecam di gestire in modo pi\u00f9 flessibile la sua catena di fornitura, con un conseguente aumento dell&#8217;efficienza operativa<\/em>&#8220;.<\/p>\n","protected":false},"excerpt":{"rendered":"<p>La Sisecam annuncia una nuova realizzazione nel suo stabilimento a San Giorgio di Nogaro: coinvolte altre due realt\u00e0 in Europa per un investimento di 114 milioni di dollari<\/p>\n","protected":false},"author":28,"featured_media":54770,"comment_status":"closed","ping_status":"closed","sticky":false,"template":"","format":"image","meta":{"dwc-title":[""],"dwc-content":[""],"footnotes":""},"categories":[5],"tags":[336,1798,442,1799,1800],"class_list":["post-54768","post","type-post","status-publish","format-image","has-post-thumbnail","hentry","category-attualita","tag-economia","tag-industria","tag-san-giorgio","tag-turchia","tag-vetro","post_format-post-format-image"],"rttpg_featured_image_url":{"full":["https:\/\/imagazine.it\/wp-content\/uploads\/2024\/05\/Sisecam_Produzione_Visual.jpg",1366,791,false],"landscape":["https:\/\/imagazine.it\/wp-content\/uploads\/2024\/05\/Sisecam_Produzione_Visual.jpg",1366,791,false],"portraits":["https:\/\/imagazine.it\/wp-content\/uploads\/2024\/05\/Sisecam_Produzione_Visual.jpg",1366,791,false],"thumbnail":["https:\/\/imagazine.it\/wp-content\/uploads\/2024\/05\/Sisecam_Produzione_Visual-150x150.jpg",150,150,true],"medium":["https:\/\/imagazine.it\/wp-content\/uploads\/2024\/05\/Sisecam_Produzione_Visual-300x174.jpg",300,174,true],"large":["https:\/\/imagazine.it\/wp-content\/uploads\/2024\/05\/Sisecam_Produzione_Visual-1024x593.jpg",640,371,true],"thumblist":["https:\/\/imagazine.it\/wp-content\/uploads\/2024\/05\/Sisecam_Produzione_Visual-300x300.jpg",300,300,true],"thumbrelated":["https:\/\/imagazine.it\/wp-content\/uploads\/2024\/05\/Sisecam_Produzione_Visual-500x500.jpg",500,500,true],"meccarouselthumb":["https:\/\/imagazine.it\/wp-content\/uploads\/2024\/05\/Sisecam_Produzione_Visual-474x324.jpg",474,324,true],"gridsquare":["https:\/\/imagazine.it\/wp-content\/uploads\/2024\/05\/Sisecam_Produzione_Visual-391x260.jpg",391,260,true],"tileview":["https:\/\/imagazine.it\/wp-content\/uploads\/2024\/05\/Sisecam_Produzione_Visual-300x400.jpg",300,400,true],"1536x1536":["https:\/\/imagazine.it\/wp-content\/uploads\/2024\/05\/Sisecam_Produzione_Visual.jpg",1366,791,false],"2048x2048":["https:\/\/imagazine.it\/wp-content\/uploads\/2024\/05\/Sisecam_Produzione_Visual.jpg",1366,791,false],"newsup-slider-full":["https:\/\/imagazine.it\/wp-content\/uploads\/2024\/05\/Sisecam_Produzione_Visual-1280x720.jpg",1280,720,true],"newsup-featured":["https:\/\/imagazine.it\/wp-content\/uploads\/2024\/05\/Sisecam_Produzione_Visual-1024x593.jpg",1024,593,true],"newsup-medium":["https:\/\/imagazine.it\/wp-content\/uploads\/2024\/05\/Sisecam_Produzione_Visual-720x380.jpg",720,380,true],"tptn_thumbnail":["https:\/\/imagazine.it\/wp-content\/uploads\/2024\/05\/Sisecam_Produzione_Visual-250x210.jpg",250,210,true],"sow-carousel-default":["https:\/\/imagazine.it\/wp-content\/uploads\/2024\/05\/Sisecam_Produzione_Visual.jpg",272,158,false]},"rttpg_author":{"display_name":"redazione","author_link":"https:\/\/imagazine.it\/home_desk\/author\/redazione\/"},"rttpg_comment":0,"rttpg_category":"<a href=\"https:\/\/imagazine.it\/home_desk\/category\/attualita\/\" rel=\"category tag\">ATTUALIT\u00c0<\/a>","rttpg_excerpt":"La Sisecam annuncia una nuova realizzazione nel suo stabilimento a San Giorgio di Nogaro: coinvolte altre due realt\u00e0 in Europa per un investimento di 114 milioni di dollari","_links":{"self":[{"href":"https:\/\/imagazine.it\/home_desk\/wp-json\/wp\/v2\/posts\/54768","targetHints":{"allow":["GET"]}}],"collection":[{"href":"https:\/\/imagazine.it\/home_desk\/wp-json\/wp\/v2\/posts"}],"about":[{"href":"https:\/\/imagazine.it\/home_desk\/wp-json\/wp\/v2\/types\/post"}],"author":[{"embeddable":true,"href":"https:\/\/imagazine.it\/home_desk\/wp-json\/wp\/v2\/users\/28"}],"replies":[{"embeddable":true,"href":"https:\/\/imagazine.it\/home_desk\/wp-json\/wp\/v2\/comments?post=54768"}],"version-history":[{"count":0,"href":"https:\/\/imagazine.it\/home_desk\/wp-json\/wp\/v2\/posts\/54768\/revisions"}],"wp:featuredmedia":[{"embeddable":true,"href":"https:\/\/imagazine.it\/home_desk\/wp-json\/wp\/v2\/media\/54770"}],"wp:attachment":[{"href":"https:\/\/imagazine.it\/home_desk\/wp-json\/wp\/v2\/media?parent=54768"}],"wp:term":[{"taxonomy":"category","embeddable":true,"href":"https:\/\/imagazine.it\/home_desk\/wp-json\/wp\/v2\/categories?post=54768"},{"taxonomy":"post_tag","embeddable":true,"href":"https:\/\/imagazine.it\/home_desk\/wp-json\/wp\/v2\/tags?post=54768"}],"curies":[{"name":"wp","href":"https:\/\/api.w.org\/{rel}","templated":true}]}}