{"id":54720,"date":"2024-05-06T17:27:52","date_gmt":"2024-05-06T15:27:52","guid":{"rendered":"https:\/\/imagazine.it\/home_desk\/?p=54720"},"modified":"2024-05-08T17:33:57","modified_gmt":"2024-05-08T15:33:57","slug":"ritorna-a-ruda-il-corso-di-ricamo","status":"publish","type":"post","link":"https:\/\/imagazine.it\/home_desk\/ritorna-a-ruda-il-corso-di-ricamo\/","title":{"rendered":"Ritorna a Ruda il corso di ricamo"},"content":{"rendered":"<p>RUDA \u2013 Riparte il \u201c<em>Corso di Ricamo e \u2026<\/em>\u201d, grazie alla passione di <strong>Serena Fumo<\/strong> e al contributo di tutte le parrocchie di Ruda: Santo Stefano, San Tommaso e Santi Pietro e Paolo.<\/p>\n<p>Il corso di un\u2019arte molto rara come il ricamo \u00e8 iniziato a Ruda nel 1983 ed \u00e8 stato gestito per lungo tempo dalla signora <strong>Liliana Burgnich<\/strong>, assieme alle suore Ancelle di Ges\u00f9 Bambino di Gorizia.<\/p>\n<p>Per alcuni anni le suore hanno continuato a venire a Ruda per insegnare il ricamo alle ragazzine di quella volta, per poi piano piano lasciare il posto ad alcune signore di Ruda: Liliana, Amorina, Albina e Daniela.<\/p>\n<p>Il nuovo corso sar\u00e0 rinnovato e <strong>oltre al ricamo si occuper\u00e0 anche di cucito creativo<\/strong>, cucito a mano per creare cose belle con pannolenci, feltro, tessuti.<\/p>\n<p>Sabato 18 maggio alle ore 14.30 al bar al Commercio (di fronte alla Chiesa) ci sar\u00e0 una prima riunione informativa, successivamente per informazioni e iscrizioni ci si potr\u00e0 rivolgere a Serena Fumo entro il 31 maggio telefonando al numero 3408012050.<\/p>\n<p>Il corso si terr\u00e0 presso il ricreatorio don Valeriano Lepre, dal 9 luglio al 19 luglio, dalle 8.30 alle 11.30, per poi lasciare lo spazio ai centri estivi del gruppo parrocchiale.<\/p>\n<p>II corso \u00e8 aperto a tutti, ragazzi e ragazze dagli 8 anni ai 99 anni, perch\u00e9 non c&#8217;\u00e8 scritto da nessuna parte che il ricamo ed il cucito sono solo per le donne.<\/p>\n<p>Dopo questo primo corso, se verr\u00e0 riscontrata una buona presenza e interesse per continuare, potr\u00e0 essere stabilito un corso pi\u00f9 duraturo con diverse modalit\u00e0 e orari.<\/p>\n","protected":false},"excerpt":{"rendered":"<p>Gestito da Serena Fumo si occuper\u00e0 anche di cucito creativo. In programma a luglio, verr\u00e0 presentato il 18 maggio<\/p>\n","protected":false},"author":22,"featured_media":54722,"comment_status":"closed","ping_status":"closed","sticky":false,"template":"","format":"image","meta":{"dwc-title":[""],"dwc-content":[""],"footnotes":""},"categories":[5],"tags":[1786,1785,212],"class_list":["post-54720","post","type-post","status-publish","format-image","has-post-thumbnail","hentry","category-attualita","tag-cucito","tag-ricamo","tag-ruda","post_format-post-format-image"],"rttpg_featured_image_url":{"full":["https:\/\/imagazine.it\/wp-content\/uploads\/2024\/05\/corso-ricamo-02.jpg",1366,749,false],"landscape":["https:\/\/imagazine.it\/wp-content\/uploads\/2024\/05\/corso-ricamo-02.jpg",1366,749,false],"portraits":["https:\/\/imagazine.it\/wp-content\/uploads\/2024\/05\/corso-ricamo-02.jpg",1366,749,false],"thumbnail":["https:\/\/imagazine.it\/wp-content\/uploads\/2024\/05\/corso-ricamo-02-150x150.jpg",150,150,true],"medium":["https:\/\/imagazine.it\/wp-content\/uploads\/2024\/05\/corso-ricamo-02-300x164.jpg",300,164,true],"large":["https:\/\/imagazine.it\/wp-content\/uploads\/2024\/05\/corso-ricamo-02-1024x561.jpg",640,351,true],"thumblist":["https:\/\/imagazine.it\/wp-content\/uploads\/2024\/05\/corso-ricamo-02-300x300.jpg",300,300,true],"thumbrelated":["https:\/\/imagazine.it\/wp-content\/uploads\/2024\/05\/corso-ricamo-02-500x500.jpg",500,500,true],"meccarouselthumb":["https:\/\/imagazine.it\/wp-content\/uploads\/2024\/05\/corso-ricamo-02-474x324.jpg",474,324,true],"gridsquare":["https:\/\/imagazine.it\/wp-content\/uploads\/2024\/05\/corso-ricamo-02-391x260.jpg",391,260,true],"tileview":["https:\/\/imagazine.it\/wp-content\/uploads\/2024\/05\/corso-ricamo-02-300x400.jpg",300,400,true],"1536x1536":["https:\/\/imagazine.it\/wp-content\/uploads\/2024\/05\/corso-ricamo-02.jpg",1366,749,false],"2048x2048":["https:\/\/imagazine.it\/wp-content\/uploads\/2024\/05\/corso-ricamo-02.jpg",1366,749,false],"newsup-slider-full":["https:\/\/imagazine.it\/wp-content\/uploads\/2024\/05\/corso-ricamo-02-1280x720.jpg",1280,720,true],"newsup-featured":["https:\/\/imagazine.it\/wp-content\/uploads\/2024\/05\/corso-ricamo-02-1024x561.jpg",1024,561,true],"newsup-medium":["https:\/\/imagazine.it\/wp-content\/uploads\/2024\/05\/corso-ricamo-02-720x380.jpg",720,380,true],"tptn_thumbnail":["https:\/\/imagazine.it\/wp-content\/uploads\/2024\/05\/corso-ricamo-02-250x210.jpg",250,210,true],"sow-carousel-default":["https:\/\/imagazine.it\/wp-content\/uploads\/2024\/05\/corso-ricamo-02.jpg",272,149,false]},"rttpg_author":{"display_name":"Livio Nonis","author_link":"https:\/\/imagazine.it\/home_desk\/author\/nonis\/"},"rttpg_comment":0,"rttpg_category":"<a href=\"https:\/\/imagazine.it\/home_desk\/category\/attualita\/\" rel=\"category tag\">ATTUALIT\u00c0<\/a>","rttpg_excerpt":"Gestito da Serena Fumo si occuper\u00e0 anche di cucito creativo. In programma a luglio, verr\u00e0 presentato il 18 maggio","_links":{"self":[{"href":"https:\/\/imagazine.it\/home_desk\/wp-json\/wp\/v2\/posts\/54720","targetHints":{"allow":["GET"]}}],"collection":[{"href":"https:\/\/imagazine.it\/home_desk\/wp-json\/wp\/v2\/posts"}],"about":[{"href":"https:\/\/imagazine.it\/home_desk\/wp-json\/wp\/v2\/types\/post"}],"author":[{"embeddable":true,"href":"https:\/\/imagazine.it\/home_desk\/wp-json\/wp\/v2\/users\/22"}],"replies":[{"embeddable":true,"href":"https:\/\/imagazine.it\/home_desk\/wp-json\/wp\/v2\/comments?post=54720"}],"version-history":[{"count":0,"href":"https:\/\/imagazine.it\/home_desk\/wp-json\/wp\/v2\/posts\/54720\/revisions"}],"wp:featuredmedia":[{"embeddable":true,"href":"https:\/\/imagazine.it\/home_desk\/wp-json\/wp\/v2\/media\/54722"}],"wp:attachment":[{"href":"https:\/\/imagazine.it\/home_desk\/wp-json\/wp\/v2\/media?parent=54720"}],"wp:term":[{"taxonomy":"category","embeddable":true,"href":"https:\/\/imagazine.it\/home_desk\/wp-json\/wp\/v2\/categories?post=54720"},{"taxonomy":"post_tag","embeddable":true,"href":"https:\/\/imagazine.it\/home_desk\/wp-json\/wp\/v2\/tags?post=54720"}],"curies":[{"name":"wp","href":"https:\/\/api.w.org\/{rel}","templated":true}]}}