{"id":54699,"date":"2024-05-01T19:01:11","date_gmt":"2024-05-01T17:01:11","guid":{"rendered":"https:\/\/imagazine.it\/home_desk\/?p=54699"},"modified":"2024-05-08T13:06:28","modified_gmt":"2024-05-08T11:06:28","slug":"da-perteole-a-lubiana-tra-storia-e-natura","status":"publish","type":"post","link":"https:\/\/imagazine.it\/home_desk\/da-perteole-a-lubiana-tra-storia-e-natura\/","title":{"rendered":"Da Perteole a Lubiana tra storia e natura"},"content":{"rendered":"<p><span style=\"font-size: 10pt;\"><em>Foto di gruppo nel Giardino Botanico<\/em><\/span><\/p>\n<p>LUBIANA \u2013 L&#8217;<strong>A.C.L.I. Achille Grandi di Perteole<\/strong> ha proposto una gita a Lubiana, per immergersi nella bellezza della capitale slovena.<\/p>\n<p>Il programma ha previsto la visita al Giardino Botanico, situato nella periferia della citt\u00e0, che vanta una collezione di <strong>oltre 4.500 specie di piante provenienti da tutto il mondo<\/strong>.<\/p>\n<p>Un&#8217;oasi verdeggiante dove passeggiare tra aiuole fiorite, serre tropicali e alberi secolari, ammirando la variet\u00e0 e la bellezza del regno vegetale.<\/p>\n<p>\u00c8 poi seguita la visita al centro storico per ammirare il Castello di Lubiana, la Cattedrale di San Nicol\u00f2 con i suoi affreschi barocchi, il Ponte dei Draghi e la Piazza Pre\u0161eren, cuore pulsante della vita cittadina.<\/p>\n<figure id=\"attachment_54700\" aria-describedby=\"caption-attachment-54700\" style=\"width: 1000px\" class=\"wp-caption aligncenter\"><img loading=\"lazy\" decoding=\"async\" class=\"wp-image-54700 size-full\" src=\"https:\/\/imagazine.it\/wp-content\/uploads\/2024\/05\/gita-a-lubiana-02.jpeg\" alt=\"La comitiva nel centro storico\" width=\"1000\" height=\"654\" title=\"\" srcset=\"https:\/\/imagazine.it\/wp-content\/uploads\/2024\/05\/gita-a-lubiana-02.jpeg 1000w, https:\/\/imagazine.it\/wp-content\/uploads\/2024\/05\/gita-a-lubiana-02-300x196.jpeg 300w, https:\/\/imagazine.it\/wp-content\/uploads\/2024\/05\/gita-a-lubiana-02-768x502.jpeg 768w\" sizes=\"auto, (max-width: 1000px) 100vw, 1000px\" \/><figcaption id=\"caption-attachment-54700\" class=\"wp-caption-text\">La comitiva nel centro storico<\/figcaption><\/figure>\n<p>La visita ha incluso anche la Galleria Nazionale, che ospita una vasta collezione di dipinti sloveni, italiani e di altri paesi europei, e il Museo Nazionale della Slovenia, che ripercorre la storia del paese dalle origini ai giorni nostri.<\/p>\n<p>Prima di ripartire la comitiva friulana ha sostato nella Chiesa francescana dell&#8217;Annunciazione per un momento di preghiera ricordando tutti gli associati che sono mancati lo scorso anno.<\/p>\n","protected":false},"excerpt":{"rendered":"<p>Il circolo A.C.L.I. &#8220;Achille Grandi&#8221; in vista nella capitale slovena per ammirare centro storico e giardino botanico<\/p>\n","protected":false},"author":22,"featured_media":54701,"comment_status":"closed","ping_status":"closed","sticky":false,"template":"","format":"image","meta":{"dwc-title":[""],"dwc-content":[""],"footnotes":""},"categories":[5],"tags":[1783,1204,212,1167],"class_list":["post-54699","post","type-post","status-publish","format-image","has-post-thumbnail","hentry","category-attualita","tag-lubiana","tag-perteole","tag-ruda","tag-slovenia","post_format-post-format-image"],"rttpg_featured_image_url":{"full":["https:\/\/imagazine.it\/wp-content\/uploads\/2024\/05\/gita-a-lubiana-01.jpeg",1366,803,false],"landscape":["https:\/\/imagazine.it\/wp-content\/uploads\/2024\/05\/gita-a-lubiana-01.jpeg",1366,803,false],"portraits":["https:\/\/imagazine.it\/wp-content\/uploads\/2024\/05\/gita-a-lubiana-01.jpeg",1366,803,false],"thumbnail":["https:\/\/imagazine.it\/wp-content\/uploads\/2024\/05\/gita-a-lubiana-01-150x150.jpeg",150,150,true],"medium":["https:\/\/imagazine.it\/wp-content\/uploads\/2024\/05\/gita-a-lubiana-01-300x176.jpeg",300,176,true],"large":["https:\/\/imagazine.it\/wp-content\/uploads\/2024\/05\/gita-a-lubiana-01-1024x602.jpeg",640,376,true],"thumblist":["https:\/\/imagazine.it\/wp-content\/uploads\/2024\/05\/gita-a-lubiana-01-300x300.jpeg",300,300,true],"thumbrelated":["https:\/\/imagazine.it\/wp-content\/uploads\/2024\/05\/gita-a-lubiana-01-500x500.jpeg",500,500,true],"meccarouselthumb":["https:\/\/imagazine.it\/wp-content\/uploads\/2024\/05\/gita-a-lubiana-01-474x324.jpeg",474,324,true],"gridsquare":["https:\/\/imagazine.it\/wp-content\/uploads\/2024\/05\/gita-a-lubiana-01-391x260.jpeg",391,260,true],"tileview":["https:\/\/imagazine.it\/wp-content\/uploads\/2024\/05\/gita-a-lubiana-01-300x400.jpeg",300,400,true],"1536x1536":["https:\/\/imagazine.it\/wp-content\/uploads\/2024\/05\/gita-a-lubiana-01.jpeg",1366,803,false],"2048x2048":["https:\/\/imagazine.it\/wp-content\/uploads\/2024\/05\/gita-a-lubiana-01.jpeg",1366,803,false],"newsup-slider-full":["https:\/\/imagazine.it\/wp-content\/uploads\/2024\/05\/gita-a-lubiana-01-1280x720.jpeg",1280,720,true],"newsup-featured":["https:\/\/imagazine.it\/wp-content\/uploads\/2024\/05\/gita-a-lubiana-01-1024x602.jpeg",1024,602,true],"newsup-medium":["https:\/\/imagazine.it\/wp-content\/uploads\/2024\/05\/gita-a-lubiana-01-720x380.jpeg",720,380,true],"tptn_thumbnail":["https:\/\/imagazine.it\/wp-content\/uploads\/2024\/05\/gita-a-lubiana-01-250x210.jpeg",250,210,true],"sow-carousel-default":["https:\/\/imagazine.it\/wp-content\/uploads\/2024\/05\/gita-a-lubiana-01.jpeg",272,160,false]},"rttpg_author":{"display_name":"Livio Nonis","author_link":"https:\/\/imagazine.it\/home_desk\/author\/nonis\/"},"rttpg_comment":0,"rttpg_category":"<a href=\"https:\/\/imagazine.it\/home_desk\/category\/attualita\/\" rel=\"category tag\">ATTUALIT\u00c0<\/a>","rttpg_excerpt":"Il circolo A.C.L.I. \"Achille Grandi\" in vista nella capitale slovena per ammirare centro storico e giardino botanico","_links":{"self":[{"href":"https:\/\/imagazine.it\/home_desk\/wp-json\/wp\/v2\/posts\/54699","targetHints":{"allow":["GET"]}}],"collection":[{"href":"https:\/\/imagazine.it\/home_desk\/wp-json\/wp\/v2\/posts"}],"about":[{"href":"https:\/\/imagazine.it\/home_desk\/wp-json\/wp\/v2\/types\/post"}],"author":[{"embeddable":true,"href":"https:\/\/imagazine.it\/home_desk\/wp-json\/wp\/v2\/users\/22"}],"replies":[{"embeddable":true,"href":"https:\/\/imagazine.it\/home_desk\/wp-json\/wp\/v2\/comments?post=54699"}],"version-history":[{"count":0,"href":"https:\/\/imagazine.it\/home_desk\/wp-json\/wp\/v2\/posts\/54699\/revisions"}],"wp:featuredmedia":[{"embeddable":true,"href":"https:\/\/imagazine.it\/home_desk\/wp-json\/wp\/v2\/media\/54701"}],"wp:attachment":[{"href":"https:\/\/imagazine.it\/home_desk\/wp-json\/wp\/v2\/media?parent=54699"}],"wp:term":[{"taxonomy":"category","embeddable":true,"href":"https:\/\/imagazine.it\/home_desk\/wp-json\/wp\/v2\/categories?post=54699"},{"taxonomy":"post_tag","embeddable":true,"href":"https:\/\/imagazine.it\/home_desk\/wp-json\/wp\/v2\/tags?post=54699"}],"curies":[{"name":"wp","href":"https:\/\/api.w.org\/{rel}","templated":true}]}}