{"id":54658,"date":"2024-05-07T12:56:39","date_gmt":"2024-05-07T10:56:39","guid":{"rendered":"https:\/\/imagazine.it\/home_desk\/?p=54658"},"modified":"2024-05-07T12:56:39","modified_gmt":"2024-05-07T10:56:39","slug":"le-opere-di-serse-roma-inaugurano-the-circle","status":"publish","type":"post","link":"https:\/\/imagazine.it\/home_desk\/le-opere-di-serse-roma-inaugurano-the-circle\/","title":{"rendered":"Le opere di Serse Roma inaugurano &#8220;The Circle&#8221;"},"content":{"rendered":"<p><span style=\"font-size: 10pt;\"><em>Serse Roma<\/em><\/span><\/p>\n<p>Prende vita in via Rastello 91 a Gorizia il nuovo spazio espositivo polifunzionale<strong> <em>The Circle_Concept Zone<\/em><\/strong>, a cura dell\u2019<strong>Associazione culturale QuiAltrove<\/strong>, che apre ufficialmente al pubblico <strong>mercoled\u00ec 8 maggio, a partire dalle 15<\/strong>.<\/p>\n<p>Grazie alla partecipazione al programma pilota finanziato dal Pnrr \u201cMille anni di storia al centro dell\u2019Europa: Borgo Castello crocevia di popoli e di culture\u201d, la realt\u00e0 culturale goriziana ha dato vita, all\u2019interno del <strong>Cluster 1<\/strong>, a questo luogo che ha trasformato uno <strong>storico locale di via Rastello, <\/strong>sotto i portici dove trovava storicamente spazio la Drogheria Frantz.<\/p>\n<p>Per l\u2019occasione, viene allestita <strong>la mostra \u201c<em>Duetto<\/em>\u201d<\/strong> che sar\u00e0 <strong>inaugurata a ingresso libero alle 16.30<\/strong>. Un testimonial d\u2019eccezione \u00e8 al centro di questa <strong>esposizione inaugurale<\/strong>, che affianca un <strong>grande maestro a un giovane emergente<\/strong>.<\/p>\n<h3>Gli artisti<\/h3>\n<p>Si tratta dell\u2019artista di origini trevigiane e triestino d\u2019adozione <strong>Serse Roma<\/strong> che, pi\u00f9 di tutti, \u00e8 riuscito nelle sue opere a dare forma e visibilit\u00e0 all\u2019acqua, condizione fluida per eccellenza. Nello spazio di via Rastello trovano spazio <strong>quattro sue opere, di cui tre di grande formato<\/strong> che <strong>fanno parte della produzione \u201c<em>A fior d\u2019acqua<\/em>\u201d<\/strong>; accanto a queste, ulteriori tre opere di <strong>Eric Gerini<\/strong> a sintetizzare il titolo \u201c<em>Duetto<\/em>\u201d, che celebra il legame e la trasmissione di conoscenze tra maestri affermati e giovani artisti.<\/p>\n<p>I lavori di <strong>Serse Roma<\/strong> raccontano il mistero e la potenza dell\u2019acqua, restituita su tela con una tecnica sorprendente, unica, attraverso l\u2019utilizzo della grafite e del carboncino. In questi disegni la grafite distribuisce luci e ombre alternando forme geometriche ad altre liquide, naturali o artefatte: un connubio in grado di immortalare l\u2019inesausto moto.<\/p>\n<p>Si apprezza quasi una similitudine con le antiche fotografie: una suggestione che accompagna chi guarda nel raggiungere quel che non pu\u00f2 vedere. Ad introdurre lo spazio e la mostra i rappresentanti di<strong> QuiAltrove<\/strong>.<\/p>\n<p>L\u2019inaugurazione della Concept Zone sar\u00e0 completata alle 18.00 dal concerto Shunsuke Senda e Adam \u010cehovin, <strong>International Jazz Guitar Collective<\/strong>, a cura de \u201cIl Mosaico\u201d che cura anche una degustazione a Casa Netural.<\/p>\n","protected":false},"excerpt":{"rendered":"<p>Nel nuovo spazio espositivo polifunzionale di via Rastello a Gorizia anche i quadri del giovane pittore Eric Gerini<\/p>\n","protected":false},"author":28,"featured_media":54659,"comment_status":"closed","ping_status":"closed","sticky":false,"template":"","format":"image","meta":{"dwc-title":[""],"dwc-content":[""],"footnotes":""},"categories":[37],"tags":[165,43,60,1771],"class_list":["post-54658","post","type-post","status-publish","format-image","has-post-thumbnail","hentry","category-cultura-e-spettacolo","tag-arte","tag-gorizia","tag-mostre","tag-via-rastello","post_format-post-format-image"],"rttpg_featured_image_url":{"full":["https:\/\/imagazine.it\/wp-content\/uploads\/2024\/05\/SERSE-ROMA.jpg",1366,872,false],"landscape":["https:\/\/imagazine.it\/wp-content\/uploads\/2024\/05\/SERSE-ROMA.jpg",1366,872,false],"portraits":["https:\/\/imagazine.it\/wp-content\/uploads\/2024\/05\/SERSE-ROMA.jpg",1366,872,false],"thumbnail":["https:\/\/imagazine.it\/wp-content\/uploads\/2024\/05\/SERSE-ROMA-150x150.jpg",150,150,true],"medium":["https:\/\/imagazine.it\/wp-content\/uploads\/2024\/05\/SERSE-ROMA-300x192.jpg",300,192,true],"large":["https:\/\/imagazine.it\/wp-content\/uploads\/2024\/05\/SERSE-ROMA-1024x654.jpg",640,409,true],"thumblist":["https:\/\/imagazine.it\/wp-content\/uploads\/2024\/05\/SERSE-ROMA-300x300.jpg",300,300,true],"thumbrelated":["https:\/\/imagazine.it\/wp-content\/uploads\/2024\/05\/SERSE-ROMA-500x500.jpg",500,500,true],"meccarouselthumb":["https:\/\/imagazine.it\/wp-content\/uploads\/2024\/05\/SERSE-ROMA-474x324.jpg",474,324,true],"gridsquare":["https:\/\/imagazine.it\/wp-content\/uploads\/2024\/05\/SERSE-ROMA-391x260.jpg",391,260,true],"tileview":["https:\/\/imagazine.it\/wp-content\/uploads\/2024\/05\/SERSE-ROMA-300x400.jpg",300,400,true],"1536x1536":["https:\/\/imagazine.it\/wp-content\/uploads\/2024\/05\/SERSE-ROMA.jpg",1366,872,false],"2048x2048":["https:\/\/imagazine.it\/wp-content\/uploads\/2024\/05\/SERSE-ROMA.jpg",1366,872,false],"newsup-slider-full":["https:\/\/imagazine.it\/wp-content\/uploads\/2024\/05\/SERSE-ROMA-1280x720.jpg",1280,720,true],"newsup-featured":["https:\/\/imagazine.it\/wp-content\/uploads\/2024\/05\/SERSE-ROMA-1024x654.jpg",1024,654,true],"newsup-medium":["https:\/\/imagazine.it\/wp-content\/uploads\/2024\/05\/SERSE-ROMA-720x380.jpg",720,380,true],"tptn_thumbnail":["https:\/\/imagazine.it\/wp-content\/uploads\/2024\/05\/SERSE-ROMA-250x210.jpg",250,210,true],"sow-carousel-default":["https:\/\/imagazine.it\/wp-content\/uploads\/2024\/05\/SERSE-ROMA.jpg",272,174,false]},"rttpg_author":{"display_name":"redazione","author_link":"https:\/\/imagazine.it\/home_desk\/author\/redazione\/"},"rttpg_comment":0,"rttpg_category":"<a href=\"https:\/\/imagazine.it\/home_desk\/category\/cultura-e-spettacolo\/\" rel=\"category tag\">CULTURA&amp;SPETTACOLO<\/a>","rttpg_excerpt":"Nel nuovo spazio espositivo polifunzionale di via Rastello a Gorizia anche i quadri del giovane pittore Eric Gerini","_links":{"self":[{"href":"https:\/\/imagazine.it\/home_desk\/wp-json\/wp\/v2\/posts\/54658","targetHints":{"allow":["GET"]}}],"collection":[{"href":"https:\/\/imagazine.it\/home_desk\/wp-json\/wp\/v2\/posts"}],"about":[{"href":"https:\/\/imagazine.it\/home_desk\/wp-json\/wp\/v2\/types\/post"}],"author":[{"embeddable":true,"href":"https:\/\/imagazine.it\/home_desk\/wp-json\/wp\/v2\/users\/28"}],"replies":[{"embeddable":true,"href":"https:\/\/imagazine.it\/home_desk\/wp-json\/wp\/v2\/comments?post=54658"}],"version-history":[{"count":0,"href":"https:\/\/imagazine.it\/home_desk\/wp-json\/wp\/v2\/posts\/54658\/revisions"}],"wp:featuredmedia":[{"embeddable":true,"href":"https:\/\/imagazine.it\/home_desk\/wp-json\/wp\/v2\/media\/54659"}],"wp:attachment":[{"href":"https:\/\/imagazine.it\/home_desk\/wp-json\/wp\/v2\/media?parent=54658"}],"wp:term":[{"taxonomy":"category","embeddable":true,"href":"https:\/\/imagazine.it\/home_desk\/wp-json\/wp\/v2\/categories?post=54658"},{"taxonomy":"post_tag","embeddable":true,"href":"https:\/\/imagazine.it\/home_desk\/wp-json\/wp\/v2\/tags?post=54658"}],"curies":[{"name":"wp","href":"https:\/\/api.w.org\/{rel}","templated":true}]}}