{"id":54424,"date":"2024-04-30T15:27:01","date_gmt":"2024-04-30T13:27:01","guid":{"rendered":"https:\/\/imagazine.it\/home_desk\/?p=54424"},"modified":"2024-04-30T15:27:47","modified_gmt":"2024-04-30T13:27:47","slug":"limportanza-della-pastorizia-nomade-nel-fvg","status":"publish","type":"post","link":"https:\/\/imagazine.it\/home_desk\/limportanza-della-pastorizia-nomade-nel-fvg\/","title":{"rendered":"L&#8217;importanza della pastorizia nomade nel FVG"},"content":{"rendered":"<p><em><span style=\"font-size: 10pt;\">Pastori a Laipacco di Udine<\/span><\/em><\/p>\n<p>UDINE \u2013 La <strong>pastorizia nomade transumante<\/strong> \u00e8 una forma di allevamento tuttora presente in quasi tutto il territorio del Friuli Venezia Giulia, dalle montagne al mare.<\/p>\n<p>Diventata Patrimonio dell\u2019umanit\u00e0 nel 2019, la pastorizia si presenta come un esempio di resilienza e di sostenibilit\u00e0 da proteggere. Tanto che il 2026 \u00e8 stato dichiarato all\u2019unanimit\u00e0 dall\u2019Assemblea generale delle Nazioni unite l\u2019Anno internazionale dei pascoli e dei pastori.<\/p>\n<p>A indagare in regione questa pratica millenaria \u00e8 stato il progetto \u201c<strong><em>Paesaggi transumanti<\/em>\u201d<\/strong>, ideato dall\u2019associazione Isoipse \u2013 Impresa sociale e sostenuto dalla Regione Friuli Venezia Giulia. I risultati della ricerca saranno presentati all\u2019Universit\u00e0 di Udine <strong>venerd\u00ec<\/strong> <strong>3 maggio<\/strong>, <strong>alle 15.30<\/strong>, nell\u2019<strong>aula 6 <\/strong>di <strong>Palazzo Antonini<\/strong> (via Petracco 8).<\/p>\n<p>L\u2019incontro, intitolato <strong>\u201c<em>Paesaggi transumanti. Lo spazio relazionale della pastorizia nomade transumante in Friuli Venezia Giulia<\/em>\u201d<\/strong>, rientra nella rassegna \u201c<em>Divagando. Geografie e dintorni<\/em>\u201d organizzata dai geografi dell\u2019Ateneo friulano. Sono previsti gli interventi dell\u2019antropologa culturale e presidente di Isoipse <strong>Valentina De Marchi<\/strong>, dell\u2019artista visivo <strong>Fabien Marques<\/strong>, della manager del progetto, <strong>Marta Tasso<\/strong>. Moderer\u00e0 l\u2019incontro la geografa <strong>Nadia Carestiato<\/strong>. L\u2019evento si potr\u00e0 seguire anche online su piattaforma Teams (richiedere il link a <a href=\"mailto:labgis@uniud.it\">labgis@uniud.it<\/a>).<\/p>\n<h3><strong>Il progetto <\/strong><\/h3>\n<p>\u201c<em>Paesaggi Transumanti<\/em>\u201d \u00e8 un percorso di ricerca per studiare, conoscere e valorizzare la pastorizia nomade transumante attraverso sguardi e approcci integrati di arte contemporanea, etnografia e geografia. Isoipse, associazione culturale e impresa sociale, \u00e8 un collettivo di professionisti che lavora sui temi del patrimonio culturale con particolare interesse per i contesti marginali e rurali. Partner del progetto sono l\u2019Universit\u00e0 di Udine, il Museo delle Dolomiti Bellunesi, il Parco delle Dolomiti Friulane, l\u2019associazione Altreforme, l\u2019Ecomuseo Lis Aganis. L\u2019iniziativa \u00e8 anche patrocinata dalla Fondazione Dolomiti Unesco e da Arpa Fvg.<\/p>\n","protected":false},"excerpt":{"rendered":"<p>Una forma di allevamento tuttora presente in quasi tutto il territorio regionale \u00e8 diventata pratica di studio dell&#8217;Universit\u00e0 di Udine <\/p>\n","protected":false},"author":28,"featured_media":54425,"comment_status":"closed","ping_status":"closed","sticky":false,"template":"","format":"image","meta":{"dwc-title":[""],"dwc-content":[""],"footnotes":""},"categories":[6],"tags":[1739,66,1738,72,101,206],"class_list":["post-54424","post","type-post","status-publish","format-image","has-post-thumbnail","hentry","category-societa","tag-allevamento","tag-ambiente","tag-animale","tag-natura","tag-udine","tag-uniud","post_format-post-format-image"],"rttpg_featured_image_url":{"full":["https:\/\/imagazine.it\/wp-content\/uploads\/2024\/04\/Pastori-a-Laipacco-di-Udine.jpg",1366,774,false],"landscape":["https:\/\/imagazine.it\/wp-content\/uploads\/2024\/04\/Pastori-a-Laipacco-di-Udine.jpg",1366,774,false],"portraits":["https:\/\/imagazine.it\/wp-content\/uploads\/2024\/04\/Pastori-a-Laipacco-di-Udine.jpg",1366,774,false],"thumbnail":["https:\/\/imagazine.it\/wp-content\/uploads\/2024\/04\/Pastori-a-Laipacco-di-Udine-150x150.jpg",150,150,true],"medium":["https:\/\/imagazine.it\/wp-content\/uploads\/2024\/04\/Pastori-a-Laipacco-di-Udine-300x170.jpg",300,170,true],"large":["https:\/\/imagazine.it\/wp-content\/uploads\/2024\/04\/Pastori-a-Laipacco-di-Udine-1024x580.jpg",640,363,true],"thumblist":["https:\/\/imagazine.it\/wp-content\/uploads\/2024\/04\/Pastori-a-Laipacco-di-Udine-300x300.jpg",300,300,true],"thumbrelated":["https:\/\/imagazine.it\/wp-content\/uploads\/2024\/04\/Pastori-a-Laipacco-di-Udine-500x500.jpg",500,500,true],"meccarouselthumb":["https:\/\/imagazine.it\/wp-content\/uploads\/2024\/04\/Pastori-a-Laipacco-di-Udine-474x324.jpg",474,324,true],"gridsquare":["https:\/\/imagazine.it\/wp-content\/uploads\/2024\/04\/Pastori-a-Laipacco-di-Udine-391x260.jpg",391,260,true],"tileview":["https:\/\/imagazine.it\/wp-content\/uploads\/2024\/04\/Pastori-a-Laipacco-di-Udine-300x400.jpg",300,400,true],"1536x1536":["https:\/\/imagazine.it\/wp-content\/uploads\/2024\/04\/Pastori-a-Laipacco-di-Udine.jpg",1366,774,false],"2048x2048":["https:\/\/imagazine.it\/wp-content\/uploads\/2024\/04\/Pastori-a-Laipacco-di-Udine.jpg",1366,774,false],"newsup-slider-full":["https:\/\/imagazine.it\/wp-content\/uploads\/2024\/04\/Pastori-a-Laipacco-di-Udine-1280x720.jpg",1280,720,true],"newsup-featured":["https:\/\/imagazine.it\/wp-content\/uploads\/2024\/04\/Pastori-a-Laipacco-di-Udine-1024x580.jpg",1024,580,true],"newsup-medium":["https:\/\/imagazine.it\/wp-content\/uploads\/2024\/04\/Pastori-a-Laipacco-di-Udine-720x380.jpg",720,380,true],"tptn_thumbnail":["https:\/\/imagazine.it\/wp-content\/uploads\/2024\/04\/Pastori-a-Laipacco-di-Udine-250x210.jpg",250,210,true],"sow-carousel-default":["https:\/\/imagazine.it\/wp-content\/uploads\/2024\/04\/Pastori-a-Laipacco-di-Udine.jpg",272,154,false]},"rttpg_author":{"display_name":"redazione","author_link":"https:\/\/imagazine.it\/home_desk\/author\/redazione\/"},"rttpg_comment":0,"rttpg_category":"<a href=\"https:\/\/imagazine.it\/home_desk\/category\/societa\/\" rel=\"category tag\">SOCIET\u00c0<\/a>","rttpg_excerpt":"Una forma di allevamento tuttora presente in quasi tutto il territorio regionale \u00e8 diventata pratica di studio dell'Universit\u00e0 di Udine","_links":{"self":[{"href":"https:\/\/imagazine.it\/home_desk\/wp-json\/wp\/v2\/posts\/54424","targetHints":{"allow":["GET"]}}],"collection":[{"href":"https:\/\/imagazine.it\/home_desk\/wp-json\/wp\/v2\/posts"}],"about":[{"href":"https:\/\/imagazine.it\/home_desk\/wp-json\/wp\/v2\/types\/post"}],"author":[{"embeddable":true,"href":"https:\/\/imagazine.it\/home_desk\/wp-json\/wp\/v2\/users\/28"}],"replies":[{"embeddable":true,"href":"https:\/\/imagazine.it\/home_desk\/wp-json\/wp\/v2\/comments?post=54424"}],"version-history":[{"count":0,"href":"https:\/\/imagazine.it\/home_desk\/wp-json\/wp\/v2\/posts\/54424\/revisions"}],"wp:featuredmedia":[{"embeddable":true,"href":"https:\/\/imagazine.it\/home_desk\/wp-json\/wp\/v2\/media\/54425"}],"wp:attachment":[{"href":"https:\/\/imagazine.it\/home_desk\/wp-json\/wp\/v2\/media?parent=54424"}],"wp:term":[{"taxonomy":"category","embeddable":true,"href":"https:\/\/imagazine.it\/home_desk\/wp-json\/wp\/v2\/categories?post=54424"},{"taxonomy":"post_tag","embeddable":true,"href":"https:\/\/imagazine.it\/home_desk\/wp-json\/wp\/v2\/tags?post=54424"}],"curies":[{"name":"wp","href":"https:\/\/api.w.org\/{rel}","templated":true}]}}