{"id":54397,"date":"2024-04-30T10:55:07","date_gmt":"2024-04-30T08:55:07","guid":{"rendered":"https:\/\/imagazine.it\/home_desk\/?p=54397"},"modified":"2024-05-01T22:07:23","modified_gmt":"2024-05-01T20:07:23","slug":"scoprire-il-friuli-venezia-giulia-sui-treni-storici","status":"publish","type":"post","link":"https:\/\/imagazine.it\/home_desk\/scoprire-il-friuli-venezia-giulia-sui-treni-storici\/","title":{"rendered":"Scoprire il Friuli Venezia Giulia sui treni storici"},"content":{"rendered":"<p><span style=\"font-size: 10pt;\"><em>Treni storici sempre pi\u00f9 attivi in FVG<\/em><\/span><\/p>\n<p>TRIESTE \u2013 Ripartita la programmazione 2024 per viaggiare a bordo dei treni storici in Friuli Venezia Giulia: dopo le prime quattro date di aprile andate sold out, ancora 24 appuntamenti dal 5 maggio fino al 15 dicembre per raggiungere eventi e localit\u00e0 in regione e provare l\u2019emozione di un viaggio di altri tempi su carrozze anni \u201930.<\/p>\n<p>Si tratta delle cosiddette \u201cCentoporte\u201d, con i salottini in legno e le tendine al finestrino, perfettamente conservate, munite di bagagliaio e cappelliere e trainate da locomotive a vapore, elettriche o diesel.<\/p>\n<p>Dai siti Unesco ai \u201cBorghi pi\u00f9 belli di Italia\u201d, dai villaggi marinari alle rievocazioni storiche, dagli itinerari guidati alle sagre ma anche manifestazioni enogastronomiche e ancora i grandi eventi sportivi: tante saranno le occasioni per scoprire un territorio ricco di proposte all\u2019insegna di storia, bellezze naturali, tradizione ed enogastronomia viaggiando in un modo originale.<\/p>\n<p>L\u2019iniziativa \u00e8 riproposta grazie alla rinnovata collaborazione tra la Regione Friuli Venezia Giulia e Fondazione FS e con il supporto tecnico operativo di PromoTurismoFVG, con il duplice obiettivo di promuovere il territorio ma anche di incentivare il trasporto ferroviario a favore di un modello di turismo pi\u00f9 sostenibile, grazie ad un\u2019offerta ampia e di qualit\u00e0, ad una tariffa speciale che include programmi a terra gratuiti come visite guidate e attivit\u00e0 naturalistiche, e alla possibilit\u00e0 di portare con s\u00e9 la bicicletta.<\/p>\n<h3>5, 12, 19 e 26 MAGGIO, QUATTRO TRENI ALL\u2019INSEGNA DI CULTURA, FIORI E GIARDINI<\/h3>\n<p>Aprir\u00e0 il mese il <strong>Treno della Belle Epoque<\/strong> che domenica 5 maggio porter\u00e0 i passeggeri in partenza<strong> da Sacile a Corm\u00f2ns e poi a Gorizia<\/strong> per un tuffo nella Belle \u00c9poque. I passeggeri avranno occasione di partecipare ad una visita guidata nel centro storico del capoluogo isontino, indiscussa testimonianza di eleganza mitteleuropea e visitare Corm\u00f2ns. Inclusa gratuitamente nell\u2019esperienza la visita guidata di Gorizia con focus sulla Belle \u00c9poque e la visita con degustazione in una cantina di Corm\u00f2ns (per maggiori informazioni INFOPOINT DI PORDENONE Tel. +39 0434 520381; info.pordenone@promoturismo.fvg.it ).<\/p>\n<p>Il 12 maggio sar\u00e0 operativo il <strong>Treno delle Citt\u00e0 UNESCO<\/strong> <strong>da Trieste a Palmanova e Cividale del Friuli<\/strong> per scoprire atmosfere, percorsi, storia e monumenti della citt\u00e0 stellata e del primo ducato longobardo in Italia. Incluse gratuitamente per i passeggeri le visite guidate di Palmanova e Cividale del Friuli (INFOPOINT PALMANOVA +39 0432 924815; +39 335 7847446; info.palmanova@promoturismo.fvg.it ), mentre il 19 maggio sempre da Trieste partir\u00e0 il <strong>Treno delle Orchidee<\/strong> diretto ad <strong>Osoppo<\/strong> in occasione appunto della Festa delle Orchidee, una manifestazione organizzata nelle vie del borgo friulano e nelle aree naturali dove crescono spontanee numerose specie di orchidee locali.<\/p>\n<p>Sar\u00e0 invece diretto a <strong>Sacile<\/strong> il <strong>Treno dei Giardini<\/strong> che il 26 maggio partir\u00e0 da Trieste alla scoperta delle ricchezze naturali ed enologiche di questa area della regione in occasione della manifestazione \u201cCantine Aperte\u201d, per un viaggio tra i colori e i profumi del vino e dei fiori nel Giardino della Serenissima all\u2019insegna della cultura, della tradizione e dei prodotti tipici. Inclusa gratuitamente nell\u2019esperienza la visita con degustazione della Tenuta Vistorta e la visita guidata di Sacile (informazioni INFOPOINT DI PORDENONE Tel. +39 0434 520381; info.pordenone@promoturismo.fvg.it ).<\/p>\n<h3>9, 16, 23 e 30 GIUGNO, I TRENI STORICI ESTIVI VERSO LE VIE DELL\u2019ACQUA DI MARE, FIUMI E LAGUNA<\/h3>\n<p>Sono quattro gli appuntamenti a giugno con i treni storici: il primo , domenica 9 giugno, vedr\u00e0 operativo il <strong>Treno \u201cOttavio Bottecchia\u201d<\/strong> e il <strong>Treno \u201cTrota in Festa\u201d<\/strong>, che da <strong>Pordenone<\/strong> arriver\u00e0 a <strong>Trasaghis<\/strong> e condurr\u00e0 i passeggeri lungo i percorsi del grande ciclista in occasione del centenario della sua prima vittoria al Tour de France (per informazioni: SPORTLAND, Tel. +39 0432 1504271, info@sportland.fvg.it ).<\/p>\n<p>Il 16 giugno partir\u00e0 invece da <strong>Portogruaro<\/strong> il <strong>Treno tra Laguna e Mare<\/strong> con una prima tappa a <strong>Marano Lagunare<\/strong> e arrivo in seguito a <strong>Miramare<\/strong>: la mattina sar\u00e0 dedicata alla scoperta del borgo marinaro e antica fortezza in occasione della manifestazione di San Vio dove saranno presenti numerosi stand enogastronomici, mentre il pomeriggio i passeggeri potranno continuare il viaggio giungendo a Miramare dove li attender\u00e0 una visita guidata gratuita all\u2019interno del parco del castello dedicata ai suoi punti pi\u00f9 iconici (INFOPOINT MARANO Tel.+ 39 3346835248; info.marano@promoturismo.fvg.it ).<\/p>\n<p>Il 23 giugno l\u2019appuntamento \u00e8 con il <strong>Treno delle Risorgive e dello Stella<\/strong> che partir\u00e0 da Trieste alla volta di <strong>Palazzolo dello Stella<\/strong> per una gita tra storia e natura, visitando il centro storico di Palazzolo dello Stella e la biodiversit\u00e0 della laguna (INFOPOINT LIGNANO +39 0431 71821; +39 335 7697304; info.lignano@promoturismo.fvg.it ).<\/p>\n<p>Chiude il mese il 30 giugno il <strong>Treno Terre dell\u2019Altolivenza<\/strong> con partenza da <strong>Sacile<\/strong> e arrivo a <strong>Budoia-Polcenigo<\/strong> per scoprire l\u2019Altolivenza, una terra a cavallo dell\u2019alto corso della Livenza, il suggestivo fiume che nasce in Friuli nel territorio di Polcenigo, bagna Sacile e sfocia nel Veneto (INFOPOINT PORDENONE Tel. +39 0434 520381; info.pordenone@promoturismo.fvg.it ).<\/p>\n<h3>7, 14, 21 e 28 LUGLIO: QUATTRO TRENI TRA FOLK, CULTURA E ATTIVIT\u00c0 ALL\u2019ARIA APERTA<\/h3>\n<p>\u00c8 il <strong>Treno Folkest<\/strong> che il 7 luglio partir\u00e0 da Trieste con destinazione <strong>San Daniele del Friuli<\/strong> in occasione della manifestazione Folkest &#8211; international folk music festival, per un viaggio tra le musiche e le culture del mondo (ASSOCIAZIONE PRO SAN DANIELE +39 0432940765 ; +39 0432941560 ; <a href=\"http:\/\/www.infosandaniele.com\" target=\"_blank\" rel=\"noopener\">www.infosandaniele.com<\/a>), mentre domenica 14 luglio sar\u00e0 il turno del <strong>Treno alla scoperta di Pinzano al Tagliamento e della Val d\u2019Arzino<\/strong> con partenza da <strong>Sacile<\/strong> e arrivo a <strong>Pinzano al Tagliamento<\/strong>: una volta giunti a destinazione sar\u00e0 possibile scegliere tra diverse attivit\u00e0 da fare all\u2019aria aperta: discesa in Packraft\/Rafting lungo il fiume, percorso in e-bike (lato Forgaria\/Vito d\u2019Asio e a Pinzano\/Valeriano) o itinerari culturali quali l\u2019 escursione a piedi guidata a Castello, Cjampat, Pontaiba, Puart, Sacrario Germanico e Casa Traghettatore (INFOPOINT PORDENONE Tel. +39 0434 520381; info.pordenone@promoturismo.fvg.it).<\/p>\n<p>Partir\u00e0 invece da Pordenone il 21 luglio il <strong>Treno delle Citt\u00e0 Unesco<\/strong> alla volta di <strong>Palmanova<\/strong> e di <strong>Aquileia<\/strong> per scoprirne la ricchezza storica e culturale che le rende un patrimonio mondiale dell\u2019Unesco (INFOPOINT AQUILEIA +39 0431 919491; +39 335 7759580; info.aquileia@promoturismo.fvg.it).<\/p>\n<p>Il mese si chiude con il <strong>Treno dei castelli e dei mosaici<\/strong> che il 28 luglio porter\u00e0 i passeggeri in partenza da <strong>Sacile<\/strong> alla volta di <strong>Spilimbergo<\/strong> in un affascinante viaggio lungo i binari della Ferrovia Pedemontana alla scoperta di <strong>Travesio<\/strong>, con la Chiesa di San Pietro dove ammirare le opere del Pilacorte del XVI sec. e gli affreschi del pittore Giovanni Antonio de Sacchis detto il Pordenone, fino a giungere a Spilimbergo, la \u201cCitt\u00e0 del Mosaico\u201d (per info IAT SPILIMBERGO +39 0427 2274; +39 0427 881517; iat@comune.spilimbergo.pn.it).<\/p>\n<h3>LE TAPPE DI AGOSTO, SETTEMBRE E OTTOBRE: TANTI APPUNTAMENTI TRA RIEVOCAZIONI, SAGRE E FESTIVAL D\u2019AUTORE<\/h3>\n<p>Il 3 agosto partir\u00e0 da Trieste con destinazione <strong>Gemona del Friuli<\/strong> il <strong>treno storico Tempus express<\/strong> in occasione di Tempus est Jocundum la manifestazione storica che ogni anni ripopola le via della citt\u00e0 di figure e ambienti medioevali come quella dei cavalieri e splendide dame, ma anche mangiafuoco, artigiani nei loro mercati e taverne e di numerosi spettacoli di danza e di teatro in tutte le piazze ( IAT GEMONA 0432 981441 ; info@visitgemona.com) mentre l\u201911 agosto sar\u00e0 operativo il <strong>Treno delle Dolomiti Friulane<\/strong> che da Sacile giunger\u00e0 a <strong>Montereale Valcellina<\/strong> e <strong>Barcis<\/strong> attraversando i suggestivi paesaggi naturalistici del Friuli. I viaggiatori, una volta giunti alla stazione di Montereale Valcellina, saranno accompagnati alla scoperta della <strong>centrale idroelettrica di Malnisio<\/strong> e alla vecchia strada della Valcellina.<\/p>\n<p>Settembre si apre con il <strong>Treno dei Borghi pi\u00f9 belli d\u2019Italia<\/strong> che il 1 settembre porter\u00e0 i passeggeri in partenza da Sacile a fino a <strong>Travesio<\/strong> con tappe intermedie in alcuni dei Borghi pi\u00f9 Belli d\u2019Italia: <strong>Polcenigo<\/strong>, <strong>Poffabro<\/strong> (in occasione della manifestazione \u201c<em>Paesi Aperti di Frisanco<\/em>\u201d), e <strong>Toppo<\/strong>, nel comune di Travesio, borgo rurale che conserva i resti del suo castello medioevale. (INFOPOINT DI PORDENONE Tel. +39 0434 520381; info.pordenone@promoturismo.fvg.it).<\/p>\n<p>L\u20198 settembre invece partir\u00e0 da Udine il <strong>Treno alla Scoperta dei Borghi della Pianura Pordenonese<\/strong> diretto a <strong>Casarsa della Delizia<\/strong>, \u201cpaese di temporali e primule\u201d per un viaggio sulle tracce di Pier Paolo Pasolini e con la possibilit\u00e0 di visitare i centri storici di San Vito al Tagliamento e Cordovado (INFOPOINT DI PORDENONE, Tel. +39 0434 520381, info.pordenone@promoturismo.fvg.it).<\/p>\n<p>\u00c8 invece dedicato alla manifestazione letteraria il <strong>Treno di Pordenonelegge<\/strong> del 21 settembre: con due partenze, una da Treviso e una da Trieste, il treno storico raggiunger\u00e0 Pordenone in occasione dell\u2019annuale festa del libro con gli autori, un festival letterario tra i principali del panorama culturale nazionale (INFOPOINT DI PORDENONE, Tel. +39 0434 520381, info.pordenone@promoturismo.fvg.it).<\/p>\n<p>Il mese di ottobre si apre con il <strong>Treno sapori d\u2019autunno<\/strong> che collegher\u00e0 domenica 6 ottobre Treviso a <strong>Cavasso Nuovo<\/strong> per la Festa della Cipolla Rossa di Cavasso Nuovo. A bordo del treno storico da Treviso i viaggiatori arriveranno a Cavasso Nuovo in occasione della tradizionale &#8220;Festa d&#8217;Autunno&#8221; iniziativa che vede come protagonista il presidio slow food &#8220;Cipolla Rossa di Cavasso Nuovo&#8221; proponendo gli stand dei produttori e diversi piatti per valorizzare questo prodotto, mentre il 20 ottobre entrer\u00e0 in azione il <strong>Treno Fiera di San Simone<\/strong> da Treviso a <strong>Codroipo<\/strong> correlato alla Fiera di San Simone di Codroipo con la possibilit\u00e0 una volta scesi di visitare il territorio in bici. (INFOPOINT UDINE Tel. +39 0432 295972; info.udine@promoturismo.fvg.it).<\/p>\n<p>Per gli amanti della zucca e dei caldi colori autunnali il 27 ottobre sar\u00e0 da non perdere il <strong>Treno alla scoperta di Venzone o della Zucca<\/strong>, un viaggio da Trieste a Venzone per l\u2019annuale Festa della Zucca cogliendo l\u2019occasione di scoprire il ricco patrimonio artistico-culturale della cittadina friulana circondati da zucche fino all\u2019imbrunire per una giornata medioevale senza pari (IAT VENZONE Tel +39 0432 985034; provenzone@libero.it; info@venzoneturismo.it).<\/p>\n<h3>I TRENI DI NOVEMBRE E DICEMBRE, SUL FILO DELLA STORIA E TRA I PROFUMI DEL NATALE<\/h3>\n<p>Novembre si apre sabato 4 con l\u2019immancabile appuntamento sui luoghi sacri della Grande Guerra con il <strong>Treno della Grande Guerra<\/strong> che collegher\u00e0 Trieste a <strong>Redipuglia<\/strong> in occasione della Giornata dell&#8217;unit\u00e0 nazionale e delle forze armate, dove avr\u00e0 luogo la cerimonia di commemorazione di tutti i soldati caduti durante il primo conflitto mondiale. Al termine della celebrazione solenne \u00e8 prevista per i passeggeri una visita guidata accompagnati da esperti e dedicata ai luoghi che hanno segnato la storia (IAT FOGLIANO REDIPUGLIA Tel +39 0481 489139; info@prolocofoglianoredipuglia.it ; <a href=\"http:\/\/www.prolocofoglianoredipuglia.it\" target=\"_blank\" rel=\"noopener\">www.prolocofoglianoredipuglia.it<\/a>).<\/p>\n<p>Domenica 10 novembre sar\u00e0 la volta del <strong>Treno del Formaggio<\/strong> che porter\u00e0 i passeggeri in partenza da Sacile a <strong>Gemona<\/strong> in occasione di \u201c<em>Gemona, formaggio\u2026 e dintorni<\/em>\u201d, una grande mostra-mercato dei produttori lattiero caseari e delle tipicit\u00e0 enogastronomiche regionali e italiane con laboratori del gusto e visite guidate alle latterie (IAT GEMONA 0432 981441; info@visitgemona.com).<\/p>\n<p>Le ultime due date a calendario sono quelle di dicembre e saranno dedicate alle tradizioni prenatalizie: marted\u00ec 5 dicembre il <strong>Treno dei Krampus<\/strong> partir\u00e0 da Trieste con direzione Tarvisio in occasione della festa di San Nicola e della tradizionale uscita in maschera dei Krampus per le vie della citt\u00e0, rumorose e inquietanti creature la cui origine si perde nella notte dei tempi e nella profondit\u00e0 della foresta (INFOPOINT TARVISIO; +39 0428 2135; +39 335 7839496; info.tarvisio@promoturismo.fvg.it).<\/p>\n<p>Il 15 dicembre invece il <strong>Treno dei presepi e dei mercatini di Natale<\/strong> collegher\u00e0 Gemona del Friuli a <strong>Poffabro<\/strong> per una visita dei presepi, proseguir\u00e0 fino a Polcenigo \u2013 con fermata a Maniago \u2013 e poi a Sacile \u2013 stazione di Budoia- per un itinerario focalizzato sulla scoperta dei borghi con visita ai presepi tipici e ai mercatini di Natale: un viaggio nella magica atmosfera del Natale di questi affascinanti borghi storici e molte occasioni di intrattenimento per grandi e piccini (INFOPOINT PORDENONE; +39 0434 520381; info.pordenone@promoturismo.fvg.it).<\/p>\n<h3>TARIFFE, MODALIT\u00c0 DI ACQUISTO E ASSISTENZA<\/h3>\n<p>L\u2019iniziativa \u00e8 proposta ad un prezzo promozionale e a tariffa fissa, indipendentemente dalla lunghezza della tratta percorsa. Il prezzo del biglietto di sola andata o solo ritorno sui treni a locomotiva elettrica o diesel \u00e8 per gli adulti di 5 euro, i bambini dai 4 ai 12 anni non compiuti pagano 2,50 euro, mentre quelli con et\u00e0 inferiore ai 4 anni viaggiano gratis. Per i treni con locomotiva a vapore il prezzo a\/r per adulti \u00e8 15 euro e di 7,50 euro per i bambini dai 4 ai 12 anni non compiuti, bambini da 0 a 4 anni non compiuti grati.<\/p>\n<p>Non \u00e8 possibile prenotare il posto a sedere.<\/p>\n<p>I biglietti sono in vendita attraverso tutti i canali Trenitalia: online sul sito www.trenitalia.com, nelle biglietterie e ai self-service nelle stazioni ferroviarie e nelle agenzie di viaggio abilitate.<br \/>\nLa messa in vendita avviene a partire in media da due settimane prima della data del viaggio sul sito di Fondazione FS e si chiude ad esaurimento biglietti. La capacit\u00e0 massima del treno storico \u00e8 di 250 passeggeri.<\/p>\n","protected":false},"excerpt":{"rendered":"<p>Dal 5 maggio fino al 15 dicembre 24 appuntamenti per viaggiare a bordo di carrozze d\u2019epoca, visitare localit\u00e0 e raggiungere i pi\u00f9 significativi eventi regionali<\/p>\n","protected":false},"author":28,"featured_media":54405,"comment_status":"closed","ping_status":"closed","sticky":false,"template":"","format":"image","meta":{"dwc-title":[""],"dwc-content":[""],"footnotes":""},"categories":[8],"tags":[420,1536,1535,1729,151],"class_list":["post-54397","post","type-post","status-publish","format-image","has-post-thumbnail","hentry","category-turismo","tag-escursioni","tag-ferrovia","tag-treni","tag-treni-storici","tag-viaggi","post_format-post-format-image"],"rttpg_featured_image_url":{"full":["https:\/\/imagazine.it\/wp-content\/uploads\/2024\/04\/trenistoricifvg2024.jpg",1366,768,false],"landscape":["https:\/\/imagazine.it\/wp-content\/uploads\/2024\/04\/trenistoricifvg2024.jpg",1366,768,false],"portraits":["https:\/\/imagazine.it\/wp-content\/uploads\/2024\/04\/trenistoricifvg2024.jpg",1366,768,false],"thumbnail":["https:\/\/imagazine.it\/wp-content\/uploads\/2024\/04\/trenistoricifvg2024-150x150.jpg",150,150,true],"medium":["https:\/\/imagazine.it\/wp-content\/uploads\/2024\/04\/trenistoricifvg2024-300x169.jpg",300,169,true],"large":["https:\/\/imagazine.it\/wp-content\/uploads\/2024\/04\/trenistoricifvg2024-1024x576.jpg",640,360,true],"thumblist":["https:\/\/imagazine.it\/wp-content\/uploads\/2024\/04\/trenistoricifvg2024-300x300.jpg",300,300,true],"thumbrelated":["https:\/\/imagazine.it\/wp-content\/uploads\/2024\/04\/trenistoricifvg2024-500x500.jpg",500,500,true],"meccarouselthumb":["https:\/\/imagazine.it\/wp-content\/uploads\/2024\/04\/trenistoricifvg2024-474x324.jpg",474,324,true],"gridsquare":["https:\/\/imagazine.it\/wp-content\/uploads\/2024\/04\/trenistoricifvg2024-391x260.jpg",391,260,true],"tileview":["https:\/\/imagazine.it\/wp-content\/uploads\/2024\/04\/trenistoricifvg2024-300x400.jpg",300,400,true],"1536x1536":["https:\/\/imagazine.it\/wp-content\/uploads\/2024\/04\/trenistoricifvg2024.jpg",1366,768,false],"2048x2048":["https:\/\/imagazine.it\/wp-content\/uploads\/2024\/04\/trenistoricifvg2024.jpg",1366,768,false],"newsup-slider-full":["https:\/\/imagazine.it\/wp-content\/uploads\/2024\/04\/trenistoricifvg2024-1280x720.jpg",1280,720,true],"newsup-featured":["https:\/\/imagazine.it\/wp-content\/uploads\/2024\/04\/trenistoricifvg2024-1024x576.jpg",1024,576,true],"newsup-medium":["https:\/\/imagazine.it\/wp-content\/uploads\/2024\/04\/trenistoricifvg2024-720x380.jpg",720,380,true],"tptn_thumbnail":["https:\/\/imagazine.it\/wp-content\/uploads\/2024\/04\/trenistoricifvg2024-250x210.jpg",250,210,true],"sow-carousel-default":["https:\/\/imagazine.it\/wp-content\/uploads\/2024\/04\/trenistoricifvg2024.jpg",272,153,false]},"rttpg_author":{"display_name":"redazione","author_link":"https:\/\/imagazine.it\/home_desk\/author\/redazione\/"},"rttpg_comment":0,"rttpg_category":"<a href=\"https:\/\/imagazine.it\/home_desk\/category\/turismo\/\" rel=\"category tag\">TURISMO<\/a>","rttpg_excerpt":"Dal 5 maggio fino al 15 dicembre 24 appuntamenti per viaggiare a bordo di carrozze d\u2019epoca, visitare localit\u00e0 e raggiungere i pi\u00f9 significativi eventi regionali","_links":{"self":[{"href":"https:\/\/imagazine.it\/home_desk\/wp-json\/wp\/v2\/posts\/54397","targetHints":{"allow":["GET"]}}],"collection":[{"href":"https:\/\/imagazine.it\/home_desk\/wp-json\/wp\/v2\/posts"}],"about":[{"href":"https:\/\/imagazine.it\/home_desk\/wp-json\/wp\/v2\/types\/post"}],"author":[{"embeddable":true,"href":"https:\/\/imagazine.it\/home_desk\/wp-json\/wp\/v2\/users\/28"}],"replies":[{"embeddable":true,"href":"https:\/\/imagazine.it\/home_desk\/wp-json\/wp\/v2\/comments?post=54397"}],"version-history":[{"count":0,"href":"https:\/\/imagazine.it\/home_desk\/wp-json\/wp\/v2\/posts\/54397\/revisions"}],"wp:featuredmedia":[{"embeddable":true,"href":"https:\/\/imagazine.it\/home_desk\/wp-json\/wp\/v2\/media\/54405"}],"wp:attachment":[{"href":"https:\/\/imagazine.it\/home_desk\/wp-json\/wp\/v2\/media?parent=54397"}],"wp:term":[{"taxonomy":"category","embeddable":true,"href":"https:\/\/imagazine.it\/home_desk\/wp-json\/wp\/v2\/categories?post=54397"},{"taxonomy":"post_tag","embeddable":true,"href":"https:\/\/imagazine.it\/home_desk\/wp-json\/wp\/v2\/tags?post=54397"}],"curies":[{"name":"wp","href":"https:\/\/api.w.org\/{rel}","templated":true}]}}