{"id":54192,"date":"2024-04-23T10:51:53","date_gmt":"2024-04-23T08:51:53","guid":{"rendered":"https:\/\/imagazine.it\/home_desk\/?p=54192"},"modified":"2024-04-24T17:23:02","modified_gmt":"2024-04-24T15:23:02","slug":"karate-cervignano-conquista-la-coppa-italia","status":"publish","type":"post","link":"https:\/\/imagazine.it\/home_desk\/karate-cervignano-conquista-la-coppa-italia\/","title":{"rendered":"Karate: Cervignano conquista la Coppa Italia"},"content":{"rendered":"<p><span style=\"font-size: 10pt;\"><em>Il Di Meglio Karate Team festeggia la vittoria della Coppa Italia<\/em><\/span><\/p>\n<p>CERVIGNANO DEL FRIULI \u2013 Il \u201c<strong>Di Meglio Karate Team<\/strong>\u201d dello <strong>Sport Planet Cervignano<\/strong> conquista la Coppa Italia 2024 con quindici piazzamenti sul podio.<\/p>\n<p>Sabato e domenica scorsi oltre 1.200 atleti provenienti da tutta la Penisola hanno riempito i tatami del palazzetto dello sport di Granarolo dell&#8217;Emilia, in provincia di Bologna.<\/p>\n<p>Ancora una volta la squadra del <strong>Maestro Giovanni Di Meglio<\/strong> torna protagonista del circuito della <strong>Federazione Italiana Karate<\/strong>, in una delle pi\u00f9 importanti competizioni dell\u2019anno. Un risultato che ha fatto rimbombare nel palazzetto l\u2019eco dei numerosi sostenitori che hanno seguito la squadra.<\/p>\n<p>La compagine cervignanese ha avuto la meglio sull\u2019I.T.K. Sport Monza (seconda) e la societ\u00e0 Arti Marziali Firenze (terza).<\/p>\n<p>\u201cSono orgoglioso \u2013 dichiara Di Meglio \u2013 dei risultati che stanno portando a casa i nostri atleti. Ci teniamo molto a rimanere ai vertici nazionali della federazione per dimostrare il nostro impegno tecnico e sportivo. I grandi risultati di questi ultimi anni inorgogliscono il nostro movimento. Desidero ringraziare sinceramente tutti coloro che, al mio fianco, con impegno costante, formano questi ragazzi: dallo staff tecnico ai dirigenti sociali. Un ringraziamento va anche al nostro fan club, composto da genitori, amici e sostenitori, che con la loro presenza e tifo stimolano positivamente la squadra a raggiungere quelle mete che ci siamo prefissati. Un abbraccio speciale va a tutti e sedici gli atleti che hanno dato il massimo sui tatami di questa gara contribuendo alla vittoria del primo posto per societ\u00e0 nella specialit\u00e0 Kumite\u201d.<\/p>\n<p>Per quanto in tutte le categorie gli atleti hanno dimostrato le loro capacit\u00e0, quella di rilievo e di successo \u00e8 stata la <strong>Cadetti femminile +55 Kg<\/strong> dove \u00e8 stato fatto cappotto (<em>en plein<\/em>), con le quattro atlete <strong>Maya Fegino<\/strong> (oro), <strong>Veronica Mennucci<\/strong> (argento) <strong>Serena Lombardo <\/strong>e <strong>Matilda Menon<\/strong> (bronzo pari merito).<\/p>\n<p>La squadra, allenata da <strong>Andrea Pozzato<\/strong> supportato dai campioni del mondo <strong>Marco Pozzato<\/strong> e <strong>Martina Namoini<\/strong>, \u00e8 cos\u00ec salita sul podio conquistando, oltre che il primo posto come societ\u00e0, <strong>quindici medaglie<\/strong> di cui <strong>sette ori, tre argenti e cinque bronzi<\/strong>.<\/p>\n<div id=\"metaslider-id-54193\" style=\"max-width: 800px; margin: 0 auto;\" class=\"ml-slider-3-108-0 metaslider metaslider-flex metaslider-54193 ml-slider ms-theme-default nav-hidden\" role=\"region\" aria-label=\"Coppa Italia Karate\" data-height=\"600\" data-width=\"800\">\n    <div id=\"metaslider_container_54193\">\n        <div id=\"metaslider_54193\">\n            <ul class='slides'>\n                <li style=\"display: block; width: 100%;\" class=\"slide-54200 ms-image \" aria-roledescription=\"slide\" data-date=\"2024-04-23 10:49:11\" data-filename=\"arbitri.jpeg\" data-slide-type=\"image\"><img loading=\"lazy\" decoding=\"async\" width=\"1536\" height=\"2048\" src=\"https:\/\/imagazine.it\/wp-content\/uploads\/2024\/04\/arbitri.jpeg\" class=\"slider-54193 slide-54200 msDefaultImage\" alt=\"\" rel=\"\" title=\"\" srcset=\"https:\/\/imagazine.it\/wp-content\/uploads\/2024\/04\/arbitri.jpeg 1536w, https:\/\/imagazine.it\/wp-content\/uploads\/2024\/04\/arbitri-225x300.jpeg 225w, https:\/\/imagazine.it\/wp-content\/uploads\/2024\/04\/arbitri-768x1024.jpeg 768w, https:\/\/imagazine.it\/wp-content\/uploads\/2024\/04\/arbitri-300x400.jpeg 300w, https:\/\/imagazine.it\/wp-content\/uploads\/2024\/04\/arbitri-1152x1536.jpeg 1152w, https:\/\/imagazine.it\/wp-content\/uploads\/2024\/04\/arbitri-1024x1365.jpeg 1024w\" sizes=\"auto, (max-width: 1536px) 100vw, 1536px\"><\/li>\n                <li style=\"display: none; width: 100%;\" class=\"slide-54201 ms-image \" aria-roledescription=\"slide\" data-date=\"2024-04-23 10:49:11\" data-filename=\"Con-il-Presidente-Nazionale-Federazione-Italiana-Karate-dott.-Riccardo-Mosco.jpeg\" data-slide-type=\"image\"><img loading=\"lazy\" decoding=\"async\" width=\"2048\" height=\"1147\" src=\"https:\/\/imagazine.it\/wp-content\/uploads\/2024\/04\/Con-il-Presidente-Nazionale-Federazione-Italiana-Karate-dott.-Riccardo-Mosco.jpeg\" class=\"slider-54193 slide-54201 msDefaultImage\" alt=\"\" rel=\"\" title=\"Con il Presidente Nazionale Federazione Italiana Karate, dott. Riccardo Mosco\" srcset=\"https:\/\/imagazine.it\/wp-content\/uploads\/2024\/04\/Con-il-Presidente-Nazionale-Federazione-Italiana-Karate-dott.-Riccardo-Mosco.jpeg 2048w, https:\/\/imagazine.it\/wp-content\/uploads\/2024\/04\/Con-il-Presidente-Nazionale-Federazione-Italiana-Karate-dott.-Riccardo-Mosco-300x168.jpeg 300w, https:\/\/imagazine.it\/wp-content\/uploads\/2024\/04\/Con-il-Presidente-Nazionale-Federazione-Italiana-Karate-dott.-Riccardo-Mosco-1024x574.jpeg 1024w, https:\/\/imagazine.it\/wp-content\/uploads\/2024\/04\/Con-il-Presidente-Nazionale-Federazione-Italiana-Karate-dott.-Riccardo-Mosco-768x430.jpeg 768w, https:\/\/imagazine.it\/wp-content\/uploads\/2024\/04\/Con-il-Presidente-Nazionale-Federazione-Italiana-Karate-dott.-Riccardo-Mosco-1536x860.jpeg 1536w\" sizes=\"auto, (max-width: 2048px) 100vw, 2048px\"><div class=\"caption-wrap\"><div class=\"caption\"><div>Di Meglio, a destra, con il presidente della Federazione Italiana Karate, Riccardo Mosco<\/div><\/div><\/div><\/li>\n                <li style=\"display: none; width: 100%;\" class=\"slide-54202 ms-image \" aria-roledescription=\"slide\" data-date=\"2024-04-23 10:49:12\" data-filename=\"dimeglio-e-pozzato.jpeg\" data-slide-type=\"image\"><img loading=\"lazy\" decoding=\"async\" width=\"1314\" height=\"2048\" src=\"https:\/\/imagazine.it\/wp-content\/uploads\/2024\/04\/dimeglio-e-pozzato.jpeg\" class=\"slider-54193 slide-54202 msDefaultImage\" alt=\"\" rel=\"\" title=\"dimeglio e pozzato\" srcset=\"https:\/\/imagazine.it\/wp-content\/uploads\/2024\/04\/dimeglio-e-pozzato.jpeg 1314w, https:\/\/imagazine.it\/wp-content\/uploads\/2024\/04\/dimeglio-e-pozzato-192x300.jpeg 192w, https:\/\/imagazine.it\/wp-content\/uploads\/2024\/04\/dimeglio-e-pozzato-657x1024.jpeg 657w, https:\/\/imagazine.it\/wp-content\/uploads\/2024\/04\/dimeglio-e-pozzato-768x1197.jpeg 768w, https:\/\/imagazine.it\/wp-content\/uploads\/2024\/04\/dimeglio-e-pozzato-986x1536.jpeg 986w, https:\/\/imagazine.it\/wp-content\/uploads\/2024\/04\/dimeglio-e-pozzato-1024x1596.jpeg 1024w\" sizes=\"auto, (max-width: 1314px) 100vw, 1314px\"><div class=\"caption-wrap\"><div class=\"caption\"><div>Di Meglio assieme all'allenatore Andrea Pozzato<\/div><\/div><\/div><\/li>\n                <li style=\"display: none; width: 100%;\" class=\"slide-54203 ms-image \" aria-roledescription=\"slide\" data-date=\"2024-04-23 10:49:12\" data-filename=\"gruppo.jpeg\" data-slide-type=\"image\"><img loading=\"lazy\" decoding=\"async\" width=\"2048\" height=\"1536\" src=\"https:\/\/imagazine.it\/wp-content\/uploads\/2024\/04\/gruppo.jpeg\" class=\"slider-54193 slide-54203 msDefaultImage\" alt=\"\" rel=\"\" title=\"gruppo\" srcset=\"https:\/\/imagazine.it\/wp-content\/uploads\/2024\/04\/gruppo.jpeg 2048w, https:\/\/imagazine.it\/wp-content\/uploads\/2024\/04\/gruppo-300x225.jpeg 300w, https:\/\/imagazine.it\/wp-content\/uploads\/2024\/04\/gruppo-1024x768.jpeg 1024w, https:\/\/imagazine.it\/wp-content\/uploads\/2024\/04\/gruppo-768x576.jpeg 768w, https:\/\/imagazine.it\/wp-content\/uploads\/2024\/04\/gruppo-1536x1152.jpeg 1536w\" sizes=\"auto, (max-width: 2048px) 100vw, 2048px\"><\/li>\n                <li style=\"display: none; width: 100%;\" class=\"slide-54204 ms-image \" aria-roledescription=\"slide\" data-date=\"2024-04-23 10:49:12\" data-filename=\"podio.jpeg\" data-slide-type=\"image\"><img loading=\"lazy\" decoding=\"async\" width=\"1536\" height=\"2048\" src=\"https:\/\/imagazine.it\/wp-content\/uploads\/2024\/04\/podio.jpeg\" class=\"slider-54193 slide-54204 msDefaultImage\" alt=\"\" rel=\"\" title=\"podio\" srcset=\"https:\/\/imagazine.it\/wp-content\/uploads\/2024\/04\/podio.jpeg 1536w, https:\/\/imagazine.it\/wp-content\/uploads\/2024\/04\/podio-225x300.jpeg 225w, https:\/\/imagazine.it\/wp-content\/uploads\/2024\/04\/podio-768x1024.jpeg 768w, https:\/\/imagazine.it\/wp-content\/uploads\/2024\/04\/podio-300x400.jpeg 300w, https:\/\/imagazine.it\/wp-content\/uploads\/2024\/04\/podio-1152x1536.jpeg 1152w, https:\/\/imagazine.it\/wp-content\/uploads\/2024\/04\/podio-1024x1365.jpeg 1024w\" sizes=\"auto, (max-width: 1536px) 100vw, 1536px\"><\/li>\n                <li style=\"display: none; width: 100%;\" class=\"slide-54205 ms-image \" aria-roledescription=\"slide\" data-date=\"2024-04-23 10:49:12\" data-filename=\"podio2.jpeg\" data-slide-type=\"image\"><img loading=\"lazy\" decoding=\"async\" width=\"2048\" height=\"1536\" src=\"https:\/\/imagazine.it\/wp-content\/uploads\/2024\/04\/podio2.jpeg\" class=\"slider-54193 slide-54205 msDefaultImage\" alt=\"\" rel=\"\" title=\"podio2\" srcset=\"https:\/\/imagazine.it\/wp-content\/uploads\/2024\/04\/podio2.jpeg 2048w, https:\/\/imagazine.it\/wp-content\/uploads\/2024\/04\/podio2-300x225.jpeg 300w, https:\/\/imagazine.it\/wp-content\/uploads\/2024\/04\/podio2-1024x768.jpeg 1024w, https:\/\/imagazine.it\/wp-content\/uploads\/2024\/04\/podio2-768x576.jpeg 768w, https:\/\/imagazine.it\/wp-content\/uploads\/2024\/04\/podio2-1536x1152.jpeg 1536w\" sizes=\"auto, (max-width: 2048px) 100vw, 2048px\"><\/li>\n            <\/ul>\n        <\/div>\n        \n    <\/div>\n<\/div>\n<p>Questi i risultati per atleta:<\/p>\n<p><strong>Alice Loffreda<\/strong> \u2013 1\u00b0 Cl. Esordienti -47 Kg.<\/p>\n<p><strong>Asia Fegino<\/strong> \u2013 1\u00b0 Cl. Esordienti +47 Kg.<\/p>\n<p><strong>Costantino Mennucci<\/strong> \u2013 1\u00b0 Cl. Esordienti -55 Kg.<\/p>\n<p><strong>Aurora Loffreda<\/strong> \u2013 1\u00b0 Cl. Cadetti -47 Kg.<\/p>\n<p><strong>Maya Fegino<\/strong> \u2013 1\u00b0 Cl. Cadetti +55 Kg.<\/p>\n<p><strong>Davide Bigarella<\/strong> \u2013 1\u00b0 Cl. Cadetti -57 Kg.<\/p>\n<p><strong>Nicolas Pezzino<\/strong> \u2013 1\u00b0 Cl. Senior -62 Kg.<\/p>\n<p><strong>Veronica Mennucci<\/strong> \u2013 2\u00b0 Cl. Cadetti +55 Kg.<\/p>\n<p><strong>Gloria Boccalon<\/strong> \u2013 2\u00b0 Cl. Senior -63 Kg.<\/p>\n<p><strong>Nikolaj Chirico<\/strong> \u2013 2\u00b0 Cl. Senior -62 Kg.<\/p>\n<p><strong>Sebastiano Missio<\/strong> \u2013 3\u00b0 Cl. Esordienti -55 Kg.<\/p>\n<p><strong>Nicol\u00f2 Penna<\/strong> \u2013 3\u00b0 Cl. Esordienti +60 Kg.<\/p>\n<p><strong>Serena Lombardo<\/strong> \u2013 3\u00b0 Cl. Cadetti +55 Kg.<\/p>\n<p><strong>Matilda Menon<\/strong> \u2013 3\u00b0 Cl. Cadetti +55 Kg.<\/p>\n<p><strong>Gabriele Renier<\/strong> \u2013 3\u00b0 Cl. Cadetti +70 Kg.<\/p>\n<p>Nella categoria Esordienti maschile -55 Kg., non \u00e8 riuscito a salire sul podio <strong>Thomas Di Meglio<\/strong> che squalificato, ha lasciato spazio ai due compagni di squadra <strong>Mennucci<\/strong> (oro) e <strong>Missio<\/strong> (bronzo).<\/p>\n<p>Tra lo staff arbitrale, va ricordata la presenza anche dei due ufficiali di gara dello Sport Planet Cervignano, <strong>Fabio Maglione<\/strong> (Capo Tatami &#8211; Arbitro Internazionale) e <strong>Diego Gruer<\/strong> (Arbitro Nazionale).<\/p>\n","protected":false},"excerpt":{"rendered":"<p>Con quindici medaglie gli atleti del Di Meglio Karate Team conquistano il primo posto per societ\u00e0 nella specialit\u00e0 Kumite<\/p>\n","protected":false},"author":22,"featured_media":54206,"comment_status":"closed","ping_status":"closed","sticky":false,"template":"","format":"image","meta":{"dwc-title":[""],"dwc-content":[""],"footnotes":""},"categories":[38],"tags":[1695,119,1694,487],"class_list":["post-54192","post","type-post","status-publish","format-image","has-post-thumbnail","hentry","category-sport","tag-arti-marziali","tag-cervignano","tag-coppa-italia","tag-karate","post_format-post-format-image"],"rttpg_featured_image_url":{"full":["https:\/\/imagazine.it\/wp-content\/uploads\/2024\/04\/open-1.jpg",1366,785,false],"landscape":["https:\/\/imagazine.it\/wp-content\/uploads\/2024\/04\/open-1.jpg",1366,785,false],"portraits":["https:\/\/imagazine.it\/wp-content\/uploads\/2024\/04\/open-1.jpg",1366,785,false],"thumbnail":["https:\/\/imagazine.it\/wp-content\/uploads\/2024\/04\/open-1-150x150.jpg",150,150,true],"medium":["https:\/\/imagazine.it\/wp-content\/uploads\/2024\/04\/open-1-300x172.jpg",300,172,true],"large":["https:\/\/imagazine.it\/wp-content\/uploads\/2024\/04\/open-1-1024x588.jpg",640,368,true],"thumblist":["https:\/\/imagazine.it\/wp-content\/uploads\/2024\/04\/open-1-300x300.jpg",300,300,true],"thumbrelated":["https:\/\/imagazine.it\/wp-content\/uploads\/2024\/04\/open-1-500x500.jpg",500,500,true],"meccarouselthumb":["https:\/\/imagazine.it\/wp-content\/uploads\/2024\/04\/open-1-474x324.jpg",474,324,true],"gridsquare":["https:\/\/imagazine.it\/wp-content\/uploads\/2024\/04\/open-1-391x260.jpg",391,260,true],"tileview":["https:\/\/imagazine.it\/wp-content\/uploads\/2024\/04\/open-1-300x400.jpg",300,400,true],"1536x1536":["https:\/\/imagazine.it\/wp-content\/uploads\/2024\/04\/open-1.jpg",1366,785,false],"2048x2048":["https:\/\/imagazine.it\/wp-content\/uploads\/2024\/04\/open-1.jpg",1366,785,false],"newsup-slider-full":["https:\/\/imagazine.it\/wp-content\/uploads\/2024\/04\/open-1-1280x720.jpg",1280,720,true],"newsup-featured":["https:\/\/imagazine.it\/wp-content\/uploads\/2024\/04\/open-1-1024x588.jpg",1024,588,true],"newsup-medium":["https:\/\/imagazine.it\/wp-content\/uploads\/2024\/04\/open-1-720x380.jpg",720,380,true],"tptn_thumbnail":["https:\/\/imagazine.it\/wp-content\/uploads\/2024\/04\/open-1-250x210.jpg",250,210,true],"sow-carousel-default":["https:\/\/imagazine.it\/wp-content\/uploads\/2024\/04\/open-1.jpg",272,156,false]},"rttpg_author":{"display_name":"Livio Nonis","author_link":"https:\/\/imagazine.it\/home_desk\/author\/nonis\/"},"rttpg_comment":0,"rttpg_category":"<a href=\"https:\/\/imagazine.it\/home_desk\/category\/sport\/\" rel=\"category tag\">SPORT<\/a>","rttpg_excerpt":"Con quindici medaglie gli atleti del Di Meglio Karate Team conquistano il primo posto per societ\u00e0 nella specialit\u00e0 Kumite","_links":{"self":[{"href":"https:\/\/imagazine.it\/home_desk\/wp-json\/wp\/v2\/posts\/54192","targetHints":{"allow":["GET"]}}],"collection":[{"href":"https:\/\/imagazine.it\/home_desk\/wp-json\/wp\/v2\/posts"}],"about":[{"href":"https:\/\/imagazine.it\/home_desk\/wp-json\/wp\/v2\/types\/post"}],"author":[{"embeddable":true,"href":"https:\/\/imagazine.it\/home_desk\/wp-json\/wp\/v2\/users\/22"}],"replies":[{"embeddable":true,"href":"https:\/\/imagazine.it\/home_desk\/wp-json\/wp\/v2\/comments?post=54192"}],"version-history":[{"count":0,"href":"https:\/\/imagazine.it\/home_desk\/wp-json\/wp\/v2\/posts\/54192\/revisions"}],"wp:featuredmedia":[{"embeddable":true,"href":"https:\/\/imagazine.it\/home_desk\/wp-json\/wp\/v2\/media\/54206"}],"wp:attachment":[{"href":"https:\/\/imagazine.it\/home_desk\/wp-json\/wp\/v2\/media?parent=54192"}],"wp:term":[{"taxonomy":"category","embeddable":true,"href":"https:\/\/imagazine.it\/home_desk\/wp-json\/wp\/v2\/categories?post=54192"},{"taxonomy":"post_tag","embeddable":true,"href":"https:\/\/imagazine.it\/home_desk\/wp-json\/wp\/v2\/tags?post=54192"}],"curies":[{"name":"wp","href":"https:\/\/api.w.org\/{rel}","templated":true}]}}