{"id":54143,"date":"2024-04-22T12:03:19","date_gmt":"2024-04-22T10:03:19","guid":{"rendered":"https:\/\/imagazine.it\/home_desk\/?p=54143"},"modified":"2024-04-22T12:03:19","modified_gmt":"2024-04-22T10:03:19","slug":"cresce-la-passione-per-il-merletto-goriziano","status":"publish","type":"post","link":"https:\/\/imagazine.it\/home_desk\/cresce-la-passione-per-il-merletto-goriziano\/","title":{"rendered":"Cresce la passione per il Merletto Goriziano"},"content":{"rendered":"<p><span style=\"font-size: 10pt;\"><em>Bracciali realizzati con la tecnica del merletto goriziano<\/em><\/span><\/p>\n<p>GORIZIA \u2013 Dopo il successo della prima edizione gestita da <strong>Erpac Fvg <\/strong>in collaborazione con <strong>Enaip Fvg<\/strong>, che ha visto la partecipazione di 150 allieve, da oggi \u00e8 possibile preiscriversi ai <strong>corsi della Scuola Merletti di Gorizia<\/strong> per il prossimo anno scolastico.<\/p>\n<p>Le schede per la preiscrizione sono scaricabili dal sito di Enaip Fvg\u00a0<a href=\"http:\/\/www.enaip.fvg.it\/\" target=\"_blank\" rel=\"noopener\">www.enaip.fvg.it\/<\/a>\u00a0e andranno inviate entro il prossimo 30 giugno a:\u00a0<a href=\"mailto:merlettogoriziano.erpac@regione.fvg.it\">merlettogoriziano.erpac@regione.fvg.it<\/a>\u00a0oppure\u00a0<a href=\"mailto:e.sut@enaip.fvg.it\">e.sut@enaip.fvg.it<\/a><\/p>\n<p>Erpac ricorda che i corsi, della <strong>durata di 90 ore<\/strong>, saranno finalizzati alla promozione della cultura del merletto goriziano a tombolo e fuselli e si terranno a <strong>Mossa<\/strong>,<strong> Staranzano<\/strong>,<strong> Trieste<\/strong>,<strong> Gorizia<\/strong>,<strong> Udine-Cussignacco<\/strong>,<strong> Pordenone<\/strong>,<strong> Monfalcone<\/strong>,<strong> Fogliano Redipuglia<\/strong>,<strong> Cervignano<\/strong>,<strong> Sgonico<\/strong>,<strong> Aiello <\/strong>e<strong> Torviscosa<\/strong>.<\/p>\n<p>Parte delle opere realizzate dalle maestre merlettaie e dalle loro allieve \u00e8 esposta e in vendita nel negozio Merletto Goriziano, in corso Verdi 86 a Gorizia, aperto dal marted\u00ec al sabato dalle 9 alle 13 e dalle 15.30 alle 19.30; domenica e luned\u00ec chiuso.<\/p>\n","protected":false},"excerpt":{"rendered":"<p>Dopo il boom di adesioni dello scorso anno, aperte le iscrizioni ai nuovi corsi della Scuola Merletti di Gorizia. In programma in tutta la regione <\/p>\n","protected":false},"author":28,"featured_media":54144,"comment_status":"closed","ping_status":"closed","sticky":false,"template":"","format":"image","meta":{"dwc-title":[""],"dwc-content":[""],"footnotes":""},"categories":[5],"tags":[1683,186,400,43,1682,419],"class_list":["post-54143","post","type-post","status-publish","format-image","has-post-thumbnail","hentry","category-attualita","tag-enaip","tag-erpac","tag-formazione","tag-gorizia","tag-merletto","tag-tradizioni","post_format-post-format-image"],"rttpg_featured_image_url":{"full":["https:\/\/imagazine.it\/wp-content\/uploads\/2024\/04\/2-bracciali.jpg",1366,750,false],"landscape":["https:\/\/imagazine.it\/wp-content\/uploads\/2024\/04\/2-bracciali.jpg",1366,750,false],"portraits":["https:\/\/imagazine.it\/wp-content\/uploads\/2024\/04\/2-bracciali.jpg",1366,750,false],"thumbnail":["https:\/\/imagazine.it\/wp-content\/uploads\/2024\/04\/2-bracciali-150x150.jpg",150,150,true],"medium":["https:\/\/imagazine.it\/wp-content\/uploads\/2024\/04\/2-bracciali-300x165.jpg",300,165,true],"large":["https:\/\/imagazine.it\/wp-content\/uploads\/2024\/04\/2-bracciali-1024x562.jpg",640,351,true],"thumblist":["https:\/\/imagazine.it\/wp-content\/uploads\/2024\/04\/2-bracciali-300x300.jpg",300,300,true],"thumbrelated":["https:\/\/imagazine.it\/wp-content\/uploads\/2024\/04\/2-bracciali-500x500.jpg",500,500,true],"meccarouselthumb":["https:\/\/imagazine.it\/wp-content\/uploads\/2024\/04\/2-bracciali-474x324.jpg",474,324,true],"gridsquare":["https:\/\/imagazine.it\/wp-content\/uploads\/2024\/04\/2-bracciali-391x260.jpg",391,260,true],"tileview":["https:\/\/imagazine.it\/wp-content\/uploads\/2024\/04\/2-bracciali-300x400.jpg",300,400,true],"1536x1536":["https:\/\/imagazine.it\/wp-content\/uploads\/2024\/04\/2-bracciali.jpg",1366,750,false],"2048x2048":["https:\/\/imagazine.it\/wp-content\/uploads\/2024\/04\/2-bracciali.jpg",1366,750,false],"newsup-slider-full":["https:\/\/imagazine.it\/wp-content\/uploads\/2024\/04\/2-bracciali-1280x720.jpg",1280,720,true],"newsup-featured":["https:\/\/imagazine.it\/wp-content\/uploads\/2024\/04\/2-bracciali-1024x562.jpg",1024,562,true],"newsup-medium":["https:\/\/imagazine.it\/wp-content\/uploads\/2024\/04\/2-bracciali-720x380.jpg",720,380,true],"tptn_thumbnail":["https:\/\/imagazine.it\/wp-content\/uploads\/2024\/04\/2-bracciali-250x210.jpg",250,210,true],"sow-carousel-default":["https:\/\/imagazine.it\/wp-content\/uploads\/2024\/04\/2-bracciali.jpg",272,149,false]},"rttpg_author":{"display_name":"redazione","author_link":"https:\/\/imagazine.it\/home_desk\/author\/redazione\/"},"rttpg_comment":0,"rttpg_category":"<a href=\"https:\/\/imagazine.it\/home_desk\/category\/attualita\/\" rel=\"category tag\">ATTUALIT\u00c0<\/a>","rttpg_excerpt":"Dopo il boom di adesioni dello scorso anno, aperte le iscrizioni ai nuovi corsi della Scuola Merletti di Gorizia. In programma in tutta la regione","_links":{"self":[{"href":"https:\/\/imagazine.it\/home_desk\/wp-json\/wp\/v2\/posts\/54143","targetHints":{"allow":["GET"]}}],"collection":[{"href":"https:\/\/imagazine.it\/home_desk\/wp-json\/wp\/v2\/posts"}],"about":[{"href":"https:\/\/imagazine.it\/home_desk\/wp-json\/wp\/v2\/types\/post"}],"author":[{"embeddable":true,"href":"https:\/\/imagazine.it\/home_desk\/wp-json\/wp\/v2\/users\/28"}],"replies":[{"embeddable":true,"href":"https:\/\/imagazine.it\/home_desk\/wp-json\/wp\/v2\/comments?post=54143"}],"version-history":[{"count":0,"href":"https:\/\/imagazine.it\/home_desk\/wp-json\/wp\/v2\/posts\/54143\/revisions"}],"wp:featuredmedia":[{"embeddable":true,"href":"https:\/\/imagazine.it\/home_desk\/wp-json\/wp\/v2\/media\/54144"}],"wp:attachment":[{"href":"https:\/\/imagazine.it\/home_desk\/wp-json\/wp\/v2\/media?parent=54143"}],"wp:term":[{"taxonomy":"category","embeddable":true,"href":"https:\/\/imagazine.it\/home_desk\/wp-json\/wp\/v2\/categories?post=54143"},{"taxonomy":"post_tag","embeddable":true,"href":"https:\/\/imagazine.it\/home_desk\/wp-json\/wp\/v2\/tags?post=54143"}],"curies":[{"name":"wp","href":"https:\/\/api.w.org\/{rel}","templated":true}]}}