{"id":53581,"date":"2024-04-08T16:29:13","date_gmt":"2024-04-08T14:29:13","guid":{"rendered":"https:\/\/imagazine.it\/home_desk\/?p=53581"},"modified":"2024-04-09T12:13:18","modified_gmt":"2024-04-09T10:13:18","slug":"vigne-museum-dieci-anni-di-museo-a-cielo-aperto","status":"publish","type":"post","link":"https:\/\/imagazine.it\/home_desk\/vigne-museum-dieci-anni-di-museo-a-cielo-aperto\/","title":{"rendered":"Vigne Museum: dieci anni di museo a cielo aperto"},"content":{"rendered":"<p><span style=\"font-size: 10pt;\"><em>Vigne Museum (\u00a9 Luigi Vitale)<\/em><\/span><\/p>\n<p>GRADISCA D\u2019ISONZO \u2013 <strong>Gioved\u00ec 11 aprile<\/strong>, alla <strong>Galleria Regionale d\u2019Arte contemporanea <\/strong><strong>\u201c<\/strong><strong>Luigi Spazzapan\u201d<\/strong> di Gradisca d\u2019Isonzo, verranno presentati i <strong>primi dieci anni di attivit\u00e0 culturale di Vigne Museum<\/strong>, in un incontro pubblico che racconter\u00e0 uno dei progetti artistico architettonici permanenti pi\u00f9 significativi del Friuli Venezia Giulia.<\/p>\n<p>Il Vigne Museum \u00e8 un museo a cielo aperto realizzato dall\u2019architetto <strong>Yona Friedman <\/strong>con l\u2019artista <strong>Jean-Baptiste Decav<\/strong><strong>\u00e8le <\/strong>nel 2014 per celebrare i 100 anni di <strong>Livio Felluga<\/strong>, patriarca della vitienologia friulana.<\/p>\n<p>L\u2019installazione collocata sulla sommit\u00e0 di una collina tra i vigneti storici di Rosazzo, a poca distanza dalla millenaria Abbazia, \u00e8 divenuta negli anni un catalizzatore di eventi e <em>performance<\/em>, con particolare attenzione all\u2019arte e alla musica contemporanea.<\/p>\n<p>L\u2019obiettivo del Vigne Museum \u00e8 porre l\u2019attenzione sui temi legati all\u2019<strong>ambiente<\/strong>, al <strong>paesaggio<\/strong>, alla <strong>tutela del territorio <\/strong>e alla costruzione di una <strong>societ\u00e0 pi\u00f9 consapevole<\/strong>.<\/p>\n<p>A Vigne Museum in questi dieci anni si sono alternati nomi autorevoli del mondo culturale e scientifico per alimentare un dibattito su queste tematiche: dal neurobiologo vegetale <strong>Stefano Mancuso <\/strong>al filosofo <strong>Leonardo Caffo<\/strong>, dall\u2019architetto paesaggista <strong>Andreas Kipar <\/strong>agli artisti <strong>Liliana Moro <\/strong>e <strong>Giuseppe Stampone<\/strong>, fino ai musicisti e compositori <strong>Frances Marie Uitti <\/strong>e <strong>Alvin Curran<\/strong>.<\/p>\n<p>La serata proporr\u00e0 la testimonianza di <a href=\"https:\/\/imagazine.it\/home_desk\/la-signora-del-vino\/\"><strong>Elda Felluga<\/strong>, presidente dell\u2019associazione culturale<\/a>, e la proiezione del video documentario di <a href=\"https:\/\/imagazine.it\/home_desk\/ascolto-i-luoghi-lasciandomi-stupire\/\"><strong>Luigi Vitale<\/strong>, documentarista che ha seguito tutte le fasi della realizzazione dell\u2019opera artistica architettonica<\/a>.<\/p>\n<p><strong>Giovanna Felluga<\/strong>, curatrice artistica del Vigne Museum, si soffermer\u00e0 invece sulla figura di Yona Friedman, architetto visionario del nostro Novecento. Moderer\u00e0 l&#8217;incontro <a href=\"https:\/\/imagazine.it\/home_desk\/larte-ai-tempi-dei-social\/\"><strong>Lorenzo Michelli<\/strong>, curatore della Galleria<\/a>.<\/p>\n<p>Fondamentale nello sviluppo delle attivit\u00e0, il supporto del comitato scientifico interdisciplinare del Vigne Museum composto da <strong>Cecilia Casorati<\/strong>, direttrice dell\u2019Accademia di Belle Arti di Roma; <strong>Ariella Risch<\/strong>, esperta di comunicazione e marketing; <strong>Dora Stiefelmeier<\/strong>, presidente di RAM radioartemobile e fondatrice di No Man\u2019s Land Foundation; <strong>Edoardo Vigna, <\/strong>caporedattore del Corriere della Sera e responsabile di Pianeta 2030.<\/p>\n<p>Il Vigne Museum \u00e8 un esempio di museo contemporaneo, una piattaforma di incontri e collaborazioni. Le sue attivit\u00e0 ne sono testimonianza cos\u00ec come le partnership stabili con altre associazioni del territorio e non solo, fra cui <strong>Ephemera Festival della Cultura Immateriale<\/strong>, <strong>Simularte con il Festival More Than Jazz <\/strong>e <strong>RAVE East Village Artist Residency. <\/strong><\/p>\n<p>Un approccio in linea con il pensiero di Yona Friedman, in cui la forza sta nella collaborazione e condivisione delle progettualit\u00e0 all\u2019interno di una rete attiva e pulsante.<\/p>\n<p>Una storia iniziata nel 2014 e oggi in continua evoluzione. Anno dopo anno, si sono alternati diversi tipi di attivit\u00e0, tra convegni, concerti, performance, progetti di formazione, tutto volto alla restituzione di un pensiero, di un\u2019attitudine culturale che si rif\u00e0 ai valori legati alla <strong>societ\u00e0 agricola di un tempo, <\/strong>in cui la saggezza e la consapevolezza del vivere guidava le azioni delle persone.<\/p>\n<p>Il Vigne Museum unisce questi antichi valori <strong>a contenuti e stimoli culturali di estrema contemporaneit\u00e0<\/strong>, continuando il processo di <strong>nobilitazione della terra <\/strong>che Livio Felluga inizi\u00f2 alla fine degli anni Cinquanta con la coltivazione della <strong>vite<\/strong>.<\/p>\n<p>\u00c8 proprio la vite il simbolo che racchiude i valori della cultura agreste, dell\u2019educazione contadina e della capacit\u00e0 di convivenza con la natura nel suo massimo rispetto.<\/p>\n","protected":false},"excerpt":{"rendered":"<p>La Galleria Spazzapan celebra l\u2019installazione collocata sulla sommit\u00e0 di una collina tra i vigneti storici di Rosazzo<\/p>\n","protected":false},"author":23,"featured_media":53582,"comment_status":"closed","ping_status":"closed","sticky":false,"template":"","format":"image","meta":{"dwc-title":[""],"dwc-content":[""],"footnotes":""},"categories":[37],"tags":[254,911,1539,1540],"class_list":["post-53581","post","type-post","status-publish","format-image","has-post-thumbnail","hentry","category-cultura-e-spettacolo","tag-gradisca","tag-rosazzo","tag-spazzapan","tag-vigne-museum","post_format-post-format-image"],"rttpg_featured_image_url":{"full":["https:\/\/imagazine.it\/wp-content\/uploads\/2024\/04\/Vigne-Museum_fotoLuigi-Vitale_-copia.jpg",1366,911,false],"landscape":["https:\/\/imagazine.it\/wp-content\/uploads\/2024\/04\/Vigne-Museum_fotoLuigi-Vitale_-copia.jpg",1366,911,false],"portraits":["https:\/\/imagazine.it\/wp-content\/uploads\/2024\/04\/Vigne-Museum_fotoLuigi-Vitale_-copia.jpg",1366,911,false],"thumbnail":["https:\/\/imagazine.it\/wp-content\/uploads\/2024\/04\/Vigne-Museum_fotoLuigi-Vitale_-copia-150x150.jpg",150,150,true],"medium":["https:\/\/imagazine.it\/wp-content\/uploads\/2024\/04\/Vigne-Museum_fotoLuigi-Vitale_-copia-300x200.jpg",300,200,true],"large":["https:\/\/imagazine.it\/wp-content\/uploads\/2024\/04\/Vigne-Museum_fotoLuigi-Vitale_-copia-1024x683.jpg",640,427,true],"thumblist":["https:\/\/imagazine.it\/wp-content\/uploads\/2024\/04\/Vigne-Museum_fotoLuigi-Vitale_-copia-300x300.jpg",300,300,true],"thumbrelated":["https:\/\/imagazine.it\/wp-content\/uploads\/2024\/04\/Vigne-Museum_fotoLuigi-Vitale_-copia-500x500.jpg",500,500,true],"meccarouselthumb":["https:\/\/imagazine.it\/wp-content\/uploads\/2024\/04\/Vigne-Museum_fotoLuigi-Vitale_-copia-474x324.jpg",474,324,true],"gridsquare":["https:\/\/imagazine.it\/wp-content\/uploads\/2024\/04\/Vigne-Museum_fotoLuigi-Vitale_-copia-391x260.jpg",391,260,true],"tileview":["https:\/\/imagazine.it\/wp-content\/uploads\/2024\/04\/Vigne-Museum_fotoLuigi-Vitale_-copia-300x400.jpg",300,400,true],"1536x1536":["https:\/\/imagazine.it\/wp-content\/uploads\/2024\/04\/Vigne-Museum_fotoLuigi-Vitale_-copia.jpg",1366,911,false],"2048x2048":["https:\/\/imagazine.it\/wp-content\/uploads\/2024\/04\/Vigne-Museum_fotoLuigi-Vitale_-copia.jpg",1366,911,false],"newsup-slider-full":["https:\/\/imagazine.it\/wp-content\/uploads\/2024\/04\/Vigne-Museum_fotoLuigi-Vitale_-copia-1280x720.jpg",1280,720,true],"newsup-featured":["https:\/\/imagazine.it\/wp-content\/uploads\/2024\/04\/Vigne-Museum_fotoLuigi-Vitale_-copia-1024x683.jpg",1024,683,true],"newsup-medium":["https:\/\/imagazine.it\/wp-content\/uploads\/2024\/04\/Vigne-Museum_fotoLuigi-Vitale_-copia-720x380.jpg",720,380,true],"tptn_thumbnail":["https:\/\/imagazine.it\/wp-content\/uploads\/2024\/04\/Vigne-Museum_fotoLuigi-Vitale_-copia-250x210.jpg",250,210,true],"sow-carousel-default":["https:\/\/imagazine.it\/wp-content\/uploads\/2024\/04\/Vigne-Museum_fotoLuigi-Vitale_-copia.jpg",272,182,false]},"rttpg_author":{"display_name":"Margherita Reguitti","author_link":"https:\/\/imagazine.it\/home_desk\/author\/reguitti\/"},"rttpg_comment":0,"rttpg_category":"<a href=\"https:\/\/imagazine.it\/home_desk\/category\/cultura-e-spettacolo\/\" rel=\"category tag\">CULTURA&amp;SPETTACOLO<\/a>","rttpg_excerpt":"La Galleria Spazzapan celebra l\u2019installazione collocata sulla sommit\u00e0 di una collina tra i vigneti storici di Rosazzo","_links":{"self":[{"href":"https:\/\/imagazine.it\/home_desk\/wp-json\/wp\/v2\/posts\/53581","targetHints":{"allow":["GET"]}}],"collection":[{"href":"https:\/\/imagazine.it\/home_desk\/wp-json\/wp\/v2\/posts"}],"about":[{"href":"https:\/\/imagazine.it\/home_desk\/wp-json\/wp\/v2\/types\/post"}],"author":[{"embeddable":true,"href":"https:\/\/imagazine.it\/home_desk\/wp-json\/wp\/v2\/users\/23"}],"replies":[{"embeddable":true,"href":"https:\/\/imagazine.it\/home_desk\/wp-json\/wp\/v2\/comments?post=53581"}],"version-history":[{"count":0,"href":"https:\/\/imagazine.it\/home_desk\/wp-json\/wp\/v2\/posts\/53581\/revisions"}],"wp:featuredmedia":[{"embeddable":true,"href":"https:\/\/imagazine.it\/home_desk\/wp-json\/wp\/v2\/media\/53582"}],"wp:attachment":[{"href":"https:\/\/imagazine.it\/home_desk\/wp-json\/wp\/v2\/media?parent=53581"}],"wp:term":[{"taxonomy":"category","embeddable":true,"href":"https:\/\/imagazine.it\/home_desk\/wp-json\/wp\/v2\/categories?post=53581"},{"taxonomy":"post_tag","embeddable":true,"href":"https:\/\/imagazine.it\/home_desk\/wp-json\/wp\/v2\/tags?post=53581"}],"curies":[{"name":"wp","href":"https:\/\/api.w.org\/{rel}","templated":true}]}}