{"id":53572,"date":"2024-04-08T15:20:15","date_gmt":"2024-04-08T13:20:15","guid":{"rendered":"https:\/\/imagazine.it\/home_desk\/?p=53572"},"modified":"2024-04-08T15:20:15","modified_gmt":"2024-04-08T13:20:15","slug":"premio-cervignano-nostra-a-luciano-sartoretti","status":"publish","type":"post","link":"https:\/\/imagazine.it\/home_desk\/premio-cervignano-nostra-a-luciano-sartoretti\/","title":{"rendered":"Premio &#8220;Cervignano Nostra&#8221; a Luciano Sartoretti"},"content":{"rendered":"<p><span style=\"font-size: 10pt;\"><em>Luciano Sartoretti<\/em><\/span><\/p>\n<p>CERVIGNANO DEL FRIULI \u2013 Il <strong>Premio &#8220;Cervignano Nostra&#8221;<\/strong> sar\u00e0 assegnato a <strong>Luciano Sartoretti<\/strong>.<\/p>\n<p>A comunicarlo \u00e8 il presidente dell\u2019omonima associazione, <strong>Michele Tomaselli<\/strong>, che conferma l\u2019assegnazione al presidente della Credifriuli come da decisione dell\u2019assemblea dei soci riunitasi recentemente.<\/p>\n<p>Nell\u2019occasione sono stati affrontati i temi di conservazione e recupero del patrimonio storico, artistico e architettonico di Cervignano.<\/p>\n<p>In merito sono state avanzate alcune proposte per la <strong>riqualificazione di Casa Ponton<\/strong>.<\/p>\n<p>Infine \u00e8 stata espressa preoccupazione per l&#8217;insufficiente valorizzazione del mosaico di piazza Marconi, gi\u00e0 in precarie condizioni, preso atto che non verr\u00e0 pi\u00f9 realizzata la copertura di protezione.<\/p>\n<p>&#8220;Cervignano Nostra&#8221; lancia l\u2019ennesimo appello. \u00abChiediamo proposte di riqualificazione e protezione del Mosaico \u2013 afferma Tomaselli \u2013: \u00e8 dal 2006 che non riceviamo risposta. Idem per il tanto agognato progetto del Parco archeologico di San Michele che potrebbe rilanciare il turismo a Cervignano\u00bb.<\/p>\n<p>Lo stesso Tomaselli ha infine rispolverato una storia dimenticata di mala gestione del patrimonio artistico.<\/p>\n<p>Quella di \u201c<em>Il Mito di Orfeo<\/em>\u201d dell\u2019udinese <strong>Dino Basaldella<\/strong> (Udine, 1909 \u2013 Udine, 1977) scultore italiano, fratello degli artisti Afro e Mirko, opera\u00a0sgretolatasi sotto i colpi di un piccone, probabilmente per effetto dei lavori di ristrutturazione del Cinema Nuovo, rinominato poi Teatro Pasolini.<\/p>\n<p>Primo teatro italiano dedicato all\u2019intellettuale bolognese di nascita e friulano d\u2019adozione, in origine progettato da <strong>Ermes Midena<\/strong> e <strong>Leopoldo Francovigh<\/strong>,\u00a0negli anni 90 ritrasformato dall\u2019architetto <strong>Gino Valle<\/strong> nell\u2019accogliente sala polifunzionale da 384 posti, come la conosciamo oggi.<\/p>\n<p>\u201cEra il 1994. Grazie a un recente carteggio rinvenuto \u2013 racconta Tomaselli \u2013 scomparve un dipinto di valore eseguito secondo le cronache d\u2019allora da Dino Basaldella (e non da Afro Basaldella come si ipotizzava), ubicato sulla parete dell\u2019atrio del Cinema \u201cNuovo\u201d, tra il foyer e la platea. Venne distrutto per far posto a una porta sul muro\u201d.<\/p>\n<p>\u201cFu cancellata cos\u00ec per sempre \u2013 sottolinea Tomaselli \u2013 un\u2019opera di valore. In un\u2019intervista dell\u2019epoca Renato Vittor (oggi scomparso), ultimo operatore cinematografico del Cinema, raccontava che era stata realizzata su una base azzurra. Nel 1975 la ricopr\u00ec di vernice biancastra, anche se non completamente, tanto che alcune parti rimasero visibili. Poi cosa\u00a0sia successo veramente, oggi non \u00e8 chiaro a nessuno, rimane cos\u00ec il rammarico di averla perduta\u201d.<\/p>\n","protected":false},"excerpt":{"rendered":"<p>Al presidente di Credifriuli il riconoscimento dell&#8217;omonima associazione culturale dopo la recente assemblea<\/p>\n","protected":false},"author":22,"featured_media":53573,"comment_status":"closed","ping_status":"closed","sticky":false,"template":"","format":"image","meta":{"dwc-title":[""],"dwc-content":[""],"footnotes":""},"categories":[5],"tags":[119,1532,1533,540,1534],"class_list":["post-53572","post","type-post","status-publish","format-image","has-post-thumbnail","hentry","category-attualita","tag-cervignano","tag-cervignano-nostra","tag-credifriuli","tag-premi","tag-sartoretti","post_format-post-format-image"],"rttpg_featured_image_url":{"full":["https:\/\/imagazine.it\/wp-content\/uploads\/2024\/04\/Luciano-Sartoretti.jpg",1366,962,false],"landscape":["https:\/\/imagazine.it\/wp-content\/uploads\/2024\/04\/Luciano-Sartoretti.jpg",1366,962,false],"portraits":["https:\/\/imagazine.it\/wp-content\/uploads\/2024\/04\/Luciano-Sartoretti.jpg",1366,962,false],"thumbnail":["https:\/\/imagazine.it\/wp-content\/uploads\/2024\/04\/Luciano-Sartoretti-150x150.jpg",150,150,true],"medium":["https:\/\/imagazine.it\/wp-content\/uploads\/2024\/04\/Luciano-Sartoretti-300x211.jpg",300,211,true],"large":["https:\/\/imagazine.it\/wp-content\/uploads\/2024\/04\/Luciano-Sartoretti-1024x721.jpg",640,451,true],"thumblist":["https:\/\/imagazine.it\/wp-content\/uploads\/2024\/04\/Luciano-Sartoretti-300x300.jpg",300,300,true],"thumbrelated":["https:\/\/imagazine.it\/wp-content\/uploads\/2024\/04\/Luciano-Sartoretti-500x500.jpg",500,500,true],"meccarouselthumb":["https:\/\/imagazine.it\/wp-content\/uploads\/2024\/04\/Luciano-Sartoretti-474x324.jpg",474,324,true],"gridsquare":["https:\/\/imagazine.it\/wp-content\/uploads\/2024\/04\/Luciano-Sartoretti-391x260.jpg",391,260,true],"tileview":["https:\/\/imagazine.it\/wp-content\/uploads\/2024\/04\/Luciano-Sartoretti-300x400.jpg",300,400,true],"1536x1536":["https:\/\/imagazine.it\/wp-content\/uploads\/2024\/04\/Luciano-Sartoretti.jpg",1366,962,false],"2048x2048":["https:\/\/imagazine.it\/wp-content\/uploads\/2024\/04\/Luciano-Sartoretti.jpg",1366,962,false],"newsup-slider-full":["https:\/\/imagazine.it\/wp-content\/uploads\/2024\/04\/Luciano-Sartoretti-1280x720.jpg",1280,720,true],"newsup-featured":["https:\/\/imagazine.it\/wp-content\/uploads\/2024\/04\/Luciano-Sartoretti-1024x721.jpg",1024,721,true],"newsup-medium":["https:\/\/imagazine.it\/wp-content\/uploads\/2024\/04\/Luciano-Sartoretti-720x380.jpg",720,380,true],"tptn_thumbnail":["https:\/\/imagazine.it\/wp-content\/uploads\/2024\/04\/Luciano-Sartoretti-250x210.jpg",250,210,true],"sow-carousel-default":["https:\/\/imagazine.it\/wp-content\/uploads\/2024\/04\/Luciano-Sartoretti.jpg",258,182,false]},"rttpg_author":{"display_name":"Livio Nonis","author_link":"https:\/\/imagazine.it\/home_desk\/author\/nonis\/"},"rttpg_comment":0,"rttpg_category":"<a href=\"https:\/\/imagazine.it\/home_desk\/category\/attualita\/\" rel=\"category tag\">ATTUALIT\u00c0<\/a>","rttpg_excerpt":"Al presidente di Credifriuli il riconoscimento dell'omonima associazione culturale dopo la recente assemblea","_links":{"self":[{"href":"https:\/\/imagazine.it\/home_desk\/wp-json\/wp\/v2\/posts\/53572","targetHints":{"allow":["GET"]}}],"collection":[{"href":"https:\/\/imagazine.it\/home_desk\/wp-json\/wp\/v2\/posts"}],"about":[{"href":"https:\/\/imagazine.it\/home_desk\/wp-json\/wp\/v2\/types\/post"}],"author":[{"embeddable":true,"href":"https:\/\/imagazine.it\/home_desk\/wp-json\/wp\/v2\/users\/22"}],"replies":[{"embeddable":true,"href":"https:\/\/imagazine.it\/home_desk\/wp-json\/wp\/v2\/comments?post=53572"}],"version-history":[{"count":0,"href":"https:\/\/imagazine.it\/home_desk\/wp-json\/wp\/v2\/posts\/53572\/revisions"}],"wp:featuredmedia":[{"embeddable":true,"href":"https:\/\/imagazine.it\/home_desk\/wp-json\/wp\/v2\/media\/53573"}],"wp:attachment":[{"href":"https:\/\/imagazine.it\/home_desk\/wp-json\/wp\/v2\/media?parent=53572"}],"wp:term":[{"taxonomy":"category","embeddable":true,"href":"https:\/\/imagazine.it\/home_desk\/wp-json\/wp\/v2\/categories?post=53572"},{"taxonomy":"post_tag","embeddable":true,"href":"https:\/\/imagazine.it\/home_desk\/wp-json\/wp\/v2\/tags?post=53572"}],"curies":[{"name":"wp","href":"https:\/\/api.w.org\/{rel}","templated":true}]}}