{"id":53559,"date":"2024-04-08T12:12:23","date_gmt":"2024-04-08T10:12:23","guid":{"rendered":"https:\/\/imagazine.it\/home_desk\/?p=53559"},"modified":"2024-04-10T12:37:52","modified_gmt":"2024-04-10T10:37:52","slug":"kirill-petrenko-dirigera-la-gmjo-a-pordenone","status":"publish","type":"post","link":"https:\/\/imagazine.it\/home_desk\/kirill-petrenko-dirigera-la-gmjo-a-pordenone\/","title":{"rendered":"Kirill Petrenko diriger\u00e0 la Gmjo a Pordenone"},"content":{"rendered":"<p><em><span style=\"font-size: 10pt;\">Kirill Petrenko (\u00a9 Wilfried H\u00f6sl)<\/span><\/em><\/p>\n<p>PORDENONE \u2013 Torna in citt\u00e0 per il nono anno consecutivo la <strong>Gmjo &#8211; Gustav Mahler Jugendorchester <\/strong>per la tradizionale residenza artistica che quest\u2019anno<strong> raddoppia<\/strong> con una <strong>presenza primaverile <\/strong>\u2013<strong> tra il 20 maggio e il 1\u00b0 giugno<\/strong> \u2013 e una <strong>seconda residenza estiva nel mese di agosto<\/strong>.<\/p>\n<p>Per oltre trenta giorni, suddivisi nei due periodi, la pi\u00f9 celebrata Orchestra giovanile al mondo, composta da un<strong> centinaio dei pi\u00f9 talentuosi giovani musicisti <\/strong>in circolazione, terr\u00e0 le sue sessioni di prova al Verdi sotto il coordinamento del direttore tedesco<strong> Christian Blex<\/strong> e da<strong> nove tutor, <\/strong>provenienti dalle pi\u00f9 importanti realt\u00e0 musicali internazionali.<\/p>\n<figure id=\"attachment_53561\" aria-describedby=\"caption-attachment-53561\" style=\"width: 640px\" class=\"wp-caption aligncenter\"><img loading=\"lazy\" decoding=\"async\" class=\"wp-image-53561 size-large\" src=\"https:\/\/imagazine.it\/wp-content\/uploads\/2024\/04\/gustav-mahler-jugendorchester2-1024x512.jpg\" alt=\"Gustav Mahler Jugendorchester\" width=\"640\" height=\"320\" title=\"\" srcset=\"https:\/\/imagazine.it\/wp-content\/uploads\/2024\/04\/gustav-mahler-jugendorchester2-1024x512.jpg 1024w, https:\/\/imagazine.it\/wp-content\/uploads\/2024\/04\/gustav-mahler-jugendorchester2-300x150.jpg 300w, https:\/\/imagazine.it\/wp-content\/uploads\/2024\/04\/gustav-mahler-jugendorchester2-768x384.jpg 768w, https:\/\/imagazine.it\/wp-content\/uploads\/2024\/04\/gustav-mahler-jugendorchester2.jpg 1366w\" sizes=\"auto, (max-width: 640px) 100vw, 640px\" \/><figcaption id=\"caption-attachment-53561\" class=\"wp-caption-text\">Gustav Mahler Jugendorchester<\/figcaption><\/figure>\n<p>L\u2019elevato livello artistico dei giovani musicisti dell\u2019Orchestra fondata nel 1986 da <strong>Claudio Abbado<\/strong> \u2013 di cui quest\u2019anno ricorre il decimo anniversario dalla morte \u2013 tutti di et\u00e0 compresa tra i 18 e i 26 anni, \u00e8 definito da severe audizioni annuali che si svolgono in 25 citt\u00e0 europee tra pi\u00f9 di 2.500 candidati.<\/p>\n<p>Spicca, a suggello della residenza primaverile, il <strong>concerto<\/strong> di<strong> debutto italiano ed europeo dello <em>Spring Tour 2024<\/em> <\/strong>diretto da <strong>Kirill Petrenko<\/strong>, direttore dei <em>Berliner Philharmoniker<\/em>, considerato il<strong> massimo direttore d\u2019orchestra in attivit\u00e0<\/strong>, per la prima volta alla guida della Gmjo.<\/p>\n<p>Al Verdi, il prossimo 1\u00b0 giugno, Petrenko diriger\u00e0, <strong>per la prima volta in carriera<\/strong>, un monumento del sinfonismo tardo romantico, la <strong><em>Quinta Sinfonia<\/em> di Anton Bruckner<\/strong>, per<strong> celebrare i 200 anni dalla nascita del grande compositore austriaco<\/strong> in quello che si profila come un evento dalle proporzioni storiche per la nostra regione.<\/p>\n<p>Il <strong>27 maggio<\/strong>, invece, il direttore <strong>Christian Blex<\/strong> \u2013 membro della Karajan-Akademie dei Berliner Philharmoniker nonch\u00e9 assistente di Kirill Petrenko dal 2022 \u2013 diriger\u00e0 la Gmjo in un <strong>concerto esclusivo su musiche di Sch\u00f6nberg e Brahms<\/strong>.<\/p>\n<p>\u00abLa permanenza a Pordenone di un cos\u00ec folto numero di giovani musicisti muta il volto degli spazi urbani della citt\u00e0, animandoli di un vivace spirito europeo \u2013 spiega il presidente del Verdi,<strong> Giovanni Lessio <\/strong>\u2013. L\u2019ambizione \u00e8 quella di far diventare Pordenone un punto d\u2019interesse sempre pi\u00f9 riconoscibile per i giovani europei che amano la musica classica: a partire da quest\u2019anno, concretizzeremo la nascita di un <strong>vero e proprio festival estivo,<\/strong> con un palinsesto di musica da camera e solistica dedicato ai pi\u00f9 meritevoli giovani talenti d\u2019Italia e d\u2019Europa, che sar\u00e0 presentato il prossimo mese di maggio\u00bb.<\/p>\n<figure id=\"attachment_53560\" aria-describedby=\"caption-attachment-53560\" style=\"width: 640px\" class=\"wp-caption aligncenter\"><img loading=\"lazy\" decoding=\"async\" class=\"wp-image-53560 size-large\" src=\"https:\/\/imagazine.it\/wp-content\/uploads\/2024\/04\/presidente-lessio-1024x630.jpg\" alt=\"Giovanni Lessio\" width=\"640\" height=\"394\" title=\"\" srcset=\"https:\/\/imagazine.it\/wp-content\/uploads\/2024\/04\/presidente-lessio-1024x630.jpg 1024w, https:\/\/imagazine.it\/wp-content\/uploads\/2024\/04\/presidente-lessio-300x185.jpg 300w, https:\/\/imagazine.it\/wp-content\/uploads\/2024\/04\/presidente-lessio-768x473.jpg 768w, https:\/\/imagazine.it\/wp-content\/uploads\/2024\/04\/presidente-lessio.jpg 1366w\" sizes=\"auto, (max-width: 640px) 100vw, 640px\" \/><figcaption id=\"caption-attachment-53560\" class=\"wp-caption-text\">Giovanni Lessio<\/figcaption><\/figure>\n<p>Aperte online e in biglietteria le prevendite per i due concerti. Da segnalare le particolari condizioni per i pi\u00f9 giovani: <strong>prezzi speciali<\/strong> per gli<strong> Under26 biglietti <\/strong>a partire da 10 euro per il concerto del 27 maggio e a partire da 30 euro per il concerto del 1\u00b0 giugno.<\/p>\n<p>Al concerto del 27 maggio le classi o i gruppi di studenti delle Scuole potranno accedere con un biglietto a 5 euro (prenotazioni da effettuare a scuola@teatroverdipordenone.it).<\/p>\n<p>\u00abIl prezzo particolarmente favorevole riservato ai giovani delle scuole rientra nell\u2019obiettivo di avvicinare questo segmento di pubblico alla musica classica \u2013 conclude Lessio \u2013 nella convinzione che educare alla musica sia un valore che il Teatro intende tenacemente perseguire per favorire la crescita culturale di tutta la societ\u00e0\u00bb.<\/p>\n","protected":false},"excerpt":{"rendered":"<p>A giugno concerto evento per celebrare i 200 anni dalla nascita del grande compositore austriaco Anton Bruckner<\/p>\n","protected":false},"author":28,"featured_media":53564,"comment_status":"closed","ping_status":"closed","sticky":false,"template":"","format":"image","meta":{"dwc-title":[""],"dwc-content":[""],"footnotes":""},"categories":[37],"tags":[102,261,826,55,275],"class_list":["post-53559","post","type-post","status-publish","format-image","has-post-thumbnail","hentry","category-cultura-e-spettacolo","tag-concerto","tag-eventi","tag-eventi-fvg","tag-musica","tag-pordenone","post_format-post-format-image"],"rttpg_featured_image_url":{"full":["https:\/\/imagazine.it\/wp-content\/uploads\/2024\/04\/Kirill-Petrenko.jpg",1366,911,false],"landscape":["https:\/\/imagazine.it\/wp-content\/uploads\/2024\/04\/Kirill-Petrenko.jpg",1366,911,false],"portraits":["https:\/\/imagazine.it\/wp-content\/uploads\/2024\/04\/Kirill-Petrenko.jpg",1366,911,false],"thumbnail":["https:\/\/imagazine.it\/wp-content\/uploads\/2024\/04\/Kirill-Petrenko-150x150.jpg",150,150,true],"medium":["https:\/\/imagazine.it\/wp-content\/uploads\/2024\/04\/Kirill-Petrenko-300x200.jpg",300,200,true],"large":["https:\/\/imagazine.it\/wp-content\/uploads\/2024\/04\/Kirill-Petrenko-1024x683.jpg",640,427,true],"thumblist":["https:\/\/imagazine.it\/wp-content\/uploads\/2024\/04\/Kirill-Petrenko-300x300.jpg",300,300,true],"thumbrelated":["https:\/\/imagazine.it\/wp-content\/uploads\/2024\/04\/Kirill-Petrenko-500x500.jpg",500,500,true],"meccarouselthumb":["https:\/\/imagazine.it\/wp-content\/uploads\/2024\/04\/Kirill-Petrenko-474x324.jpg",474,324,true],"gridsquare":["https:\/\/imagazine.it\/wp-content\/uploads\/2024\/04\/Kirill-Petrenko-391x260.jpg",391,260,true],"tileview":["https:\/\/imagazine.it\/wp-content\/uploads\/2024\/04\/Kirill-Petrenko-300x400.jpg",300,400,true],"1536x1536":["https:\/\/imagazine.it\/wp-content\/uploads\/2024\/04\/Kirill-Petrenko.jpg",1366,911,false],"2048x2048":["https:\/\/imagazine.it\/wp-content\/uploads\/2024\/04\/Kirill-Petrenko.jpg",1366,911,false],"newsup-slider-full":["https:\/\/imagazine.it\/wp-content\/uploads\/2024\/04\/Kirill-Petrenko-1280x720.jpg",1280,720,true],"newsup-featured":["https:\/\/imagazine.it\/wp-content\/uploads\/2024\/04\/Kirill-Petrenko-1024x683.jpg",1024,683,true],"newsup-medium":["https:\/\/imagazine.it\/wp-content\/uploads\/2024\/04\/Kirill-Petrenko-720x380.jpg",720,380,true],"tptn_thumbnail":["https:\/\/imagazine.it\/wp-content\/uploads\/2024\/04\/Kirill-Petrenko-250x210.jpg",250,210,true],"sow-carousel-default":["https:\/\/imagazine.it\/wp-content\/uploads\/2024\/04\/Kirill-Petrenko.jpg",272,182,false]},"rttpg_author":{"display_name":"redazione","author_link":"https:\/\/imagazine.it\/home_desk\/author\/redazione\/"},"rttpg_comment":0,"rttpg_category":"<a href=\"https:\/\/imagazine.it\/home_desk\/category\/cultura-e-spettacolo\/\" rel=\"category tag\">CULTURA&amp;SPETTACOLO<\/a>","rttpg_excerpt":"A giugno concerto evento per celebrare i 200 anni dalla nascita del grande compositore austriaco Anton Bruckner","_links":{"self":[{"href":"https:\/\/imagazine.it\/home_desk\/wp-json\/wp\/v2\/posts\/53559","targetHints":{"allow":["GET"]}}],"collection":[{"href":"https:\/\/imagazine.it\/home_desk\/wp-json\/wp\/v2\/posts"}],"about":[{"href":"https:\/\/imagazine.it\/home_desk\/wp-json\/wp\/v2\/types\/post"}],"author":[{"embeddable":true,"href":"https:\/\/imagazine.it\/home_desk\/wp-json\/wp\/v2\/users\/28"}],"replies":[{"embeddable":true,"href":"https:\/\/imagazine.it\/home_desk\/wp-json\/wp\/v2\/comments?post=53559"}],"version-history":[{"count":0,"href":"https:\/\/imagazine.it\/home_desk\/wp-json\/wp\/v2\/posts\/53559\/revisions"}],"wp:featuredmedia":[{"embeddable":true,"href":"https:\/\/imagazine.it\/home_desk\/wp-json\/wp\/v2\/media\/53564"}],"wp:attachment":[{"href":"https:\/\/imagazine.it\/home_desk\/wp-json\/wp\/v2\/media?parent=53559"}],"wp:term":[{"taxonomy":"category","embeddable":true,"href":"https:\/\/imagazine.it\/home_desk\/wp-json\/wp\/v2\/categories?post=53559"},{"taxonomy":"post_tag","embeddable":true,"href":"https:\/\/imagazine.it\/home_desk\/wp-json\/wp\/v2\/tags?post=53559"}],"curies":[{"name":"wp","href":"https:\/\/api.w.org\/{rel}","templated":true}]}}