{"id":53540,"date":"2024-04-05T19:15:04","date_gmt":"2024-04-05T17:15:04","guid":{"rendered":"https:\/\/imagazine.it\/home_desk\/?p=53540"},"modified":"2024-04-08T11:52:11","modified_gmt":"2024-04-08T09:52:11","slug":"alberi-monumentali-contributi-per-la-salvaguardia","status":"publish","type":"post","link":"https:\/\/imagazine.it\/home_desk\/alberi-monumentali-contributi-per-la-salvaguardia\/","title":{"rendered":"Alberi monumentali: contributi per la salvaguardia"},"content":{"rendered":"<p>CODROIPO \u2013 Villa Manin di Passariano ha ospitato la giornata tecnica dal titolo &#8220;<em>Alberi monumentali Fvg: norme tecniche e regolamento per la concessione di contributi<\/em>&#8220;.<\/p>\n<p>Scopo dell&#8217;incontro l&#8217;approfondimento delle novit\u00e0 introdotte dal nuovo regolamento redatto dal gruppo di lavoro &#8220;Alberi e verde urbano&#8221;, che vede Regione e enti locali lavorare assieme sul tema della <strong>cura e salvaguardia degli alberi monumentali<\/strong> e per <strong>assicurare specifiche linee contributive<\/strong>.<\/p>\n<p>&#8220;Il <strong>Friuli Venezia Giulia \u00e8 la regione con il maggior numero di alberi censiti<\/strong> (1.465, circa il 10% del totale in Italia) e la prima ad aver istituito anche la categoria degli alberi notevoli (di cui fanno parte circa 500 esemplari), ovvero quelli che crescendo potrebbero in futuro diventare monumentali. Abbiamo innovato in modo importante il regolamento preesistente per sostenere tutte le nostre Amministrazioni comunali, dalle pi\u00f9 grandi alle pi\u00f9 piccole, nell&#8217;attivit\u00e0 di gestione del verde pubblico&#8221;, ha affermato l&#8217;assessore regionale alle Infrastrutture e Territorio, <strong>Cristina Amirante<\/strong>.<\/p>\n<p><iframe loading=\"lazy\" title=\"Contributi per gli alberi monumentali\" width=\"640\" height=\"360\" src=\"https:\/\/www.youtube.com\/embed\/atoOxt0-BS8?feature=oembed\" frameborder=\"0\" allow=\"accelerometer; autoplay; clipboard-write; encrypted-media; gyroscope; picture-in-picture; web-share\" referrerpolicy=\"strict-origin-when-cross-origin\" allowfullscreen><\/iframe><\/p>\n<p>Le principali novit\u00e0 contenute nella norma riguardano l&#8217;estensione della contribuzione a <strong>piani di gestione su base triennale<\/strong> (anzich\u00e9 annuale) e nuove linee guida che includono la gestione di alberi notevoli e di pregio.<\/p>\n<p>&#8220;Piante di simili dimensioni ed et\u00e0 \u2013 ha osservato l&#8217;assessore \u2013 necessitano di interventi di lunga programmazione per essere mantenute nel tempo. Inoltre, \u00e8 importante fare in modo di rendere meno frammentata l&#8217;estensione del verde urbano sul territorio e, a tale scopo, \u00e8 stato definito un impianto regolatorio di gestione uniforme per tutte le aree della regione&#8221;.<\/p>\n<p>Il gruppo di lavoro Regione &#8211; enti locali che ha elaborato il regolamento, istituito alla fine del 2023, riunisce gli esperti del settore del territorio e vede come <strong>Comuni capigruppo<\/strong> le Amministrazioni di <strong>Gorizia, Grado, Pordenone, Tavagnacco, Trieste e Udine<\/strong>.<\/p>\n<p>Le <strong>domande di contributo<\/strong> potranno essere effettuate <strong>dall&#8217;1 al 31 maggio <\/strong>prossimi a valere sul 2024, utilizzando il portale istituzionale online della Regione Friuli Venezia Giulia.<\/p>\n","protected":false},"excerpt":{"rendered":"<p>I Comuni potranno presentare domanda entro il 31 maggio. FVG regione con il maggior numero di esemplari censiti<\/p>\n","protected":false},"author":28,"featured_media":53541,"comment_status":"closed","ping_status":"closed","sticky":false,"template":"","format":"image","meta":{"dwc-title":[""],"dwc-content":[""],"footnotes":""},"categories":[5],"tags":[1524,66,63,1525],"class_list":["post-53540","post","type-post","status-publish","format-image","has-post-thumbnail","hentry","category-attualita","tag-alberi","tag-ambiente","tag-codroipo","tag-verde","post_format-post-format-image"],"rttpg_featured_image_url":{"full":["https:\/\/imagazine.it\/wp-content\/uploads\/2024\/04\/albero-monumentale.jpg",1366,931,false],"landscape":["https:\/\/imagazine.it\/wp-content\/uploads\/2024\/04\/albero-monumentale.jpg",1366,931,false],"portraits":["https:\/\/imagazine.it\/wp-content\/uploads\/2024\/04\/albero-monumentale.jpg",1366,931,false],"thumbnail":["https:\/\/imagazine.it\/wp-content\/uploads\/2024\/04\/albero-monumentale-150x150.jpg",150,150,true],"medium":["https:\/\/imagazine.it\/wp-content\/uploads\/2024\/04\/albero-monumentale-300x204.jpg",300,204,true],"large":["https:\/\/imagazine.it\/wp-content\/uploads\/2024\/04\/albero-monumentale-1024x698.jpg",640,436,true],"thumblist":["https:\/\/imagazine.it\/wp-content\/uploads\/2024\/04\/albero-monumentale-300x300.jpg",300,300,true],"thumbrelated":["https:\/\/imagazine.it\/wp-content\/uploads\/2024\/04\/albero-monumentale-500x500.jpg",500,500,true],"meccarouselthumb":["https:\/\/imagazine.it\/wp-content\/uploads\/2024\/04\/albero-monumentale-474x324.jpg",474,324,true],"gridsquare":["https:\/\/imagazine.it\/wp-content\/uploads\/2024\/04\/albero-monumentale-391x260.jpg",391,260,true],"tileview":["https:\/\/imagazine.it\/wp-content\/uploads\/2024\/04\/albero-monumentale-300x400.jpg",300,400,true],"1536x1536":["https:\/\/imagazine.it\/wp-content\/uploads\/2024\/04\/albero-monumentale.jpg",1366,931,false],"2048x2048":["https:\/\/imagazine.it\/wp-content\/uploads\/2024\/04\/albero-monumentale.jpg",1366,931,false],"newsup-slider-full":["https:\/\/imagazine.it\/wp-content\/uploads\/2024\/04\/albero-monumentale-1280x720.jpg",1280,720,true],"newsup-featured":["https:\/\/imagazine.it\/wp-content\/uploads\/2024\/04\/albero-monumentale-1024x698.jpg",1024,698,true],"newsup-medium":["https:\/\/imagazine.it\/wp-content\/uploads\/2024\/04\/albero-monumentale-720x380.jpg",720,380,true],"tptn_thumbnail":["https:\/\/imagazine.it\/wp-content\/uploads\/2024\/04\/albero-monumentale-250x210.jpg",250,210,true],"sow-carousel-default":["https:\/\/imagazine.it\/wp-content\/uploads\/2024\/04\/albero-monumentale.jpg",267,182,false]},"rttpg_author":{"display_name":"redazione","author_link":"https:\/\/imagazine.it\/home_desk\/author\/redazione\/"},"rttpg_comment":0,"rttpg_category":"<a href=\"https:\/\/imagazine.it\/home_desk\/category\/attualita\/\" rel=\"category tag\">ATTUALIT\u00c0<\/a>","rttpg_excerpt":"I Comuni potranno presentare domanda entro il 31 maggio. FVG regione con il maggior numero di esemplari censiti","_links":{"self":[{"href":"https:\/\/imagazine.it\/home_desk\/wp-json\/wp\/v2\/posts\/53540","targetHints":{"allow":["GET"]}}],"collection":[{"href":"https:\/\/imagazine.it\/home_desk\/wp-json\/wp\/v2\/posts"}],"about":[{"href":"https:\/\/imagazine.it\/home_desk\/wp-json\/wp\/v2\/types\/post"}],"author":[{"embeddable":true,"href":"https:\/\/imagazine.it\/home_desk\/wp-json\/wp\/v2\/users\/28"}],"replies":[{"embeddable":true,"href":"https:\/\/imagazine.it\/home_desk\/wp-json\/wp\/v2\/comments?post=53540"}],"version-history":[{"count":0,"href":"https:\/\/imagazine.it\/home_desk\/wp-json\/wp\/v2\/posts\/53540\/revisions"}],"wp:featuredmedia":[{"embeddable":true,"href":"https:\/\/imagazine.it\/home_desk\/wp-json\/wp\/v2\/media\/53541"}],"wp:attachment":[{"href":"https:\/\/imagazine.it\/home_desk\/wp-json\/wp\/v2\/media?parent=53540"}],"wp:term":[{"taxonomy":"category","embeddable":true,"href":"https:\/\/imagazine.it\/home_desk\/wp-json\/wp\/v2\/categories?post=53540"},{"taxonomy":"post_tag","embeddable":true,"href":"https:\/\/imagazine.it\/home_desk\/wp-json\/wp\/v2\/tags?post=53540"}],"curies":[{"name":"wp","href":"https:\/\/api.w.org\/{rel}","templated":true}]}}