{"id":53456,"date":"2024-04-04T12:35:47","date_gmt":"2024-04-04T10:35:47","guid":{"rendered":"https:\/\/imagazine.it\/home_desk\/?p=53456"},"modified":"2024-04-04T12:35:47","modified_gmt":"2024-04-04T10:35:47","slug":"pallacanestro-trieste-ingaggia-leo-menalo","status":"publish","type":"post","link":"https:\/\/imagazine.it\/home_desk\/pallacanestro-trieste-ingaggia-leo-menalo\/","title":{"rendered":"Pallacanestro Trieste ingaggia Leo Menalo"},"content":{"rendered":"<p>TRIESTE <i>\u2013 <\/i>Il roster della <strong>Pallacanestro Trieste<\/strong> si rinforza con l&#8217;innesto di <b>Leo Menalo<\/b>,\u00a0<b>ala<\/b>\u00a0<b>classe<\/b>\u00a0<b>2002,<\/b>\u00a0croato di nascita ma di formazione italiana.<b>\u00a0<\/b><\/p>\n<p>Arriva a Trieste dopo aver trascorso le ultime due stagioni tra le fila della\u00a0<b>Virtus<\/b>\u00a0<b>Segafredo<\/b>\u00a0<b>Bologna<\/b>, sotto la guida prima di Sergio Scariolo e poi di Luca Banchi.<\/p>\n<p><i>&#8220;Siamo entusiasti di avere Leo nella nostra squadra in questo momento cruciale della stagione \u2013\u00a0<\/i>il commento del\u00a0<b>General Manager biancorosso Michael Arcieri<\/b><i>\u00a0&#8211; \u00c8 un giovane di grande carattere, passione per il gioco e un&#8217;eccellente etica del lavoro. Porter\u00e0 abilit\u00e0, atletismo e versatilit\u00e0 al nostro roster su entrambi i lati del campo. Diamo il benvenuto a Leo e alla sua famiglia a Trieste con calore ed entusiasmo.&#8221;.<\/i><\/p>\n<p>Leo inizia la sua formazione cestistica nelle giovanili del\u00a0<b>K.K.<\/b>\u00a0<b>Cibona\u00a0<\/b>di Zagabria, ma \u00e8 in Italia, alla\u00a0<b>Stella Azzurra Roma<\/b>, che cresce guadagnandosi minuti sul parquet capitolino a partire dalla stagione\u00a0<b>2018\/2019<\/b>. Per tre stagioni milita in\u00a0<b>Serie A2<\/b>\u00a0alternando la maglia della Stella Azzurra a quella dei\u00a0<b>Roseto Sharks,\u00a0<\/b>dove gioca in prestito il campionato\u00a0<b>2019\/2020<\/b>. Il suo atletismo, l\u2019abnegazione al lavoro e la sua intelligenza cestistica gli valgono nella stagione\u00a0<b>2022\/2023<\/b>\u00a0la chiamata alla corte di\u00a0<b>Sergio Scariolo<\/b>, alla\u00a0<b>Virtus Segafredo Bologna<\/b>, dove ha giocato fino a oggi.<\/p>\n<p>Considerato uno dei\u00a0<b>Top Prospects<\/b>\u00a0europei per i nati nel 2002, grazie ai suoi 208 cm per 95 kg, riesce a essere un\u2019individualit\u00e0 importante in attacco, in grado di giocare bene nel pitturato, ma dotato anche di una mano educata.<\/p>\n<p>Nel 2022 indossa la maglia della Nazionale Croata U20 ai\u00a0<b>Campionati Europei\u00a0<\/b>di categoria in Montenegro dove fa segnare una media di 14 punti conditi da 4,4 rimbalzi.<\/p>\n","protected":false},"excerpt":{"rendered":"<p>L&#8217;ala croata, classe 2002, arriva dalla Virtus Bologna. Arcieri: &#8220;Porter\u00e0 abilit\u00e0, atletismo e versatilit\u00e0 al nostro roster su entrambi i lati del campo&#8221;<\/p>\n","protected":false},"author":28,"featured_media":53457,"comment_status":"closed","ping_status":"closed","sticky":false,"template":"","format":"image","meta":{"dwc-title":[""],"dwc-content":[""],"footnotes":""},"categories":[38],"tags":[255,1495,1103,65],"class_list":["post-53456","post","type-post","status-publish","format-image","has-post-thumbnail","hentry","category-sport","tag-basket","tag-menalo","tag-pallacanestro","tag-trieste","post_format-post-format-image"],"rttpg_featured_image_url":{"full":["https:\/\/imagazine.it\/wp-content\/uploads\/2024\/04\/menalo.jpg",1366,1193,false],"landscape":["https:\/\/imagazine.it\/wp-content\/uploads\/2024\/04\/menalo.jpg",1366,1193,false],"portraits":["https:\/\/imagazine.it\/wp-content\/uploads\/2024\/04\/menalo.jpg",1366,1193,false],"thumbnail":["https:\/\/imagazine.it\/wp-content\/uploads\/2024\/04\/menalo-150x150.jpg",150,150,true],"medium":["https:\/\/imagazine.it\/wp-content\/uploads\/2024\/04\/menalo-300x262.jpg",300,262,true],"large":["https:\/\/imagazine.it\/wp-content\/uploads\/2024\/04\/menalo-1024x894.jpg",640,559,true],"thumblist":["https:\/\/imagazine.it\/wp-content\/uploads\/2024\/04\/menalo-300x300.jpg",300,300,true],"thumbrelated":["https:\/\/imagazine.it\/wp-content\/uploads\/2024\/04\/menalo-500x500.jpg",500,500,true],"meccarouselthumb":["https:\/\/imagazine.it\/wp-content\/uploads\/2024\/04\/menalo-474x324.jpg",474,324,true],"gridsquare":["https:\/\/imagazine.it\/wp-content\/uploads\/2024\/04\/menalo-391x260.jpg",391,260,true],"tileview":["https:\/\/imagazine.it\/wp-content\/uploads\/2024\/04\/menalo-300x400.jpg",300,400,true],"1536x1536":["https:\/\/imagazine.it\/wp-content\/uploads\/2024\/04\/menalo.jpg",1366,1193,false],"2048x2048":["https:\/\/imagazine.it\/wp-content\/uploads\/2024\/04\/menalo.jpg",1366,1193,false],"newsup-slider-full":["https:\/\/imagazine.it\/wp-content\/uploads\/2024\/04\/menalo-1280x720.jpg",1280,720,true],"newsup-featured":["https:\/\/imagazine.it\/wp-content\/uploads\/2024\/04\/menalo-1024x894.jpg",1024,894,true],"newsup-medium":["https:\/\/imagazine.it\/wp-content\/uploads\/2024\/04\/menalo-720x380.jpg",720,380,true],"tptn_thumbnail":["https:\/\/imagazine.it\/wp-content\/uploads\/2024\/04\/menalo-250x210.jpg",250,210,true],"sow-carousel-default":["https:\/\/imagazine.it\/wp-content\/uploads\/2024\/04\/menalo.jpg",208,182,false]},"rttpg_author":{"display_name":"redazione","author_link":"https:\/\/imagazine.it\/home_desk\/author\/redazione\/"},"rttpg_comment":0,"rttpg_category":"<a href=\"https:\/\/imagazine.it\/home_desk\/category\/sport\/\" rel=\"category tag\">SPORT<\/a>","rttpg_excerpt":"L'ala croata, classe 2002, arriva dalla Virtus Bologna. Arcieri: \"Porter\u00e0 abilit\u00e0, atletismo e versatilit\u00e0 al nostro roster su entrambi i lati del campo\"","_links":{"self":[{"href":"https:\/\/imagazine.it\/home_desk\/wp-json\/wp\/v2\/posts\/53456","targetHints":{"allow":["GET"]}}],"collection":[{"href":"https:\/\/imagazine.it\/home_desk\/wp-json\/wp\/v2\/posts"}],"about":[{"href":"https:\/\/imagazine.it\/home_desk\/wp-json\/wp\/v2\/types\/post"}],"author":[{"embeddable":true,"href":"https:\/\/imagazine.it\/home_desk\/wp-json\/wp\/v2\/users\/28"}],"replies":[{"embeddable":true,"href":"https:\/\/imagazine.it\/home_desk\/wp-json\/wp\/v2\/comments?post=53456"}],"version-history":[{"count":0,"href":"https:\/\/imagazine.it\/home_desk\/wp-json\/wp\/v2\/posts\/53456\/revisions"}],"wp:featuredmedia":[{"embeddable":true,"href":"https:\/\/imagazine.it\/home_desk\/wp-json\/wp\/v2\/media\/53457"}],"wp:attachment":[{"href":"https:\/\/imagazine.it\/home_desk\/wp-json\/wp\/v2\/media?parent=53456"}],"wp:term":[{"taxonomy":"category","embeddable":true,"href":"https:\/\/imagazine.it\/home_desk\/wp-json\/wp\/v2\/categories?post=53456"},{"taxonomy":"post_tag","embeddable":true,"href":"https:\/\/imagazine.it\/home_desk\/wp-json\/wp\/v2\/tags?post=53456"}],"curies":[{"name":"wp","href":"https:\/\/api.w.org\/{rel}","templated":true}]}}